{"id":67279,"date":"2015-06-09T17:00:26","date_gmt":"2015-06-09T20:00:26","guid":{"rendered":"http:\/\/www.24baires.com\/?p=67279"},"modified":"2015-06-09T16:55:45","modified_gmt":"2015-06-09T19:55:45","slug":"gremios-opositores-amenazan-con-mas-medidas-de-fuerza","status":"publish","type":"post","link":"http:\/\/www.24baires.com\/?p=67279","title":{"rendered":"Gremios opositores amenazan con m\u00e1s medidas de fuerza"},"content":{"rendered":"<p><img data-recalc-dims=\"1\" loading=\"lazy\" decoding=\"async\" class=\"aligncenter size-full wp-image-67280\" src=\"https:\/\/i0.wp.com\/www.24baires.com\/wp-content\/uploads\/2015\/06\/eje-sindical.jpg?resize=560%2C318\" alt=\"eje sindical\" width=\"560\" height=\"318\" srcset=\"https:\/\/i0.wp.com\/www.24baires.com\/wp-content\/uploads\/2015\/06\/eje-sindical.jpg?w=560 560w, https:\/\/i0.wp.com\/www.24baires.com\/wp-content\/uploads\/2015\/06\/eje-sindical.jpg?resize=300%2C170 300w\" sizes=\"auto, (max-width: 560px) 100vw, 560px\" \/>\u00abVamos a seguir aplicando las medidas que sean necesarias para preservar las reivindicaciones de los trabajadores\u00bb, expres\u00f3 Hugo Moyano en conferencia de prensa. <!--more--><\/p>\n<p>\u00abSi es necesario, vamos a seguir aplicando las medidas que hist\u00f3ricamente preservaron los derechos de los trabajadores\u00bb, desafi\u00f3 Moyano durante la conferencia de prensa que encabez\u00f3 junto al titular de la CTA Aut\u00f3noma, Pablo Micheli, y el l\u00edder de la CGT Azul y Blanca, Luis Barrionuevo; entre otros.<\/p>\n<p>A su turno, Micheli sostuvo que \u00abel gobierno nacional debe convocar al di\u00e1logo para resolver estos problemas\u00bb.<\/p>\n<p>&nbsp;<\/p>\n<p>&nbsp;<\/p>\n<p>&nbsp;<\/p>\n<p>&nbsp;<\/p>\n<p>&nbsp;<\/p>\n<p>&nbsp;<\/p>\n<p>&nbsp;<\/p>\n<p>&nbsp;<\/p>\n<p>&nbsp;<\/p>\n<p>&nbsp;<\/p>\n<p>&nbsp;<\/p>\n<p>&nbsp;<\/p>\n<p>&nbsp;<\/p>\n<p>&nbsp;<\/p>\n<p>&nbsp;<\/p>\n<p>&nbsp;<\/p>\n<p>&nbsp;<\/p>\n","protected":false},"excerpt":{"rendered":"<p>\u00abVamos a seguir aplicando las medidas que sean necesarias para preservar las reivindicaciones de los trabajadores\u00bb, expres\u00f3 Hugo Moyano en conferencia de prensa.<\/p>\n","protected":false},"author":8,"featured_media":0,"comment_status":"open","ping_status":"open","sticky":false,"template":"","format":"standard","meta":{"_jetpack_newsletter_access":"","_jetpack_dont_email_post_to_subs":false,"_jetpack_newsletter_tier_id":0,"_jetpack_memberships_contains_paywalled_content":false,"_jetpack_memberships_contains_paid_content":false,"footnotes":""},"categories":[51],"tags":[],"class_list":["post-67279","post","type-post","status-publish","format-standard","hentry","category-politica"],"jetpack_shortlink":"https:\/\/wp.me\/p2JWE0-hv9","jetpack-related-posts":[{"id":106187,"url":"http:\/\/www.24baires.com\/?p=106187","url_meta":{"origin":67279,"position":0},"title":"Camioneros y la CTA preparan medidas de fuerza contra los tarifazos","author":"GB","date":"03\/01\/2019","format":false,"excerpt":"Los gremios de los Moyano, Pablo Micheli y Hugo Yasky brindar\u00e1n una conferencia de prensa para anunciar la primera movilizaci\u00f3n del 2019. La CTA de los Trabajadores de Hugo Yasky, la CTA Aut\u00f3noma de Pablo Micheli y el sindicato de Camioneros de Hugo y Pablo Moyano brindar\u00e1n este jueves una\u2026","rel":"","context":"En \u00abPol\u00edtica\u00bb","block_context":{"text":"Pol\u00edtica","link":"http:\/\/www.24baires.com\/?cat=51"},"img":{"alt_text":"","src":"https:\/\/i0.wp.com\/www.24baires.com\/wp-content\/uploads\/2016\/11\/acto-cta.jpg?resize=350%2C200","width":350,"height":200,"srcset":"https:\/\/i0.wp.com\/www.24baires.com\/wp-content\/uploads\/2016\/11\/acto-cta.jpg?resize=350%2C200 1x, https:\/\/i0.wp.com\/www.24baires.com\/wp-content\/uploads\/2016\/11\/acto-cta.jpg?resize=525%2C300 1.5x"},"classes":[]},{"id":43646,"url":"http:\/\/www.24baires.com\/?p=43646","url_meta":{"origin":67279,"position":1},"title":"Seg\u00fan Moyano, los piquetes no dificultaron el acceso de la gente a los lugares de trabajo","author":"GB","date":"10\/04\/2014","format":false,"excerpt":"El titular de la CGT Azopardo, Hugo Moyano, defendi\u00f3 hoy la medida de fuerza covocada junto a los dirigentes sindicales Luis Barrionuevo y Pablo Micheli, y neg\u00f3 que los piquetes en rutas y autopistas dificultaran el acceso de los ciudadanos a sus lugares de trabajo. La Izquierda se diferenci\u00f3 de\u2026","rel":"","context":"En \u00abPol\u00edtica\u00bb","block_context":{"text":"Pol\u00edtica","link":"http:\/\/www.24baires.com\/?cat=51"},"img":{"alt_text":"","src":"https:\/\/i0.wp.com\/www.24baires.com\/wp-content\/uploads\/2014\/04\/moyano.jpg?resize=350%2C200","width":350,"height":200},"classes":[]},{"id":106536,"url":"http:\/\/www.24baires.com\/?p=106536","url_meta":{"origin":67279,"position":2},"title":"Mar del Plata march\u00f3 contra el tarifazo","author":"AF","date":"24\/01\/2019","format":false,"excerpt":"Las dos CTA, el Frente Sindical para el Modelo Nacional, la Multisectorial 21F y organizaciones de consumidores realizaron la edici\u00f3n balnearia de la movilizaci\u00f3n contra la suba de los servicios. Detr\u00e1s de una bandera con la consigna \"No a los tarifazos\" avanz\u00f3 por el centro de Mar del Plata la\u2026","rel":"","context":"En \u00abSociedad\u00bb","block_context":{"text":"Sociedad","link":"http:\/\/www.24baires.com\/?cat=1"},"img":{"alt_text":"","src":"https:\/\/i0.wp.com\/www.24baires.com\/wp-content\/uploads\/2019\/01\/tarifazo-mar-del-plata.jpg?resize=350%2C200","width":350,"height":200,"srcset":"https:\/\/i0.wp.com\/www.24baires.com\/wp-content\/uploads\/2019\/01\/tarifazo-mar-del-plata.jpg?resize=350%2C200 1x, https:\/\/i0.wp.com\/www.24baires.com\/wp-content\/uploads\/2019\/01\/tarifazo-mar-del-plata.jpg?resize=525%2C300 1.5x"},"classes":[]},{"id":112352,"url":"http:\/\/www.24baires.com\/?p=112352","url_meta":{"origin":67279,"position":3},"title":"La CTA oficializ\u00f3 su unificaci\u00f3n con la CGT","author":"AF","date":"03\/10\/2019","format":false,"excerpt":"La central sindical delibera en el microestadio del club Lan\u00fas, con invitados como Hugo Moyano, Axel Kicillof, M\u00e1ximo Kirchner y Sergio Palazzo. Con el candidato a presidente por el Frente de Todos, Alberto Fern\u00e1ndez, en primera fila, la Central de Trabajadores de la Argentina (CTA) conducida por Hugo Yasky anunci\u00f3\u2026","rel":"","context":"En \u00abSociedad\u00bb","block_context":{"text":"Sociedad","link":"http:\/\/www.24baires.com\/?cat=1"},"img":{"alt_text":"","src":"https:\/\/i0.wp.com\/www.24baires.com\/wp-content\/uploads\/2019\/10\/0035992981.jpg?resize=350%2C200","width":350,"height":200,"srcset":"https:\/\/i0.wp.com\/www.24baires.com\/wp-content\/uploads\/2019\/10\/0035992981.jpg?resize=350%2C200 1x, https:\/\/i0.wp.com\/www.24baires.com\/wp-content\/uploads\/2019\/10\/0035992981.jpg?resize=525%2C300 1.5x"},"classes":[]},{"id":107781,"url":"http:\/\/www.24baires.com\/?p=107781","url_meta":{"origin":67279,"position":4},"title":"Conoc\u00e9 los servicios afectados en la huelga contra Macri el pr\u00f3ximo 30 de abril","author":"AF","date":"23\/04\/2019","format":false,"excerpt":"En la previa del 1\u00b0 de mayo, Hugo Moyano, Sergio Palazzo, Ricardo Pignanelli y las CTA de Hugo Yasky y Pablo Micheli convocaron a protestar contra la \"destrucci\u00f3n de la industria, la desocupaci\u00f3n y la pobreza\". Los sindicatos que responden al camionero Hugo Moyano, al bancario Sergio Palazzo y al\u2026","rel":"","context":"En \u00abSociedad\u00bb","block_context":{"text":"Sociedad","link":"http:\/\/www.24baires.com\/?cat=1"},"img":{"alt_text":"","src":"https:\/\/i0.wp.com\/www.24baires.com\/wp-content\/uploads\/2019\/04\/0029738924.jpg?resize=350%2C200","width":350,"height":200,"srcset":"https:\/\/i0.wp.com\/www.24baires.com\/wp-content\/uploads\/2019\/04\/0029738924.jpg?resize=350%2C200 1x, https:\/\/i0.wp.com\/www.24baires.com\/wp-content\/uploads\/2019\/04\/0029738924.jpg?resize=525%2C300 1.5x"},"classes":[]},{"id":107903,"url":"http:\/\/www.24baires.com\/?p=107903","url_meta":{"origin":67279,"position":5},"title":"Las CTA y el Frente Sindical dan inicio a un nuevo paro nacional contra las pol\u00edticas de Macri","author":"GB","date":"30\/04\/2019","format":false,"excerpt":"Las organizaciones conducidas por Micheli y Yasky se suman a Camioneros y la Bancaria como los principales gremios que se adhieren a una nueva jornada de protestas en todo el pa\u00eds producto de la crisis generada por el Gobierno de Cambiemos. Fuerte acatamiento de las l\u00edneas de colectivos pese a\u2026","rel":"","context":"En \u00abPol\u00edtica\u00bb","block_context":{"text":"Pol\u00edtica","link":"http:\/\/www.24baires.com\/?cat=51"},"img":{"alt_text":"","src":"https:\/\/i0.wp.com\/www.24baires.com\/wp-content\/uploads\/2019\/04\/frente-sindical.jpg?resize=350%2C200","width":350,"height":200,"srcset":"https:\/\/i0.wp.com\/www.24baires.com\/wp-content\/uploads\/2019\/04\/frente-sindical.jpg?resize=350%2C200 1x, https:\/\/i0.wp.com\/www.24baires.com\/wp-content\/uploads\/2019\/04\/frente-sindical.jpg?resize=525%2C300 1.5x"},"classes":[]}],"jetpack_sharing_enabled":true,"jetpack_likes_enabled":true,"jetpack_featured_media_url":"","_links":{"self":[{"href":"http:\/\/www.24baires.com\/index.php?rest_route=\/wp\/v2\/posts\/67279","targetHints":{"allow":["GET"]}}],"collection":[{"href":"http:\/\/www.24baires.com\/index.php?rest_route=\/wp\/v2\/posts"}],"about":[{"href":"http:\/\/www.24baires.com\/index.php?rest_route=\/wp\/v2\/types\/post"}],"author":[{"embeddable":true,"href":"http:\/\/www.24baires.com\/index.php?rest_route=\/wp\/v2\/users\/8"}],"replies":[{"embeddable":true,"href":"http:\/\/www.24baires.com\/index.php?rest_route=%2Fwp%2Fv2%2Fcomments&post=67279"}],"version-history":[{"count":1,"href":"http:\/\/www.24baires.com\/index.php?rest_route=\/wp\/v2\/posts\/67279\/revisions"}],"predecessor-version":[{"id":67281,"href":"http:\/\/www.24baires.com\/index.php?rest_route=\/wp\/v2\/posts\/67279\/revisions\/67281"}],"wp:attachment":[{"href":"http:\/\/www.24baires.com\/index.php?rest_route=%2Fwp%2Fv2%2Fmedia&parent=67279"}],"wp:term":[{"taxonomy":"category","embeddable":true,"href":"http:\/\/www.24baires.com\/index.php?rest_route=%2Fwp%2Fv2%2Fcategories&post=67279"},{"taxonomy":"post_tag","embeddable":true,"href":"http:\/\/www.24baires.com\/index.php?rest_route=%2Fwp%2Fv2%2Ftags&post=67279"}],"curies":[{"name":"wp","href":"https:\/\/api.w.org\/{rel}","templated":true}]}}