{"id":67262,"date":"2015-06-09T13:00:00","date_gmt":"2015-06-09T16:00:00","guid":{"rendered":"http:\/\/www.24baires.com\/?p=67262"},"modified":"2015-06-10T10:13:34","modified_gmt":"2015-06-10T13:13:34","slug":"barrionuevo-en-la-epoca-de-los-militares-conversabamos-mas","status":"publish","type":"post","link":"http:\/\/www.24baires.com\/?p=67262","title":{"rendered":"Barrionuevo: \u00abEn la \u00e9poca de los militares convers\u00e1bamos m\u00e1s\u00bb"},"content":{"rendered":"<p><img data-recalc-dims=\"1\" loading=\"lazy\" decoding=\"async\" class=\"aligncenter size-full wp-image-44270\" src=\"https:\/\/i0.wp.com\/www.24baires.com\/wp-content\/uploads\/2014\/04\/barrionuevo.jpg?resize=560%2C344\" alt=\"barrionuevo\" width=\"560\" height=\"344\" srcset=\"https:\/\/i0.wp.com\/www.24baires.com\/wp-content\/uploads\/2014\/04\/barrionuevo.jpg?w=560 560w, https:\/\/i0.wp.com\/www.24baires.com\/wp-content\/uploads\/2014\/04\/barrionuevo.jpg?resize=300%2C184 300w\" sizes=\"auto, (max-width: 560px) 100vw, 560px\" \/>El l\u00edder de la CGT Azul y Blanca, Luis Barrionuevo, respondi\u00f3 de esa manera a la pregunta de un periodista acerca de las motivaciones del paro de hoy y argument\u00f3 as\u00ed sobre la \u00abfalta de di\u00e1logo\u00bb que \u00e9l siente de parte del gobierno nacional.\u00a0<!--more--><\/p>\n<p>El dirigente del sindicato de gastron\u00f3micos y titular de la CGT Azul y Blanca, Luis Barrionuevo, afirm\u00f3 hoy que \u00abhace tres a\u00f1os no hay ning\u00fan tipo de respuesta\u00bb por parte del gobierno nacional a sus reclamos, algo que no sucedi\u00f3 \u00abni en la \u00e9poca de los militares\u00bb, con quienes, seg\u00fan el sindicalista, \u00abhab\u00eda di\u00e1logo y se pod\u00eda negociar\u00bb.<\/p>\n<p>En declaraciones al canal Am\u00e9rica, Barrionuevo critic\u00f3 a Cristina Fern\u00e1ndez de Kirchner por lo que defini\u00f3 como \u00abfalta de di\u00e1logo\u00bb con el sector del sindicalismo que \u00e9l encabeza, que seg\u00fan \u00e9l, no suced\u00eda \u00abni en la \u00e9poca de los militares\u00bb.<\/p>\n<p>\u00abEn la \u00e9poca de los militares hac\u00edamos paro, huelga, lucha, se conversaba, se negociaba, pero con este gobierno no tuvimos la posibilidad de ning\u00fan tipo de dialogo\u00bb, asegur\u00f3.<\/p>\n<p>\u00abEste es un gobierno caprichoso, es el capricho que tiene la Presidenta, es su formaci\u00f3n y su manera de ser, la conozco de cuando era senadora\u00bb, polemiz\u00f3 el dirigente, y denunci\u00f3 que \u00abac\u00e1 hay un problema de muchos miles de millones que est\u00e1n debiendo, que tiene que ver con el impuesto a las Ganancias y con el dinero que le deben a las obras sociales\u00bb.<\/p>\n<p>Por otra parte, consultado sobre los cortes de accesos a la Capital Federal que impiden a muchos trabajadores desplazarse para llegar a los lugares donde cumplen sus tareas, Barrionuevo se justific\u00f3 aduciendo que \u00abun paro tiene muchos componentes: hay una izquierda que corta las rutas y los accesos, tambi\u00e9n est\u00e1 el transporte, y si el trabajador no tiene la movilidad tampoco va a trabajar por m\u00e1s que tenga voluntad\u00bb.<\/p>\n<p>Finalmente, dijo que espera \u00abque este sea el \u00faltimo paro y que pueda haber di\u00e1logo\u00bb, aunque reconoci\u00f3 que \u00abno hay ning\u00fan tipo de conversaci\u00f3n\u00bb entre su sector y el gobierno.<\/p>\n","protected":false},"excerpt":{"rendered":"<p>El l\u00edder de la CGT Azul y Blanca, Luis Barrionuevo, respondi\u00f3 de esa manera a la pregunta de un periodista acerca de las motivaciones del paro de hoy y argument\u00f3 as\u00ed sobre la \u00abfalta de di\u00e1logo\u00bb que \u00e9l siente de parte del gobierno nacional.\u00a0<\/p>\n","protected":false},"author":4,"featured_media":0,"comment_status":"open","ping_status":"open","sticky":false,"template":"","format":"standard","meta":{"_jetpack_newsletter_access":"","_jetpack_dont_email_post_to_subs":false,"_jetpack_newsletter_tier_id":0,"_jetpack_memberships_contains_paywalled_content":false,"_jetpack_memberships_contains_paid_content":false,"footnotes":""},"categories":[51],"tags":[],"class_list":["post-67262","post","type-post","status-publish","format-standard","hentry","category-politica"],"jetpack_shortlink":"https:\/\/wp.me\/p2JWE0-huS","jetpack-related-posts":[{"id":120882,"url":"http:\/\/www.24baires.com\/?p=120882","url_meta":{"origin":67262,"position":0},"title":"Barrionuevo cruz\u00f3 a Milei: \u00abIncorpor\u00f3 a la casta pol\u00edtica a su Gobierno\u00bb","author":"AF","date":"18\/01\/2024","format":false,"excerpt":"\"No le auguro ni en el Congreso ni en la Justicia que vaya a tener \u00e9xito, de la manera que ha venido a querer llevarnos a todos por delante\", analiz\u00f3 el dirigente gastron\u00f3mico sobre la suerte del DNU y la ley \"Bases\". El dirigente gastron\u00f3mico Luis Barrionuevo asegur\u00f3 este jueves\u2026","rel":"","context":"En \u00abPol\u00edtica\u00bb","block_context":{"text":"Pol\u00edtica","link":"http:\/\/www.24baires.com\/?cat=51"},"img":{"alt_text":"","src":"https:\/\/i0.wp.com\/www.24baires.com\/wp-content\/uploads\/2024\/01\/WhatsApp-Image-2024-01-18-at-20.26.13.jpeg?resize=350%2C200","width":350,"height":200,"srcset":"https:\/\/i0.wp.com\/www.24baires.com\/wp-content\/uploads\/2024\/01\/WhatsApp-Image-2024-01-18-at-20.26.13.jpeg?resize=350%2C200 1x, https:\/\/i0.wp.com\/www.24baires.com\/wp-content\/uploads\/2024\/01\/WhatsApp-Image-2024-01-18-at-20.26.13.jpeg?resize=525%2C300 1.5x, https:\/\/i0.wp.com\/www.24baires.com\/wp-content\/uploads\/2024\/01\/WhatsApp-Image-2024-01-18-at-20.26.13.jpeg?resize=700%2C400 2x, https:\/\/i0.wp.com\/www.24baires.com\/wp-content\/uploads\/2024\/01\/WhatsApp-Image-2024-01-18-at-20.26.13.jpeg?resize=1050%2C600 3x"},"classes":[]},{"id":43797,"url":"http:\/\/www.24baires.com\/?p=43797","url_meta":{"origin":67262,"position":1},"title":"Massa se quiere despegar de Barrionuevo: \u00abQue deje de hablar por dos a\u00f1os\u00bb dijo","author":"Grupo Sierra","date":"13\/04\/2014","format":false,"excerpt":"El l\u00edder del Frente Renovador, Sergio Massa, afirm\u00f3 que si el secretario general de la CGT Azul y Blanca, Luis Barrionuevo, quiere que \u00e9l \"gane las elecciones presidenciales, lo mejor que puede hacer es dejar de hablar por dos a\u00f1os\", en un nuevo intento de despegarse del dirigente gastron\u00f3mico. En\u2026","rel":"","context":"En \u00abPol\u00edtica\u00bb","block_context":{"text":"Pol\u00edtica","link":"http:\/\/www.24baires.com\/?cat=51"},"img":{"alt_text":"massa","src":"https:\/\/i0.wp.com\/www.24baires.com\/wp-content\/uploads\/2013\/08\/massa.png?resize=350%2C200","width":350,"height":200,"srcset":"https:\/\/i0.wp.com\/www.24baires.com\/wp-content\/uploads\/2013\/08\/massa.png?resize=350%2C200 1x, https:\/\/i0.wp.com\/www.24baires.com\/wp-content\/uploads\/2013\/08\/massa.png?resize=525%2C300 1.5x"},"classes":[]},{"id":43646,"url":"http:\/\/www.24baires.com\/?p=43646","url_meta":{"origin":67262,"position":2},"title":"Seg\u00fan Moyano, los piquetes no dificultaron el acceso de la gente a los lugares de trabajo","author":"GB","date":"10\/04\/2014","format":false,"excerpt":"El titular de la CGT Azopardo, Hugo Moyano, defendi\u00f3 hoy la medida de fuerza covocada junto a los dirigentes sindicales Luis Barrionuevo y Pablo Micheli, y neg\u00f3 que los piquetes en rutas y autopistas dificultaran el acceso de los ciudadanos a sus lugares de trabajo. La Izquierda se diferenci\u00f3 de\u2026","rel":"","context":"En \u00abPol\u00edtica\u00bb","block_context":{"text":"Pol\u00edtica","link":"http:\/\/www.24baires.com\/?cat=51"},"img":{"alt_text":"","src":"https:\/\/i0.wp.com\/www.24baires.com\/wp-content\/uploads\/2014\/04\/moyano.jpg?resize=350%2C200","width":350,"height":200},"classes":[]},{"id":100523,"url":"http:\/\/www.24baires.com\/?p=100523","url_meta":{"origin":67262,"position":3},"title":"Barrionuevo confirm\u00f3 que se baja de la marcha del 21","author":"AF","date":"14\/02\/2018","format":false,"excerpt":"\"Se mezcl\u00f3 todo\", argument\u00f3 el titular de gremio gastron\u00f3mico, Luis Barrionuevo, para dar un paso al costado de la marcha convocada por Camioneros para el 21 de febrero. El sindicalista se\u00f1al\u00f3 que se trata de \"una pelea personal\" entre Moyano y el presidente Mauricio Macri, aunque esa disputa ya estaba\u2026","rel":"","context":"En \u00abSociedad\u00bb","block_context":{"text":"Sociedad","link":"http:\/\/www.24baires.com\/?cat=1"},"img":{"alt_text":"","src":"https:\/\/i0.wp.com\/www.24baires.com\/wp-content\/uploads\/2014\/08\/barrionuevo-moyano.jpg?resize=350%2C200","width":350,"height":200,"srcset":"https:\/\/i0.wp.com\/www.24baires.com\/wp-content\/uploads\/2014\/08\/barrionuevo-moyano.jpg?resize=350%2C200 1x, https:\/\/i0.wp.com\/www.24baires.com\/wp-content\/uploads\/2014\/08\/barrionuevo-moyano.jpg?resize=525%2C300 1.5x"},"classes":[]},{"id":27857,"url":"http:\/\/www.24baires.com\/?p=27857","url_meta":{"origin":67262,"position":4},"title":"Barrionuevo confirm\u00f3 que desde su gremio apoyan la candidatura de Massa","author":"AF","date":"08\/07\/2013","format":false,"excerpt":"El l\u00edder de la CGT \u201cAzul y Blanca\u201d dio su apoyo a Sergio Massa en la provincia de Buenos Aires y asegur\u00f3 que todos los gastron\u00f3micos que \u00e9l representa ya est\u00e1n trabajando en la candidatura del intendente de Tigre para enfrentar al Gobierno Nacional. El l\u00edder de la CGT \u201cAzul\u2026","rel":"","context":"En \u00abPol\u00edtica\u00bb","block_context":{"text":"Pol\u00edtica","link":"http:\/\/www.24baires.com\/?cat=51"},"img":{"alt_text":"","src":"","width":0,"height":0},"classes":[]},{"id":29000,"url":"http:\/\/www.24baires.com\/?p=29000","url_meta":{"origin":67262,"position":5},"title":"Graciela Cama\u00f1o confirm\u00f3 acuerdo con Massa: se encargar\u00e1 de la fiscalizaci\u00f3n","author":"AF","date":"26\/07\/2013","format":false,"excerpt":"La diputada del Frente Peronista, Graciela Cama\u00f1o, asegur\u00f3 que es la \u201cencargada de la fiscalizaci\u00f3n\u201d de las pr\u00f3ximas elecciones \u201cpara Sergio Massa\u201d y confirm\u00f3 as\u00ed el acuerdo pol\u00edtico vigente entre el intendente de Tigre y l\u00edder del Frente Renovador y la CGT Azul y Blanca que conduce su marido, Luis\u2026","rel":"","context":"En \u00abPol\u00edtica\u00bb","block_context":{"text":"Pol\u00edtica","link":"http:\/\/www.24baires.com\/?cat=51"},"img":{"alt_text":"","src":"https:\/\/i0.wp.com\/www.24baires.com\/wp-content\/uploads\/2013\/07\/graciela-cama%C3%B1o.jpg?resize=350%2C200","width":350,"height":200,"srcset":"https:\/\/i0.wp.com\/www.24baires.com\/wp-content\/uploads\/2013\/07\/graciela-cama%C3%B1o.jpg?resize=350%2C200 1x, https:\/\/i0.wp.com\/www.24baires.com\/wp-content\/uploads\/2013\/07\/graciela-cama%C3%B1o.jpg?resize=525%2C300 1.5x"},"classes":[]}],"jetpack_sharing_enabled":true,"jetpack_likes_enabled":true,"jetpack_featured_media_url":"","_links":{"self":[{"href":"http:\/\/www.24baires.com\/index.php?rest_route=\/wp\/v2\/posts\/67262","targetHints":{"allow":["GET"]}}],"collection":[{"href":"http:\/\/www.24baires.com\/index.php?rest_route=\/wp\/v2\/posts"}],"about":[{"href":"http:\/\/www.24baires.com\/index.php?rest_route=\/wp\/v2\/types\/post"}],"author":[{"embeddable":true,"href":"http:\/\/www.24baires.com\/index.php?rest_route=\/wp\/v2\/users\/4"}],"replies":[{"embeddable":true,"href":"http:\/\/www.24baires.com\/index.php?rest_route=%2Fwp%2Fv2%2Fcomments&post=67262"}],"version-history":[{"count":2,"href":"http:\/\/www.24baires.com\/index.php?rest_route=\/wp\/v2\/posts\/67262\/revisions"}],"predecessor-version":[{"id":67268,"href":"http:\/\/www.24baires.com\/index.php?rest_route=\/wp\/v2\/posts\/67262\/revisions\/67268"}],"wp:attachment":[{"href":"http:\/\/www.24baires.com\/index.php?rest_route=%2Fwp%2Fv2%2Fmedia&parent=67262"}],"wp:term":[{"taxonomy":"category","embeddable":true,"href":"http:\/\/www.24baires.com\/index.php?rest_route=%2Fwp%2Fv2%2Fcategories&post=67262"},{"taxonomy":"post_tag","embeddable":true,"href":"http:\/\/www.24baires.com\/index.php?rest_route=%2Fwp%2Fv2%2Ftags&post=67262"}],"curies":[{"name":"wp","href":"https:\/\/api.w.org\/{rel}","templated":true}]}}