{"id":67170,"date":"2015-06-06T20:00:58","date_gmt":"2015-06-06T23:00:58","guid":{"rendered":"http:\/\/www.24baires.com\/?p=67170"},"modified":"2015-06-06T20:13:44","modified_gmt":"2015-06-06T23:13:44","slug":"scioli-pidio-a-trabajar-con-un-gran-espiritu-de-continuidad","status":"publish","type":"post","link":"http:\/\/www.24baires.com\/?p=67170","title":{"rendered":"Scioli pidi\u00f3 trabajar \u00abcon un gran esp\u00edritu de continuidad\u00bb"},"content":{"rendered":"<p><img data-recalc-dims=\"1\" loading=\"lazy\" decoding=\"async\" class=\"aligncenter size-full wp-image-60813\" src=\"https:\/\/i0.wp.com\/www.24baires.com\/wp-content\/uploads\/2015\/01\/scioli-1.jpg?resize=560%2C306\" alt=\"scioli 1\" width=\"560\" height=\"306\" srcset=\"https:\/\/i0.wp.com\/www.24baires.com\/wp-content\/uploads\/2015\/01\/scioli-1.jpg?w=560 560w, https:\/\/i0.wp.com\/www.24baires.com\/wp-content\/uploads\/2015\/01\/scioli-1.jpg?resize=300%2C164 300w\" sizes=\"auto, (max-width: 560px) 100vw, 560px\" \/>El gobernador bonaerense y precandidato presidencial afirm\u00f3 que busca generar \u00abm\u00e1s confianza en los j\u00f3venes que votan por primera vez\u00bb y lanz\u00f3 el proyecto \u00abUn envi\u00f3n para el Voto Joven\u00bb.<!--more--><\/p>\n<p>El gobernador Daniel Scioli destac\u00f3 este s\u00e1bado la importancia de trabajar \u00abcon un gran esp\u00edritu de continuidad, generando m\u00e1s confianza en los j\u00f3venes que votan por primera vez\u00bb, al participar del Encuentro Regional de la Asociaci\u00f3n Deportiva Nacional (ADN) e inaugurar una subsede del programa Envi\u00f3n, junto al ministro de Desarrollo Social, Eduardo Aparicio, y el candidato a intendente local del FpV, Leonardo Nardini.<\/p>\n<p>\u00abQue los j\u00f3venes sientan que estamos all\u00ed para respaldarlos, acompa\u00f1arlos, para darles los instrumentos necesarios para que puedan tener las mejores realizaciones personales y profesionales el d\u00eda de ma\u00f1ana, dentro de una Argentina que progresa, que se viene desendeudando social y econ\u00f3micamente\u00bb, expres\u00f3 el Gobernador.<br \/>\nAl firmar la adenda para la ampliaci\u00f3n de 100 becas del programa de Responsabilidad Social Compartida Envi\u00f3n con la Asociaci\u00f3n Civil \u00abLa Casita de Villa de Mayo\u00bb y lanzar el proyecto \u00abUn envi\u00f3n para el Voto Joven\u00bb, en la casa de la juventud Leo Nardini, Scioli asegur\u00f3 \u00abhoy le estamos dando el envi\u00f3n al primer &#8216;Voto Joven&#8217;, con 19.500 j\u00f3venes que se van a capacitar en el proceso electoral para ejercer su primer voto democr\u00e1tico\u00bb<br \/>\nAsimismo, acompa\u00f1ado por el subsecretario de Planeamiento y Gesti\u00f3n Deportiva, dependiente del Ministerio de Desarrollo Social de la Naci\u00f3n, Luis Vivona y el asesor de Deportes, Mariano Dalla Libera, el Gobernador particip\u00f3 del Encuentro Regional (ADN), que congreg\u00f3 a 800 instituciones de la regi\u00f3n, de las 2.200 del pa\u00eds.<br \/>\nEn este marco, destac\u00f3 la importancia de \u00abrecrear el esp\u00edritu fundacional de instituciones base y de convivencias con la sociedad, de solidaridad, del buen vecino y de historia de vida\u00bb, como los clubes de barrio, \u00abque marcan la vida para siempre\u00bb.<br \/>\nAl dirigirse a los participantes del encuentro, Scioli asegur\u00f3 que con estas iniciativas se \u00abest\u00e1 contribuyendo a un desarrollo integral de la Argentina\u00bb, porque, \u00ababandonar los clubes de barrio es abandonar el futuro de la juventud, y nosotros vamos a defenderlos permanentemente\u00bb.<\/p>\n<p>&nbsp;<\/p>\n<p>&nbsp;<\/p>\n<p>&nbsp;<\/p>\n<p>&nbsp;<\/p>\n<p>&nbsp;<\/p>\n<p>&nbsp;<\/p>\n<p>&nbsp;<\/p>\n<p>&nbsp;<\/p>\n<p>&nbsp;<\/p>\n<p>&nbsp;<\/p>\n<p>&nbsp;<\/p>\n<p>&nbsp;<\/p>\n<p>&nbsp;<\/p>\n<p>&nbsp;<\/p>\n<p>&nbsp;<\/p>\n<p>&nbsp;<\/p>\n","protected":false},"excerpt":{"rendered":"<p>El gobernador bonaerense y precandidato presidencial afirm\u00f3 que busca generar \u00abm\u00e1s confianza en los j\u00f3venes que votan por primera vez\u00bb y lanz\u00f3 el proyecto \u00abUn envi\u00f3n para el Voto Joven\u00bb.<\/p>\n","protected":false},"author":8,"featured_media":0,"comment_status":"open","ping_status":"open","sticky":false,"template":"","format":"standard","meta":{"_jetpack_newsletter_access":"","_jetpack_dont_email_post_to_subs":false,"_jetpack_newsletter_tier_id":0,"_jetpack_memberships_contains_paywalled_content":false,"_jetpack_memberships_contains_paid_content":false,"footnotes":""},"categories":[51],"tags":[],"class_list":["post-67170","post","type-post","status-publish","format-standard","hentry","category-politica"],"jetpack_shortlink":"https:\/\/wp.me\/p2JWE0-hto","jetpack-related-posts":[{"id":66460,"url":"http:\/\/www.24baires.com\/?p=66460","url_meta":{"origin":67170,"position":0},"title":"Scioli inst\u00f3 a los j\u00f3venes a ser \u00ablos grandes protagonistas\u00bb de estas elecciones","author":"AF","date":"24\/05\/2015","format":false,"excerpt":"El gobernador bonaerense, Daniel Scioli, inst\u00f3 a los j\u00f3venes a que sean \"los grandes protagonistas\" de las pr\u00f3ximas elecciones y les dijo que a la hora de emitir el voto piensen en que no se debe \"siempre volver a empezar\". \"Yo les tengo mucha fe y confianza en que ustedes\u2026","rel":"","context":"En \u00abElecciones 2015\u00bb","block_context":{"text":"Elecciones 2015","link":"http:\/\/www.24baires.com\/?cat=74"},"img":{"alt_text":"scioli 1","src":"https:\/\/i0.wp.com\/www.24baires.com\/wp-content\/uploads\/2015\/01\/scioli-1.jpg?resize=350%2C200","width":350,"height":200,"srcset":"https:\/\/i0.wp.com\/www.24baires.com\/wp-content\/uploads\/2015\/01\/scioli-1.jpg?resize=350%2C200 1x, https:\/\/i0.wp.com\/www.24baires.com\/wp-content\/uploads\/2015\/01\/scioli-1.jpg?resize=525%2C300 1.5x"},"classes":[]},{"id":9300,"url":"http:\/\/www.24baires.com\/?p=9300","url_meta":{"origin":67170,"position":1},"title":"El 15D de Scioli: poca pol\u00edtica, menos gente y algo de far\u00e1ndula","author":"Grupo Sierra","date":"15\/12\/2012","format":false,"excerpt":"El gobernador bonaerense Daniel Scioli agradeci\u00f3 tibiamente a la presidenta de la Naci\u00f3n Cristina Fern\u00e1ndez de Kirchner por \u201cel apoyo brindado a la provincia de Buenos Aires y al trabajo que realizamos juntos\u201d. Los blancos en las tribunas indicaban que el n\u00famero de asistentes era mucho menor al pronosticado.\u00a0 \u201cMe\u2026","rel":"","context":"En \u00abPol\u00edtica\u00bb","block_context":{"text":"Pol\u00edtica","link":"http:\/\/www.24baires.com\/?cat=51"},"img":{"alt_text":"","src":"https:\/\/i0.wp.com\/www.24baires.com\/wp-content\/uploads\/2012\/12\/scioli_estadio_151212_4_ef_46752.jpg?resize=350%2C200","width":350,"height":200,"srcset":"https:\/\/i0.wp.com\/www.24baires.com\/wp-content\/uploads\/2012\/12\/scioli_estadio_151212_4_ef_46752.jpg?resize=350%2C200 1x, https:\/\/i0.wp.com\/www.24baires.com\/wp-content\/uploads\/2012\/12\/scioli_estadio_151212_4_ef_46752.jpg?resize=525%2C300 1.5x"},"classes":[]},{"id":116248,"url":"http:\/\/www.24baires.com\/?p=116248","url_meta":{"origin":67170,"position":2},"title":"Las becas para j\u00f3venes bonaerenses tendr\u00e1n un aumento","author":"GB","date":"16\/09\/2020","format":false,"excerpt":"El Gobierno bonaerense anunci\u00f3 aumento en el monto de las becas de Envi\u00f3n, Centros Juveniles y Casas de Abrigo y Hogares Convivenciales. En el marco del D\u00eda Nacional de la Juventud por la conmemoraci\u00f3n de la Noche de los L\u00e1pices, el Gobierno bonaerense anunci\u00f3 aumentos en los montos de las\u2026","rel":"","context":"En \u00abProvincia\u00bb","block_context":{"text":"Provincia","link":"http:\/\/www.24baires.com\/?cat=40"},"img":{"alt_text":"","src":"https:\/\/i0.wp.com\/www.24baires.com\/wp-content\/uploads\/2019\/09\/gobernacion.jpg?resize=350%2C200","width":350,"height":200,"srcset":"https:\/\/i0.wp.com\/www.24baires.com\/wp-content\/uploads\/2019\/09\/gobernacion.jpg?resize=350%2C200 1x, https:\/\/i0.wp.com\/www.24baires.com\/wp-content\/uploads\/2019\/09\/gobernacion.jpg?resize=525%2C300 1.5x"},"classes":[]},{"id":19961,"url":"http:\/\/www.24baires.com\/?p=19961","url_meta":{"origin":67170,"position":3},"title":"En Lezama ya implementaron el programa &#8216;Envi\u00f3n&#8217;","author":"AF","date":"02\/04\/2013","format":false,"excerpt":"\u201cLos chicos que concurren a las sedes del Envi\u00f3n tienen el acompa\u00f1amiento de profesionales id\u00f3neos y las herramientas necesarias para lograr permanecer dentro del sistema educativo o desarrollar un oficio que les permita ingresar al mercado laboral formal\u201d dijo el ministro Ferr\u00e9 durante la inauguraci\u00f3n de la nueva sede del\u2026","rel":"","context":"En \u00abLocales\u00bb","block_context":{"text":"Locales","link":"http:\/\/www.24baires.com\/?cat=38"},"img":{"alt_text":"envi\u00f3n lezama","src":"https:\/\/i0.wp.com\/www.24baires.com\/wp-content\/uploads\/2013\/04\/envi%C3%B3n-lezama.jpg?resize=350%2C200","width":350,"height":200},"classes":[]},{"id":33569,"url":"http:\/\/www.24baires.com\/?p=33569","url_meta":{"origin":67170,"position":4},"title":"El programa \u201cEnvi\u00f3n\u201d ya incluye a 60 mil chicos","author":"AF","date":"15\/10\/2013","format":false,"excerpt":"As\u00ed lo resalt\u00f3 el gobernador Daniel Scioli durante su visita a Suipacha, en donde desarrollos una intensa agenda de trabajo con ejes en educaci\u00f3n, salud y apoyo financiamiento a diversas instituciones del municipio. El gobernador Daniel Scioli destac\u00f3 \u201clos valores de la juventud en estos nuevos tiempos\u201d, al desarrollar una\u2026","rel":"","context":"En \u00abLocales\u00bb","block_context":{"text":"Locales","link":"http:\/\/www.24baires.com\/?cat=38"},"img":{"alt_text":"","src":"","width":0,"height":0},"classes":[]},{"id":42162,"url":"http:\/\/www.24baires.com\/?p=42162","url_meta":{"origin":67170,"position":5},"title":"Balcarce: impulsan mejoras en los programas UDI y ENVI\u00d3N","author":"Grupo Sierra","date":"15\/03\/2014","format":false,"excerpt":"El ministro de Desarrollo Social, Eduardo Aparicio, junto al intendente de Balcarce, Jos\u00e9 Enrique Echeverr\u00eda, visitaron las sedes de las Unidades de Desarrollo Infantil (UDI) y ENVION de este distrito con el objetivo de verificar las condiciones edilicias y de atenci\u00f3n con las que vienen desarrollando las tareas diarias y\u2026","rel":"","context":"En \u00abMunicipios\u00bb","block_context":{"text":"Municipios","link":"http:\/\/www.24baires.com\/?cat=44"},"img":{"alt_text":"","src":"https:\/\/i0.wp.com\/www.24baires.com\/wp-content\/uploads\/2014\/03\/Balcarce-visita-al-Centro-Integrador-Comunitario.jpg?resize=350%2C200","width":350,"height":200,"srcset":"https:\/\/i0.wp.com\/www.24baires.com\/wp-content\/uploads\/2014\/03\/Balcarce-visita-al-Centro-Integrador-Comunitario.jpg?resize=350%2C200 1x, https:\/\/i0.wp.com\/www.24baires.com\/wp-content\/uploads\/2014\/03\/Balcarce-visita-al-Centro-Integrador-Comunitario.jpg?resize=525%2C300 1.5x"},"classes":[]}],"jetpack_sharing_enabled":true,"jetpack_likes_enabled":true,"jetpack_featured_media_url":"","_links":{"self":[{"href":"http:\/\/www.24baires.com\/index.php?rest_route=\/wp\/v2\/posts\/67170","targetHints":{"allow":["GET"]}}],"collection":[{"href":"http:\/\/www.24baires.com\/index.php?rest_route=\/wp\/v2\/posts"}],"about":[{"href":"http:\/\/www.24baires.com\/index.php?rest_route=\/wp\/v2\/types\/post"}],"author":[{"embeddable":true,"href":"http:\/\/www.24baires.com\/index.php?rest_route=\/wp\/v2\/users\/8"}],"replies":[{"embeddable":true,"href":"http:\/\/www.24baires.com\/index.php?rest_route=%2Fwp%2Fv2%2Fcomments&post=67170"}],"version-history":[{"count":2,"href":"http:\/\/www.24baires.com\/index.php?rest_route=\/wp\/v2\/posts\/67170\/revisions"}],"predecessor-version":[{"id":67173,"href":"http:\/\/www.24baires.com\/index.php?rest_route=\/wp\/v2\/posts\/67170\/revisions\/67173"}],"wp:attachment":[{"href":"http:\/\/www.24baires.com\/index.php?rest_route=%2Fwp%2Fv2%2Fmedia&parent=67170"}],"wp:term":[{"taxonomy":"category","embeddable":true,"href":"http:\/\/www.24baires.com\/index.php?rest_route=%2Fwp%2Fv2%2Fcategories&post=67170"},{"taxonomy":"post_tag","embeddable":true,"href":"http:\/\/www.24baires.com\/index.php?rest_route=%2Fwp%2Fv2%2Ftags&post=67170"}],"curies":[{"name":"wp","href":"https:\/\/api.w.org\/{rel}","templated":true}]}}