{"id":67162,"date":"2015-06-06T16:16:18","date_gmt":"2015-06-06T19:16:18","guid":{"rendered":"http:\/\/www.24baires.com\/?p=67162"},"modified":"2015-06-08T10:41:22","modified_gmt":"2015-06-08T13:41:22","slug":"cristina-se-reunio-con-lula-en-roma","status":"publish","type":"post","link":"http:\/\/www.24baires.com\/?p=67162","title":{"rendered":"Cristina se reuni\u00f3 con &#8216;Lula&#8217; en Roma"},"content":{"rendered":"<p><img data-recalc-dims=\"1\" loading=\"lazy\" decoding=\"async\" class=\"aligncenter size-full wp-image-67163\" src=\"https:\/\/i0.wp.com\/www.24baires.com\/wp-content\/uploads\/2015\/06\/cristina-lula.jpg?resize=560%2C373\" alt=\"cristina lula\" width=\"560\" height=\"373\" srcset=\"https:\/\/i0.wp.com\/www.24baires.com\/wp-content\/uploads\/2015\/06\/cristina-lula.jpg?w=560 560w, https:\/\/i0.wp.com\/www.24baires.com\/wp-content\/uploads\/2015\/06\/cristina-lula.jpg?resize=300%2C200 300w\" sizes=\"auto, (max-width: 560px) 100vw, 560px\" \/>La presidenta Cristina Fern\u00e1ndez de Kirchner se reuni\u00f3 en Roma con el ex mandatario brasile\u00f1o, Luiz Inacio &#8216;Lula&#8217; Da Silva, en el marco de la visita que cumple desde ayer en la capital italiana, y como parte de la cual se entrevistar\u00e1 ma\u00f1ana con el papa Francisco.<!--more--><\/p>\n<p>\u00abFue un gran di\u00e1logo entre dos l\u00edderes mundiales, muy interesante, en el que se pas\u00f3 revista a toda la regi\u00f3n\u00bb, expres\u00f3 el canciller H\u00e9ctor Timerman en di\u00e1logo con la prensa tras el encuentro desarrollado en el Hotel Ed\u00e9n de la capital italiana, donde se aloja la Presidenta durante su visita.<\/p>\n<p>Lula, en tanto, de visible buen humor tras la reuni\u00f3n de una hora y media, se limit\u00f3 a decir que \u00abesta noche solo fala (habla) Messi\u00bb, en relaci\u00f3n al partido de final de la Champions League europea que jugar\u00e1n el Barcelona de Espa\u00f1a y la Juventus de Italia.<\/p>\n<p>Tras el encuentro con el ex mandatario brasile\u00f1o, la Presidenta se reuni\u00f3 y homenaje\u00f3 al cineasta santafesino Fernando Birri.<\/p>\n","protected":false},"excerpt":{"rendered":"<p>La presidenta Cristina Fern\u00e1ndez de Kirchner se reuni\u00f3 en Roma con el ex mandatario brasile\u00f1o, Luiz Inacio &#8216;Lula&#8217; Da Silva, en el marco de la visita que cumple desde ayer en la capital italiana, y como parte de la cual se entrevistar\u00e1 ma\u00f1ana con el papa Francisco.<\/p>\n","protected":false},"author":8,"featured_media":0,"comment_status":"open","ping_status":"open","sticky":false,"template":"","format":"standard","meta":{"_jetpack_newsletter_access":"","_jetpack_dont_email_post_to_subs":false,"_jetpack_newsletter_tier_id":0,"_jetpack_memberships_contains_paywalled_content":false,"_jetpack_memberships_contains_paid_content":false,"footnotes":""},"categories":[51],"tags":[],"class_list":["post-67162","post","type-post","status-publish","format-standard","hentry","category-politica"],"jetpack_shortlink":"https:\/\/wp.me\/p2JWE0-htg","jetpack-related-posts":[{"id":111073,"url":"http:\/\/www.24baires.com\/?p=111073","url_meta":{"origin":67162,"position":0},"title":"Alberto Fern\u00e1ndez visit\u00f3 a Lula en la c\u00e1rcel","author":"AF","date":"04\/07\/2019","format":false,"excerpt":"El precandidato presidencial por el Frente de Todos se reuni\u00f3 en Curitiba con el ex Presidente de Brasil, quien cumple una condena por corrupci\u00f3n tras un escandaloso proceso judicial cuestionado en todo el mundo. Alberto Fern\u00e1ndez visit\u00f3 este jueves al ex presidente de Brasil, Luiz In\u00e1cio Lula da Silva, quien\u2026","rel":"","context":"En \u00abPol\u00edtica\u00bb","block_context":{"text":"Pol\u00edtica","link":"http:\/\/www.24baires.com\/?cat=51"},"img":{"alt_text":"","src":"https:\/\/i0.wp.com\/www.24baires.com\/wp-content\/uploads\/2019\/07\/lula-fern%C3%A1ndez.jpg?resize=350%2C200","width":350,"height":200,"srcset":"https:\/\/i0.wp.com\/www.24baires.com\/wp-content\/uploads\/2019\/07\/lula-fern%C3%A1ndez.jpg?resize=350%2C200 1x, https:\/\/i0.wp.com\/www.24baires.com\/wp-content\/uploads\/2019\/07\/lula-fern%C3%A1ndez.jpg?resize=525%2C300 1.5x"},"classes":[]},{"id":120063,"url":"http:\/\/www.24baires.com\/?p=120063","url_meta":{"origin":67162,"position":1},"title":"\u201cHemos construido 104 mil viviendas y tenemos 140 mil m\u00e1s en construcci\u00f3n\u201d","author":"AF","date":"03\/05\/2023","format":false,"excerpt":"El Presidente encabez\u00f3 la entrega de viviendas en la localidad de Los Altos, donde record\u00f3 que \"ven\u00edamos de una \u00e9poca muy dif\u00edcil\" donde \"a lo largo de 4 a\u00f1os\" la gesti\u00f3n de Cambiemos entreg\u00f3 s\u00f3lo \"14 mil viviendas\", que \"en mayor parte\" hab\u00edan sido iniciadas por la administraci\u00f3n de Cristina\u2026","rel":"","context":"En \u00abPol\u00edtica\u00bb","block_context":{"text":"Pol\u00edtica","link":"http:\/\/www.24baires.com\/?cat=51"},"img":{"alt_text":"","src":"https:\/\/i0.wp.com\/www.24baires.com\/wp-content\/uploads\/2023\/05\/AF-vivienda.jpg?resize=350%2C200","width":350,"height":200,"srcset":"https:\/\/i0.wp.com\/www.24baires.com\/wp-content\/uploads\/2023\/05\/AF-vivienda.jpg?resize=350%2C200 1x, https:\/\/i0.wp.com\/www.24baires.com\/wp-content\/uploads\/2023\/05\/AF-vivienda.jpg?resize=525%2C300 1.5x"},"classes":[]},{"id":100158,"url":"http:\/\/www.24baires.com\/?p=100158","url_meta":{"origin":67162,"position":2},"title":"Lula da Silva: \u201cQuiero ser candidato para ganar las elecciones\u201d","author":"AF","date":"25\/01\/2018","format":false,"excerpt":"Ante un plenario del Partido de los Trabajadores (PT), el ex presidente brasile\u00f1o In\u00e1cio Lula da Silva acept\u00f3 la ratificaci\u00f3n de su candidatura a pesar de la condena en segunda instancia aplicada ayer por el Tribunal Regional de Porto Alegre. \u201cEllos saben que condenaron a un hombre inocente\u201d, expres\u00f3 Lula,\u2026","rel":"","context":"En \u00abInternacionales\u00bb","block_context":{"text":"Internacionales","link":"http:\/\/www.24baires.com\/?cat=73"},"img":{"alt_text":"","src":"https:\/\/i0.wp.com\/www.24baires.com\/wp-content\/uploads\/2018\/01\/lula-da-silva.jpg?resize=350%2C200","width":350,"height":200,"srcset":"https:\/\/i0.wp.com\/www.24baires.com\/wp-content\/uploads\/2018\/01\/lula-da-silva.jpg?resize=350%2C200 1x, https:\/\/i0.wp.com\/www.24baires.com\/wp-content\/uploads\/2018\/01\/lula-da-silva.jpg?resize=525%2C300 1.5x"},"classes":[]},{"id":112924,"url":"http:\/\/www.24baires.com\/?p=112924","url_meta":{"origin":67162,"position":3},"title":"La Justicia brasile\u00f1a orden\u00f3 la liberaci\u00f3n inmediata de Lula","author":"AF","date":"08\/11\/2019","format":false,"excerpt":"\"Orden de liberaci\u00f3n N\u00ba700007758894.\" Ese es el n\u00famero de la resoluci\u00f3n del juez federal Danilo Perira Junior que acepta el pedido de excarcelaci\u00f3n para el ex presidente Lula Da Silva, luego de que el Supremo Tribunal Federal considerara que no debe comenzar a ejecutarse la pena tras un fallo de\u2026","rel":"","context":"En \u00abSociedad\u00bb","block_context":{"text":"Sociedad","link":"http:\/\/www.24baires.com\/?cat=1"},"img":{"alt_text":"","src":"https:\/\/i0.wp.com\/www.24baires.com\/wp-content\/uploads\/2018\/04\/lula-3.jpg?resize=350%2C200","width":350,"height":200,"srcset":"https:\/\/i0.wp.com\/www.24baires.com\/wp-content\/uploads\/2018\/04\/lula-3.jpg?resize=350%2C200 1x, https:\/\/i0.wp.com\/www.24baires.com\/wp-content\/uploads\/2018\/04\/lula-3.jpg?resize=525%2C300 1.5x"},"classes":[]},{"id":101483,"url":"http:\/\/www.24baires.com\/?p=101483","url_meta":{"origin":67162,"position":4},"title":"\u00abLa democracia en Brasil pende de un hilo\u00bb","author":"AF","date":"08\/04\/2018","format":false,"excerpt":"El diputado del Frente Para la Victoria afirm\u00f3 que \"Brasil est\u00e1 tomando un tufillo golpista y antidemocr\u00e1tico\" e inscribi\u00f3 la condena al ex presidente brasile\u00f1o en el marco de una ola neoliberal en Latinoam\u00e9rica que\"persigue\" a los l\u00edderes populares. En l\u00ednea con las expresiones de apoyo de los l\u00edderes de\u2026","rel":"","context":"En \u00abInternacionales\u00bb","block_context":{"text":"Internacionales","link":"http:\/\/www.24baires.com\/?cat=73"},"img":{"alt_text":"","src":"https:\/\/i0.wp.com\/www.24baires.com\/wp-content\/uploads\/2018\/04\/lula-da-silva.jpg?resize=350%2C200","width":350,"height":200,"srcset":"https:\/\/i0.wp.com\/www.24baires.com\/wp-content\/uploads\/2018\/04\/lula-da-silva.jpg?resize=350%2C200 1x, https:\/\/i0.wp.com\/www.24baires.com\/wp-content\/uploads\/2018\/04\/lula-da-silva.jpg?resize=525%2C300 1.5x"},"classes":[]},{"id":103912,"url":"http:\/\/www.24baires.com\/?p=103912","url_meta":{"origin":67162,"position":5},"title":"Lula oficializ\u00f3 su candidatura para presidente de Brasil","author":"AF","date":"15\/08\/2018","format":false,"excerpt":"El Partido de los Trabajadores present\u00f3 ante las autoridades electorales brasile\u00f1as los documentos que oficializan la candidatura del ex presidente. Lula da Silva present\u00f3 este mi\u00e9rcoles su candidatura ante el Tribunal Superior Electoral para las elecciones presidenciales del pr\u00f3ximo 7 de octubre en Brasil. Seg\u00fan informaron los medios locales, el\u2026","rel":"","context":"En \u00abInternacionales\u00bb","block_context":{"text":"Internacionales","link":"http:\/\/www.24baires.com\/?cat=73"},"img":{"alt_text":"","src":"https:\/\/i0.wp.com\/www.24baires.com\/wp-content\/uploads\/2018\/04\/lula-3.jpg?resize=350%2C200","width":350,"height":200,"srcset":"https:\/\/i0.wp.com\/www.24baires.com\/wp-content\/uploads\/2018\/04\/lula-3.jpg?resize=350%2C200 1x, https:\/\/i0.wp.com\/www.24baires.com\/wp-content\/uploads\/2018\/04\/lula-3.jpg?resize=525%2C300 1.5x"},"classes":[]}],"jetpack_sharing_enabled":true,"jetpack_likes_enabled":true,"jetpack_featured_media_url":"","_links":{"self":[{"href":"http:\/\/www.24baires.com\/index.php?rest_route=\/wp\/v2\/posts\/67162","targetHints":{"allow":["GET"]}}],"collection":[{"href":"http:\/\/www.24baires.com\/index.php?rest_route=\/wp\/v2\/posts"}],"about":[{"href":"http:\/\/www.24baires.com\/index.php?rest_route=\/wp\/v2\/types\/post"}],"author":[{"embeddable":true,"href":"http:\/\/www.24baires.com\/index.php?rest_route=\/wp\/v2\/users\/8"}],"replies":[{"embeddable":true,"href":"http:\/\/www.24baires.com\/index.php?rest_route=%2Fwp%2Fv2%2Fcomments&post=67162"}],"version-history":[{"count":1,"href":"http:\/\/www.24baires.com\/index.php?rest_route=\/wp\/v2\/posts\/67162\/revisions"}],"predecessor-version":[{"id":67164,"href":"http:\/\/www.24baires.com\/index.php?rest_route=\/wp\/v2\/posts\/67162\/revisions\/67164"}],"wp:attachment":[{"href":"http:\/\/www.24baires.com\/index.php?rest_route=%2Fwp%2Fv2%2Fmedia&parent=67162"}],"wp:term":[{"taxonomy":"category","embeddable":true,"href":"http:\/\/www.24baires.com\/index.php?rest_route=%2Fwp%2Fv2%2Fcategories&post=67162"},{"taxonomy":"post_tag","embeddable":true,"href":"http:\/\/www.24baires.com\/index.php?rest_route=%2Fwp%2Fv2%2Ftags&post=67162"}],"curies":[{"name":"wp","href":"https:\/\/api.w.org\/{rel}","templated":true}]}}