{"id":67089,"date":"2015-06-04T21:15:42","date_gmt":"2015-06-05T00:15:42","guid":{"rendered":"http:\/\/www.24baires.com\/?p=67089"},"modified":"2015-06-04T18:13:14","modified_gmt":"2015-06-04T21:13:14","slug":"sigue-creciendo-el-indice-de-confianza-en-el-gobierno-nacional","status":"publish","type":"post","link":"http:\/\/www.24baires.com\/?p=67089","title":{"rendered":"Sigue creciendo el \u00edndice de confianza en el Gobierno Nacional"},"content":{"rendered":"<p><img data-recalc-dims=\"1\" loading=\"lazy\" decoding=\"async\" class=\"aligncenter size-full wp-image-63421\" src=\"https:\/\/i0.wp.com\/www.24baires.com\/wp-content\/uploads\/2015\/03\/cristina4.jpg?resize=560%2C373\" alt=\"cristina4\" width=\"560\" height=\"373\" srcset=\"https:\/\/i0.wp.com\/www.24baires.com\/wp-content\/uploads\/2015\/03\/cristina4.jpg?w=560 560w, https:\/\/i0.wp.com\/www.24baires.com\/wp-content\/uploads\/2015\/03\/cristina4.jpg?resize=300%2C200 300w\" sizes=\"auto, (max-width: 560px) 100vw, 560px\" \/>Registr\u00f3 un aumento de 10% en mayo respecto de abril. As\u00ed lo establece el informe de \u00cdndice de Confianza en el Gobierno, que elabora la Universidad Torcuato Di Tella, a partir de una investigaci\u00f3n de Poliarqu\u00eda.<!--more--><\/p>\n<p>La mejor\u00eda es m\u00e1s pronunciada si se toman valores interanuales, ya que la confianza en la administraci\u00f3n nacional aument\u00f3 un 38% con respecto a mayo de 2014, cuando se ubicaba en 1,51.<\/p>\n<p>El \u00edndice, que utiliza una calificaci\u00f3n de 0 a 5 puntos, se ubic\u00f3 en 2,09 y registr\u00f3 el valor m\u00e1s alto desde mayo de 2012, cuando hab\u00eda trepado a 2,14 puntos. Es la tercera suba consecutiva desde febrero de este a\u00f1o.<\/p>\n<p>El momento m\u00e1s bajo de la serie medida por Poliarqu\u00eda y la Escuela de Gobierno de la UTDT es septiembre de 2002, con una marca de menos de medio punto.<\/p>\n<p>El estudio indaga en la percepci\u00f3n de los encuestados sobre cinco aspectos del Gobierno: imagen, capacidad, inter\u00e9s, eficiencia y honestidad. Fue la honestidad el atributo mejor valorado, con 2,43 puntos, lo que implica un incremento de 13% con respecto a abril en ese rubro.<\/p>\n<p>La eficiencia es el atributo que peor calificaci\u00f3n recogi\u00f3 entre los entrevistados, con un \u00edndice de 1,81 puntos. La capacidad, en tanto, registr\u00f3 un puntaje de 2,31, lo que representa un alza de 4% respecto del mes pasado.<\/p>\n<p>La consultora Poliarqu\u00eda realiza esta encuesta telef\u00f3nica entre 1200 casos, tomados en 40 localidades del pa\u00eds. El estudio tiene una periodicidad mensual y se hace desde fines de 2001.<\/p>\n<p>El Gran Buenos Aires es la regi\u00f3n en la que el Gobierno sale m\u00e1s favorecido, All\u00ed cosecha 2,23 puntos en el ICG. En las localidades del interior relevadas, el \u00edndice es de 2,09, id\u00e9ntico al promedio nacional. Mientras que el terreno m\u00e1s esquivo que marca el an\u00e1lisis es el de la ciudad de Buenos Aires, con 1,66 puntos.<\/p>\n","protected":false},"excerpt":{"rendered":"<p>Registr\u00f3 un aumento de 10% en mayo respecto de abril. As\u00ed lo establece el informe de \u00cdndice de Confianza en el Gobierno, que elabora la Universidad Torcuato Di Tella, a partir de una investigaci\u00f3n de Poliarqu\u00eda.<\/p>\n","protected":false},"author":8,"featured_media":0,"comment_status":"open","ping_status":"open","sticky":false,"template":"","format":"standard","meta":{"_jetpack_newsletter_access":"","_jetpack_dont_email_post_to_subs":false,"_jetpack_newsletter_tier_id":0,"_jetpack_memberships_contains_paywalled_content":false,"_jetpack_memberships_contains_paid_content":false,"footnotes":""},"categories":[51],"tags":[],"class_list":["post-67089","post","type-post","status-publish","format-standard","hentry","category-politica"],"jetpack_shortlink":"https:\/\/wp.me\/p2JWE0-hs5","jetpack-related-posts":[{"id":118085,"url":"http:\/\/www.24baires.com\/?p=118085","url_meta":{"origin":67089,"position":0},"title":"El \u00edndice de pobreza se ubic\u00f3 en el 40,6%","author":"AF","date":"30\/09\/2021","format":false,"excerpt":"En el primer semestre de 2020 el \u00edndice de pobreza se ubic\u00f3 en el 40,9%, mientras que en el \u00faltimo semestre del a\u00f1o pasado trep\u00f3 dos puntos porcentual, en 42%. El \u00edndice de pobreza se ubic\u00f3 en el 40,6% en el primer semestre del a\u00f1o 1,4 puntos porcentuales menos que\u2026","rel":"","context":"En \u00abSociedad\u00bb","block_context":{"text":"Sociedad","link":"http:\/\/www.24baires.com\/?cat=1"},"img":{"alt_text":"","src":"https:\/\/i0.wp.com\/www.24baires.com\/wp-content\/uploads\/2019\/04\/pobreza.jpg?resize=350%2C200","width":350,"height":200,"srcset":"https:\/\/i0.wp.com\/www.24baires.com\/wp-content\/uploads\/2019\/04\/pobreza.jpg?resize=350%2C200 1x, https:\/\/i0.wp.com\/www.24baires.com\/wp-content\/uploads\/2019\/04\/pobreza.jpg?resize=525%2C300 1.5x"},"classes":[]},{"id":111028,"url":"http:\/\/www.24baires.com\/?p=111028","url_meta":{"origin":67089,"position":1},"title":"Alimentos de la canasta b\u00e1sica aumentaron casi 8% por encima de la inflaci\u00f3n","author":"GB","date":"02\/07\/2019","format":false,"excerpt":"Los productos que m\u00e1s subieron fueron: la harina 98,6%, los fideos 93%, pollo 92,2%, leche 85,5%, arroz blanco 79,7%, y aceite de girasol un 70,7%. El Observatorio de Pol\u00edticas P\u00fablicas de la Universidad Nacional de Avellaneda (UNDAV) dio a conocer que una jubilaci\u00f3n media deber\u00e1 destinar el 94,3% de su\u2026","rel":"","context":"En \u00abEconom\u00eda\u00bb","block_context":{"text":"Econom\u00eda","link":"http:\/\/www.24baires.com\/?cat=45"},"img":{"alt_text":"","src":"https:\/\/i0.wp.com\/www.24baires.com\/wp-content\/uploads\/2018\/08\/supermercado.jpg?resize=350%2C200","width":350,"height":200,"srcset":"https:\/\/i0.wp.com\/www.24baires.com\/wp-content\/uploads\/2018\/08\/supermercado.jpg?resize=350%2C200 1x, https:\/\/i0.wp.com\/www.24baires.com\/wp-content\/uploads\/2018\/08\/supermercado.jpg?resize=525%2C300 1.5x"},"classes":[]},{"id":63929,"url":"http:\/\/www.24baires.com\/?p=63929","url_meta":{"origin":67089,"position":2},"title":"Cristina termina su mandato con la mejor imagen desde el retorno de la democracia","author":"GB","date":"06\/04\/2015","format":false,"excerpt":"El nivel de aceptaci\u00f3n de la Presidenta es del 40%, seg\u00fan las encuestas. Este gobierno \"llega al final mucho m\u00e1s fuerte que los anteriores desde que se recuper\u00f3 la democracia\", asegur\u00f3 el titular de la consultora Poliarqu\u00eda, Eduardo Fidanza. En declaraciones a Radio Mitre, el titular de Poliarqu\u00eda destac\u00f3 que\u2026","rel":"","context":"En \u00abPol\u00edtica\u00bb","block_context":{"text":"Pol\u00edtica","link":"http:\/\/www.24baires.com\/?cat=51"},"img":{"alt_text":"cristina selfie","src":"https:\/\/i0.wp.com\/www.24baires.com\/wp-content\/uploads\/2015\/04\/cristina-selfie.jpg?resize=350%2C200","width":350,"height":200,"srcset":"https:\/\/i0.wp.com\/www.24baires.com\/wp-content\/uploads\/2015\/04\/cristina-selfie.jpg?resize=350%2C200 1x, https:\/\/i0.wp.com\/www.24baires.com\/wp-content\/uploads\/2015\/04\/cristina-selfie.jpg?resize=525%2C300 1.5x"},"classes":[]},{"id":63467,"url":"http:\/\/www.24baires.com\/?p=63467","url_meta":{"origin":67089,"position":3},"title":"Frente para la Victoria es la fuerza con m\u00e1s intenci\u00f3n de voto","author":"GB","date":"22\/03\/2015","format":false,"excerpt":"Una encuesta elaborada por la consultora Poliarqu\u00eda arroja que el Frente para la Victoria es la fuerza nacional con mayor intenci\u00f3n de voto tanto en las PASO como en las elecciones generales de octubre. La consultora Poliarqu\u00eda difundi\u00f3 una muestra nacional sobre preferencias electorales de cara a las primarias abiertas\u2026","rel":"","context":"En \u00abPol\u00edtica\u00bb","block_context":{"text":"Pol\u00edtica","link":"http:\/\/www.24baires.com\/?cat=51"},"img":{"alt_text":"URNAS VOTOS","src":"https:\/\/i0.wp.com\/www.24baires.com\/wp-content\/uploads\/2013\/06\/URNAS-VOTOS.jpg?resize=350%2C200","width":350,"height":200,"srcset":"https:\/\/i0.wp.com\/www.24baires.com\/wp-content\/uploads\/2013\/06\/URNAS-VOTOS.jpg?resize=350%2C200 1x, https:\/\/i0.wp.com\/www.24baires.com\/wp-content\/uploads\/2013\/06\/URNAS-VOTOS.jpg?resize=525%2C300 1.5x"},"classes":[]},{"id":96179,"url":"http:\/\/www.24baires.com\/?p=96179","url_meta":{"origin":67089,"position":4},"title":"Seg\u00fan el INDEC una familia necesit\u00f3 en junio $ 14.800 para no caer en la pobreza","author":"Grupo Sierra","date":"25\/07\/2017","format":false,"excerpt":"La Canasta B\u00e1sica aument\u00f3 1% con respecto al mes anterior. En tanto, el nivel de indigencia subi\u00f3 0,9% y su costo se elev\u00f3 a 6.045,3 pesos para una familia tipo, seg\u00fan inform\u00f3 el INDEC. La Canasta B\u00e1sica Total (CBT), que define el nivel de pobreza, aument\u00f3 1% en junio respecto\u2026","rel":"","context":"En \u00abEconom\u00eda\u00bb","block_context":{"text":"Econom\u00eda","link":"http:\/\/www.24baires.com\/?cat=45"},"img":{"alt_text":"","src":"","width":0,"height":0},"classes":[]},{"id":110787,"url":"http:\/\/www.24baires.com\/?p=110787","url_meta":{"origin":67089,"position":5},"title":"La inflaci\u00f3n de mayo es de 3,1% y ya alcanza al 57,3% interanual","author":"AF","date":"13\/06\/2019","format":false,"excerpt":"As\u00ed lo inform\u00f3 el INDEC. El Indice de Precios al Consumidor (IPC) registr\u00f3 un incremento interanual que signific\u00f3 el nivel m\u00e1s alto desde la salida de la hiperinflaci\u00f3n de 1991. Argentina duplic\u00f3 su inflaci\u00f3n desde que recurri\u00f3 al FMI. Los precios minoristas registraron en mayo \u00faltimo un aumento del 3,1%\u2026","rel":"","context":"En \u00abEconom\u00eda\u00bb","block_context":{"text":"Econom\u00eda","link":"http:\/\/www.24baires.com\/?cat=45"},"img":{"alt_text":"","src":"https:\/\/i0.wp.com\/www.24baires.com\/wp-content\/uploads\/2018\/08\/supermercado.jpg?resize=350%2C200","width":350,"height":200,"srcset":"https:\/\/i0.wp.com\/www.24baires.com\/wp-content\/uploads\/2018\/08\/supermercado.jpg?resize=350%2C200 1x, https:\/\/i0.wp.com\/www.24baires.com\/wp-content\/uploads\/2018\/08\/supermercado.jpg?resize=525%2C300 1.5x"},"classes":[]}],"jetpack_sharing_enabled":true,"jetpack_likes_enabled":true,"jetpack_featured_media_url":"","_links":{"self":[{"href":"http:\/\/www.24baires.com\/index.php?rest_route=\/wp\/v2\/posts\/67089","targetHints":{"allow":["GET"]}}],"collection":[{"href":"http:\/\/www.24baires.com\/index.php?rest_route=\/wp\/v2\/posts"}],"about":[{"href":"http:\/\/www.24baires.com\/index.php?rest_route=\/wp\/v2\/types\/post"}],"author":[{"embeddable":true,"href":"http:\/\/www.24baires.com\/index.php?rest_route=\/wp\/v2\/users\/8"}],"replies":[{"embeddable":true,"href":"http:\/\/www.24baires.com\/index.php?rest_route=%2Fwp%2Fv2%2Fcomments&post=67089"}],"version-history":[{"count":1,"href":"http:\/\/www.24baires.com\/index.php?rest_route=\/wp\/v2\/posts\/67089\/revisions"}],"predecessor-version":[{"id":67090,"href":"http:\/\/www.24baires.com\/index.php?rest_route=\/wp\/v2\/posts\/67089\/revisions\/67090"}],"wp:attachment":[{"href":"http:\/\/www.24baires.com\/index.php?rest_route=%2Fwp%2Fv2%2Fmedia&parent=67089"}],"wp:term":[{"taxonomy":"category","embeddable":true,"href":"http:\/\/www.24baires.com\/index.php?rest_route=%2Fwp%2Fv2%2Fcategories&post=67089"},{"taxonomy":"post_tag","embeddable":true,"href":"http:\/\/www.24baires.com\/index.php?rest_route=%2Fwp%2Fv2%2Ftags&post=67089"}],"curies":[{"name":"wp","href":"https:\/\/api.w.org\/{rel}","templated":true}]}}