{"id":67085,"date":"2015-06-04T18:00:00","date_gmt":"2015-06-04T21:00:00","guid":{"rendered":"http:\/\/www.24baires.com\/?p=67085"},"modified":"2015-06-05T10:55:48","modified_gmt":"2015-06-05T13:55:48","slug":"emitieron-dictamen-a-proyectos-para-aplicar-el-codigo-penal","status":"publish","type":"post","link":"http:\/\/www.24baires.com\/?p=67085","title":{"rendered":"Emitieron dictamen a proyectos para aplicar el C\u00f3digo Penal"},"content":{"rendered":"<p><img data-recalc-dims=\"1\" loading=\"lazy\" decoding=\"async\" class=\"aligncenter size-full wp-image-67086\" src=\"https:\/\/i0.wp.com\/www.24baires.com\/wp-content\/uploads\/2015\/06\/comision-diputados.jpg?resize=560%2C262\" alt=\"comision diputados\" width=\"560\" height=\"262\" srcset=\"https:\/\/i0.wp.com\/www.24baires.com\/wp-content\/uploads\/2015\/06\/comision-diputados.jpg?w=560 560w, https:\/\/i0.wp.com\/www.24baires.com\/wp-content\/uploads\/2015\/06\/comision-diputados.jpg?resize=300%2C140 300w\" sizes=\"auto, (max-width: 560px) 100vw, 560px\" \/>Lo hizo un plenario de comisiones de la C\u00e1mara baja y ahora el oficialismo aspira a votar el mi\u00e9rcoles los proyectos para aplicar el C\u00f3digo desde el 1 de marzo de 2016.<!--more--><\/p>\n<p>Con la aplicaci\u00f3n de este nuevo r\u00e9gimen los fiscales tendr\u00e1n un rol central ya que deber\u00e1n estar a cargo de la investigaci\u00f3n de los delitos ocurridos en la justicia federal y nacional, mientras que los jueces deber\u00e1n definir los fallos sobre estos il\u00edcitos cometidos por los imputados.<\/p>\n<p>&nbsp;<\/p>\n<p>&nbsp;<\/p>\n<p>&nbsp;<\/p>\n<p>&nbsp;<\/p>\n<p>&nbsp;<\/p>\n<p>&nbsp;<\/p>\n<p>&nbsp;<\/p>\n<p>&nbsp;<\/p>\n<p>&nbsp;<\/p>\n<p>&nbsp;<\/p>\n<p>&nbsp;<\/p>\n<p>&nbsp;<\/p>\n<p>&nbsp;<\/p>\n<p>&nbsp;<\/p>\n<p>&nbsp;<\/p>\n<p>&nbsp;<\/p>\n","protected":false},"excerpt":{"rendered":"<p>Lo hizo un plenario de comisiones de la C\u00e1mara baja y ahora el oficialismo aspira a votar el mi\u00e9rcoles los proyectos para aplicar el C\u00f3digo desde el 1 de marzo de 2016.<\/p>\n","protected":false},"author":8,"featured_media":0,"comment_status":"open","ping_status":"open","sticky":false,"template":"","format":"standard","meta":{"_jetpack_newsletter_access":"","_jetpack_dont_email_post_to_subs":false,"_jetpack_newsletter_tier_id":0,"_jetpack_memberships_contains_paywalled_content":false,"_jetpack_memberships_contains_paid_content":false,"footnotes":""},"categories":[51],"tags":[],"class_list":["post-67085","post","type-post","status-publish","format-standard","hentry","category-politica"],"jetpack_shortlink":"https:\/\/wp.me\/p2JWE0-hs1","jetpack-related-posts":[{"id":102860,"url":"http:\/\/www.24baires.com\/?p=102860","url_meta":{"origin":67085,"position":0},"title":"Buscan que los funcionarios condenados por corrupci\u00f3n tengan penas m\u00e1s duras","author":"GB","date":"19\/06\/2018","format":false,"excerpt":"Macri enviar\u00e1 al Congreso la reforma al C\u00f3digo Penal que agrava las penas actuales. Pero no se pueden aplicar para las causas que ya est\u00e1n en tr\u00e1mite Los funcionarios del actual gobierno nacional de Mauricio Macri y de los que lo sucedan tendr\u00e1n m\u00e1s penas que las actuales en el\u2026","rel":"","context":"En \u00abPol\u00edtica\u00bb","block_context":{"text":"Pol\u00edtica","link":"http:\/\/www.24baires.com\/?cat=51"},"img":{"alt_text":"","src":"https:\/\/i0.wp.com\/www.24baires.com\/wp-content\/uploads\/2018\/05\/macri-olivos.jpg?resize=350%2C200","width":350,"height":200,"srcset":"https:\/\/i0.wp.com\/www.24baires.com\/wp-content\/uploads\/2018\/05\/macri-olivos.jpg?resize=350%2C200 1x, https:\/\/i0.wp.com\/www.24baires.com\/wp-content\/uploads\/2018\/05\/macri-olivos.jpg?resize=525%2C300 1.5x"},"classes":[]},{"id":110760,"url":"http:\/\/www.24baires.com\/?p=110760","url_meta":{"origin":67085,"position":1},"title":"Buscan que la violencia de g\u00e9nero se investigue con o sin denuncia de la v\u00edctima","author":"GB","date":"12\/06\/2019","format":false,"excerpt":"El Gobierno propuso un proyecto de ley para que el delito se convierta en uno de instancia p\u00fablica. Los cr\u00edmenes de violencia de g\u00e9nero podr\u00edan dejar de ser considerados de instancia privada y se convertir\u00edan en delitos de instancia p\u00fablica. Eso propone un proyecto que present\u00f3 la ministra de Seguridad,\u2026","rel":"","context":"En \u00abLocales\u00bb","block_context":{"text":"Locales","link":"http:\/\/www.24baires.com\/?cat=38"},"img":{"alt_text":"","src":"https:\/\/i0.wp.com\/www.24baires.com\/wp-content\/uploads\/2018\/06\/ni-una-menos.jpg?resize=350%2C200","width":350,"height":200,"srcset":"https:\/\/i0.wp.com\/www.24baires.com\/wp-content\/uploads\/2018\/06\/ni-una-menos.jpg?resize=350%2C200 1x, https:\/\/i0.wp.com\/www.24baires.com\/wp-content\/uploads\/2018\/06\/ni-una-menos.jpg?resize=525%2C300 1.5x"},"classes":[]},{"id":101295,"url":"http:\/\/www.24baires.com\/?p=101295","url_meta":{"origin":67085,"position":2},"title":"El Gobierno limita el acceso a los c\u00f3digos de descuento de los sueldos estatales","author":"GB","date":"27\/03\/2018","format":false,"excerpt":"El Gobierno bonaerense reorganizar\u00e1 el acceso a los c\u00f3digos de descuento de los sueldos estatales, un mecanismo utilizado por gremios, mutuales y otras entidades para debitar servicios, cuotas de afiliaci\u00f3n y de cr\u00e9ditos personales. La medida, publicada hoy en el Bolet\u00edn Oficial, deroga un decreto del a\u00f1o 2000 y lo\u2026","rel":"","context":"En \u00abProvincia\u00bb","block_context":{"text":"Provincia","link":"http:\/\/www.24baires.com\/?cat=40"},"img":{"alt_text":"","src":"https:\/\/i0.wp.com\/www.24baires.com\/wp-content\/uploads\/2018\/01\/vidal-anuncios.jpg?resize=350%2C200","width":350,"height":200,"srcset":"https:\/\/i0.wp.com\/www.24baires.com\/wp-content\/uploads\/2018\/01\/vidal-anuncios.jpg?resize=350%2C200 1x, https:\/\/i0.wp.com\/www.24baires.com\/wp-content\/uploads\/2018\/01\/vidal-anuncios.jpg?resize=525%2C300 1.5x"},"classes":[]},{"id":101040,"url":"http:\/\/www.24baires.com\/?p=101040","url_meta":{"origin":67085,"position":3},"title":"Megadenuncia contra Macri y m\u00e1s funcionarios por abuso de autoridad","author":"AF","date":"13\/03\/2018","format":false,"excerpt":"Adem\u00e1s del Presidente, el escrito involucra a Marcos Pe\u00f1a, Guillermo Dietrich, Germ\u00e1n Garavano, Oscar Aguad, Sergio Bergman, Mar\u00eda Eugenia Vidal y muchos otros representantes del gobierno de Cambiemos, por irregularidades en el aeropuerto de El Palomar y Flybondi. La abogada Claudia Sambro Merlo present\u00f3 una denuncia penal contra 23 funcionarios\u2026","rel":"","context":"En \u00abJUDICIALES\u00bb","block_context":{"text":"JUDICIALES","link":"http:\/\/www.24baires.com\/?cat=68"},"img":{"alt_text":"","src":"https:\/\/i0.wp.com\/www.24baires.com\/wp-content\/uploads\/2017\/12\/retiro-chapadmalal.jpg?resize=350%2C200","width":350,"height":200,"srcset":"https:\/\/i0.wp.com\/www.24baires.com\/wp-content\/uploads\/2017\/12\/retiro-chapadmalal.jpg?resize=350%2C200 1x, https:\/\/i0.wp.com\/www.24baires.com\/wp-content\/uploads\/2017\/12\/retiro-chapadmalal.jpg?resize=525%2C300 1.5x"},"classes":[]},{"id":105371,"url":"http:\/\/www.24baires.com\/?p=105371","url_meta":{"origin":67085,"position":4},"title":"La Legislatura debatir\u00e1 un \u00abC\u00f3digo de Faltas Ambientales\u00bb","author":"AF","date":"09\/11\/2018","format":false,"excerpt":"La gobernadora Mar\u00eda Eugenia Vidal enviar\u00e1 a la legislatura un proyecto de \"C\u00f3digo de Procedimiento de Faltas Ambiental\", una iniciativa que busca unificar la legislaci\u00f3n dispersa sobre el medio ambiente. La iniciativa fue anunciada hoy durante una jornada sobre \"Justicia y Ambiente: Hacia un desarrollo sostenible de la Provincia de\u2026","rel":"","context":"En \u00abSociedad\u00bb","block_context":{"text":"Sociedad","link":"http:\/\/www.24baires.com\/?cat=1"},"img":{"alt_text":"","src":"https:\/\/i0.wp.com\/www.24baires.com\/wp-content\/uploads\/2018\/11\/5be615971798d1541805463-1.jpeg?resize=350%2C200","width":350,"height":200,"srcset":"https:\/\/i0.wp.com\/www.24baires.com\/wp-content\/uploads\/2018\/11\/5be615971798d1541805463-1.jpeg?resize=350%2C200 1x, https:\/\/i0.wp.com\/www.24baires.com\/wp-content\/uploads\/2018\/11\/5be615971798d1541805463-1.jpeg?resize=525%2C300 1.5x"},"classes":[]},{"id":90281,"url":"http:\/\/www.24baires.com\/?p=90281","url_meta":{"origin":67085,"position":5},"title":"Multar\u00e1n a las empresas que tarden m\u00e1s de media hora en atender a sus clientes","author":"AF","date":"27\/11\/2016","format":false,"excerpt":"El senado bonaerense aprob\u00f3 un proyecto de Ley del senador Andr\u00e9s De Leo (Cambiemos), por el cual las entidades financieras y empresas prestatarias de servicios p\u00fablicos tendr\u00e1n un l\u00edmite de 30 minutos, para atender a sus clientes, para no ser objeto de multas y sanciones. El proyecto que ahora deber\u00e1\u2026","rel":"","context":"En \u00abSociedad\u00bb","block_context":{"text":"Sociedad","link":"http:\/\/www.24baires.com\/?cat=1"},"img":{"alt_text":"cola de jubilados","src":"https:\/\/i0.wp.com\/www.24baires.com\/wp-content\/uploads\/2013\/06\/cola-de-jubilados.jpg?resize=350%2C200","width":350,"height":200,"srcset":"https:\/\/i0.wp.com\/www.24baires.com\/wp-content\/uploads\/2013\/06\/cola-de-jubilados.jpg?resize=350%2C200 1x, https:\/\/i0.wp.com\/www.24baires.com\/wp-content\/uploads\/2013\/06\/cola-de-jubilados.jpg?resize=525%2C300 1.5x"},"classes":[]}],"jetpack_sharing_enabled":true,"jetpack_likes_enabled":true,"jetpack_featured_media_url":"","_links":{"self":[{"href":"http:\/\/www.24baires.com\/index.php?rest_route=\/wp\/v2\/posts\/67085","targetHints":{"allow":["GET"]}}],"collection":[{"href":"http:\/\/www.24baires.com\/index.php?rest_route=\/wp\/v2\/posts"}],"about":[{"href":"http:\/\/www.24baires.com\/index.php?rest_route=\/wp\/v2\/types\/post"}],"author":[{"embeddable":true,"href":"http:\/\/www.24baires.com\/index.php?rest_route=\/wp\/v2\/users\/8"}],"replies":[{"embeddable":true,"href":"http:\/\/www.24baires.com\/index.php?rest_route=%2Fwp%2Fv2%2Fcomments&post=67085"}],"version-history":[{"count":1,"href":"http:\/\/www.24baires.com\/index.php?rest_route=\/wp\/v2\/posts\/67085\/revisions"}],"predecessor-version":[{"id":67087,"href":"http:\/\/www.24baires.com\/index.php?rest_route=\/wp\/v2\/posts\/67085\/revisions\/67087"}],"wp:attachment":[{"href":"http:\/\/www.24baires.com\/index.php?rest_route=%2Fwp%2Fv2%2Fmedia&parent=67085"}],"wp:term":[{"taxonomy":"category","embeddable":true,"href":"http:\/\/www.24baires.com\/index.php?rest_route=%2Fwp%2Fv2%2Fcategories&post=67085"},{"taxonomy":"post_tag","embeddable":true,"href":"http:\/\/www.24baires.com\/index.php?rest_route=%2Fwp%2Fv2%2Ftags&post=67085"}],"curies":[{"name":"wp","href":"https:\/\/api.w.org\/{rel}","templated":true}]}}