{"id":67066,"date":"2015-06-04T16:10:46","date_gmt":"2015-06-04T19:10:46","guid":{"rendered":"http:\/\/www.24baires.com\/?p=67066"},"modified":"2015-06-05T10:55:46","modified_gmt":"2015-06-05T13:55:46","slug":"randazzo-demostro-desde-la-gestion-tener-todas-las-aptitudes-para-ser-presidente","status":"publish","type":"post","link":"http:\/\/www.24baires.com\/?p=67066","title":{"rendered":"\u00abRandazzo demostr\u00f3 desde la gesti\u00f3n tener todas las aptitudes para ser presidente\u00bb"},"content":{"rendered":"<p><img data-recalc-dims=\"1\" loading=\"lazy\" decoding=\"async\" class=\"aligncenter size-full wp-image-67067\" src=\"https:\/\/i0.wp.com\/www.24baires.com\/wp-content\/uploads\/2015\/06\/randazzo-alt-brown.jpg?resize=560%2C349\" alt=\"randazzo alt brown\" width=\"560\" height=\"349\" srcset=\"https:\/\/i0.wp.com\/www.24baires.com\/wp-content\/uploads\/2015\/06\/randazzo-alt-brown.jpg?w=560 560w, https:\/\/i0.wp.com\/www.24baires.com\/wp-content\/uploads\/2015\/06\/randazzo-alt-brown.jpg?resize=300%2C187 300w\" sizes=\"auto, (max-width: 560px) 100vw, 560px\" \/>El intendente de <strong>Almirante Brown<\/strong> y el ministro del Interior y Transporte recorrieron las obras que se llevan a cabo en la estaci\u00f3n Burzaco de la l\u00ednea Roca, donde el jefe comunal reivindic\u00f3 su pertenencia al Frente para la Victoria.<!--more--><\/p>\n<p>Durante la recorrida, Bolettieri defini\u00f3 a la presencia de Randazzo en su distrito como \u00abuna satisfacci\u00f3n para todos los vecinos de Almirante Brown\u00bb, y asegur\u00f3 que el ministro \u00abes alguien que ha hecho mucho desde la gesti\u00f3n desde el gobierno nacional para poner en valor programas important\u00edsimos que han mejorado la calidad de vida de los vecinos\u00bb.<\/p>\n<p>Consultado sobre la candidatura de Randazzo, el intendente afirm\u00f3 que \u00abha demostrado desde la gesti\u00f3n tener todas las aptitudes para ser candidato y poder ser Presidente de la Naci\u00f3n, por supuesto\u00bb.<\/p>\n<p>Respecto del futuro en el cuarto municipio m\u00e1s importante de la Tercera Secci\u00f3n electoral bonaerense, Bolettieri dej\u00f3 en claro que quien conduce su sector a nivel local es el diputado nacional Dar\u00edo Giustozzi, quien ser\u00e1 \u00abel encargado de definir las pol\u00edticas a nivel distrital\u00bb.<\/p>\n<p>\u00abLe hemos pedido a Dar\u00edo Giustozzi que sea nuestro candidato a Intendente para continuar el proceso de transformaci\u00f3n en el distrito, y por supuesto vamos a apoyar a aquellos hombres que trabajan mucho por la naci\u00f3n, para que el proyecto contin\u00fae, apoyando al Frente para la Victoria\u00bb, concluy\u00f3 el Intendente.<\/p>\n<p>&nbsp;<\/p>\n<p>&nbsp;<\/p>\n<p>&nbsp;<\/p>\n<p>&nbsp;<\/p>\n","protected":false},"excerpt":{"rendered":"<p>El intendente de Almirante Brown y el ministro del Interior y Transporte recorrieron las obras que se llevan a cabo en la estaci\u00f3n Burzaco de la l\u00ednea Roca, donde el jefe comunal reivindic\u00f3 su pertenencia al Frente para la Victoria.<\/p>\n","protected":false},"author":8,"featured_media":0,"comment_status":"open","ping_status":"open","sticky":false,"template":"","format":"standard","meta":{"_jetpack_newsletter_access":"","_jetpack_dont_email_post_to_subs":false,"_jetpack_newsletter_tier_id":0,"_jetpack_memberships_contains_paywalled_content":false,"_jetpack_memberships_contains_paid_content":false,"footnotes":""},"categories":[51],"tags":[],"class_list":["post-67066","post","type-post","status-publish","format-standard","hentry","category-politica"],"jetpack_shortlink":"https:\/\/wp.me\/p2JWE0-hrI","jetpack-related-posts":[{"id":112373,"url":"http:\/\/www.24baires.com\/?p=112373","url_meta":{"origin":67066,"position":0},"title":"Fern\u00e1ndez tild\u00f3 al Gobierno de \u201cmalandras\u201d: \u00abAgarran el poder y lo usan para sus negocios\u00bb","author":"AF","date":"04\/10\/2019","format":false,"excerpt":"\u00a0JUN\u00cdN - \"Vamos a cumplir con las obligaciones que nos dejan estos malandras pero antes vamos a cumplir con nuestra gente\", sostuvo el candidato a presidente en su primer acto con Randazzo, a quien consider\u00f3 \"ministeriable\". De gira en la cuarta secci\u00f3n electoral, el candidato a presidente del Frente de\u2026","rel":"","context":"En \u00abPol\u00edtica\u00bb","block_context":{"text":"Pol\u00edtica","link":"http:\/\/www.24baires.com\/?cat=51"},"img":{"alt_text":"","src":"https:\/\/i0.wp.com\/www.24baires.com\/wp-content\/uploads\/2019\/10\/fern%C3%A1ndez-jun%C3%ADn.jpg?resize=350%2C200","width":350,"height":200,"srcset":"https:\/\/i0.wp.com\/www.24baires.com\/wp-content\/uploads\/2019\/10\/fern%C3%A1ndez-jun%C3%ADn.jpg?resize=350%2C200 1x, https:\/\/i0.wp.com\/www.24baires.com\/wp-content\/uploads\/2019\/10\/fern%C3%A1ndez-jun%C3%ADn.jpg?resize=525%2C300 1.5x"},"classes":[]},{"id":56814,"url":"http:\/\/www.24baires.com\/?p=56814","url_meta":{"origin":67066,"position":1},"title":"Analizan prorrogar el plazo para renovar el DNI","author":"GB","date":"09\/11\/2014","format":false,"excerpt":"Lo indic\u00f3 ayer el ministro del Interior y Transporte, Florencio Randazzo. Adem\u00e1s, ratific\u00f3 su precandidatura a Presidente. El ministro del Interior y Transporte, Florencio Randazzo, anunci\u00f3 ayer que \u201cexiste la posibilidad de prorrogar el plazo para renovar el Documento Nacional de Identidad (DNI)\u201d. Randazzo critic\u00f3 las demoras en los tr\u00e1mites\u2026","rel":"","context":"En \u00abSociedad\u00bb","block_context":{"text":"Sociedad","link":"http:\/\/www.24baires.com\/?cat=1"},"img":{"alt_text":"DNI tarjeta","src":"https:\/\/i0.wp.com\/www.24baires.com\/wp-content\/uploads\/2012\/11\/DNI-tarjeta.jpg?resize=350%2C200","width":350,"height":200,"srcset":"https:\/\/i0.wp.com\/www.24baires.com\/wp-content\/uploads\/2012\/11\/DNI-tarjeta.jpg?resize=350%2C200 1x, https:\/\/i0.wp.com\/www.24baires.com\/wp-content\/uploads\/2012\/11\/DNI-tarjeta.jpg?resize=525%2C300 1.5x"},"classes":[]},{"id":113927,"url":"http:\/\/www.24baires.com\/?p=113927","url_meta":{"origin":67066,"position":2},"title":"Clausuran supermercado por cobrar recargos a las compras con la tarjeta AlimentAR","author":"GB","date":"27\/01\/2020","format":false,"excerpt":"Se trata de un comercio de Almirante Brown, que fue encontrado en infracci\u00f3n por las inspecciones que realiza el municipio En el marco de los controles que lleva adelante habitualmente la Direcci\u00f3n General de Inspecci\u00f3n del Municipio de Almirante Brown, se realiz\u00f3 un operativo en el que se detectaron diversas\u2026","rel":"","context":"En \u00abMunicipios\u00bb","block_context":{"text":"Municipios","link":"http:\/\/www.24baires.com\/?cat=44"},"img":{"alt_text":"","src":"https:\/\/i0.wp.com\/www.24baires.com\/wp-content\/uploads\/2013\/03\/supermercado2.jpg?resize=350%2C200","width":350,"height":200,"srcset":"https:\/\/i0.wp.com\/www.24baires.com\/wp-content\/uploads\/2013\/03\/supermercado2.jpg?resize=350%2C200 1x, https:\/\/i0.wp.com\/www.24baires.com\/wp-content\/uploads\/2013\/03\/supermercado2.jpg?resize=525%2C300 1.5x"},"classes":[]},{"id":120461,"url":"http:\/\/www.24baires.com\/?p=120461","url_meta":{"origin":67066,"position":3},"title":"\u201cConstruimos escuelas en todos los barrios porque son f\u00e1bricas que producen futuro\u00bb","author":"AF","date":"12\/09\/2023","format":false,"excerpt":"El Gobernador inaugur\u00f3 la Escuela Secundaria N\u00b0 81 y la ampliaci\u00f3n de la Primaria N\u00b0 83 en la localidad de Ministro Rivadavia. El gobernador de la provincia de Buenos Aires, Axel Kicillof, encabez\u00f3 este martes en Almirante Brown la inauguraci\u00f3n de la Escuela Secundaria N\u00b081 y puso en funcionamiento 10\u2026","rel":"","context":"En \u00abProvincia\u00bb","block_context":{"text":"Provincia","link":"http:\/\/www.24baires.com\/?cat=40"},"img":{"alt_text":"","src":"https:\/\/i0.wp.com\/www.24baires.com\/wp-content\/uploads\/2023\/09\/WhatsApp-Image-2023-09-12-at-20.06.06.jpeg?resize=350%2C200","width":350,"height":200,"srcset":"https:\/\/i0.wp.com\/www.24baires.com\/wp-content\/uploads\/2023\/09\/WhatsApp-Image-2023-09-12-at-20.06.06.jpeg?resize=350%2C200 1x, https:\/\/i0.wp.com\/www.24baires.com\/wp-content\/uploads\/2023\/09\/WhatsApp-Image-2023-09-12-at-20.06.06.jpeg?resize=525%2C300 1.5x, https:\/\/i0.wp.com\/www.24baires.com\/wp-content\/uploads\/2023\/09\/WhatsApp-Image-2023-09-12-at-20.06.06.jpeg?resize=700%2C400 2x"},"classes":[]},{"id":114552,"url":"http:\/\/www.24baires.com\/?p=114552","url_meta":{"origin":67066,"position":4},"title":"Kicillof visit\u00f3 tres distritos del conurbano para dar respuesta a la pandemia","author":"AF","date":"30\/03\/2020","format":false,"excerpt":"Acompa\u00f1ado por Sergio Berni, el gobernador bonaerense visit\u00f3 los comit\u00e9s de emergencia de Almirante Brown, Lomas de Zamora y Esteban Echeverr\u00eda. El gobernador bonaerense, Axel Kicillof, desembarc\u00f3 este lunes en el Conurbano, con visitas a los comit\u00e9s de emergencia de Almirante Brown, Lomas de Zamora y Esteban Echeverr\u00eda, desde donde\u2026","rel":"","context":"En \u00abProvincia\u00bb","block_context":{"text":"Provincia","link":"http:\/\/www.24baires.com\/?cat=40"},"img":{"alt_text":"","src":"https:\/\/i0.wp.com\/www.24baires.com\/wp-content\/uploads\/2020\/03\/kicillofff.jpg?resize=350%2C200","width":350,"height":200,"srcset":"https:\/\/i0.wp.com\/www.24baires.com\/wp-content\/uploads\/2020\/03\/kicillofff.jpg?resize=350%2C200 1x, https:\/\/i0.wp.com\/www.24baires.com\/wp-content\/uploads\/2020\/03\/kicillofff.jpg?resize=525%2C300 1.5x"},"classes":[]},{"id":113808,"url":"http:\/\/www.24baires.com\/?p=113808","url_meta":{"origin":67066,"position":5},"title":"Cafiero se reuni\u00f3 con intendentes bonaerenses para la coordinaci\u00f3n de Precios Cuidados","author":"GB","date":"15\/01\/2020","format":false,"excerpt":"El jefe de Gabinete, Santiago Cafiero, encabez\u00f3 una reuni\u00f3n en la Casa Rosada con intendentes del conurbano bonaerense enrolados en el Frente de Todos, con el objeto de coordinar junto con todos los niveles gubernamentales la aplicaci\u00f3n del programa de Precios Cuidados en sus respectivos municipios. El ministro coordinador destac\u00f3\u2026","rel":"","context":"En \u00abPol\u00edtica\u00bb","block_context":{"text":"Pol\u00edtica","link":"http:\/\/www.24baires.com\/?cat=51"},"img":{"alt_text":"","src":"https:\/\/i0.wp.com\/www.24baires.com\/wp-content\/uploads\/2020\/01\/cafiero-intendentes.jpg?resize=350%2C200","width":350,"height":200,"srcset":"https:\/\/i0.wp.com\/www.24baires.com\/wp-content\/uploads\/2020\/01\/cafiero-intendentes.jpg?resize=350%2C200 1x, https:\/\/i0.wp.com\/www.24baires.com\/wp-content\/uploads\/2020\/01\/cafiero-intendentes.jpg?resize=525%2C300 1.5x"},"classes":[]}],"jetpack_sharing_enabled":true,"jetpack_likes_enabled":true,"jetpack_featured_media_url":"","_links":{"self":[{"href":"http:\/\/www.24baires.com\/index.php?rest_route=\/wp\/v2\/posts\/67066","targetHints":{"allow":["GET"]}}],"collection":[{"href":"http:\/\/www.24baires.com\/index.php?rest_route=\/wp\/v2\/posts"}],"about":[{"href":"http:\/\/www.24baires.com\/index.php?rest_route=\/wp\/v2\/types\/post"}],"author":[{"embeddable":true,"href":"http:\/\/www.24baires.com\/index.php?rest_route=\/wp\/v2\/users\/8"}],"replies":[{"embeddable":true,"href":"http:\/\/www.24baires.com\/index.php?rest_route=%2Fwp%2Fv2%2Fcomments&post=67066"}],"version-history":[{"count":1,"href":"http:\/\/www.24baires.com\/index.php?rest_route=\/wp\/v2\/posts\/67066\/revisions"}],"predecessor-version":[{"id":67068,"href":"http:\/\/www.24baires.com\/index.php?rest_route=\/wp\/v2\/posts\/67066\/revisions\/67068"}],"wp:attachment":[{"href":"http:\/\/www.24baires.com\/index.php?rest_route=%2Fwp%2Fv2%2Fmedia&parent=67066"}],"wp:term":[{"taxonomy":"category","embeddable":true,"href":"http:\/\/www.24baires.com\/index.php?rest_route=%2Fwp%2Fv2%2Fcategories&post=67066"},{"taxonomy":"post_tag","embeddable":true,"href":"http:\/\/www.24baires.com\/index.php?rest_route=%2Fwp%2Fv2%2Ftags&post=67066"}],"curies":[{"name":"wp","href":"https:\/\/api.w.org\/{rel}","templated":true}]}}