{"id":66983,"date":"2015-06-03T12:40:57","date_gmt":"2015-06-03T15:40:57","guid":{"rendered":"http:\/\/www.24baires.com\/?p=66983"},"modified":"2015-06-04T10:30:39","modified_gmt":"2015-06-04T13:30:39","slug":"la-presidenta-encabeza-un-acto-en-mendoza","status":"publish","type":"post","link":"http:\/\/www.24baires.com\/?p=66983","title":{"rendered":"\u201cEste proyecto cerr\u00f3 el balance social\u201d"},"content":{"rendered":"<p><img data-recalc-dims=\"1\" loading=\"lazy\" decoding=\"async\" class=\"aligncenter size-full wp-image-66990\" src=\"https:\/\/i0.wp.com\/www.24baires.com\/wp-content\/uploads\/2015\/06\/cristina-en-mendoza.png?resize=560%2C313\" alt=\"cristina en mendoza\" width=\"560\" height=\"313\" srcset=\"https:\/\/i0.wp.com\/www.24baires.com\/wp-content\/uploads\/2015\/06\/cristina-en-mendoza.png?w=560 560w, https:\/\/i0.wp.com\/www.24baires.com\/wp-content\/uploads\/2015\/06\/cristina-en-mendoza.png?resize=300%2C168 300w\" sizes=\"auto, (max-width: 560px) 100vw, 560px\" \/>La Presidenta inaugur\u00f3 la Unidad de Diagn\u00f3stico Intensivo Dr. Metraux en Maip\u00fa, junto al gobernador Francisco P\u00e9rez.<!--more--><\/p>\n<p>\u00abAqu\u00ed est\u00e1, por primera vez en toda la historia de la Patria, un gobierno nacional que decide compartir con el resto de los argentinos un derecho como es el de exportaci\u00f3n y decidimos compartirlos para obras de infraestructura para los 40 millones de argentinos\u00bb, se\u00f1al\u00f3 Cristina Fern\u00e1ndez de Kirchner, al destacar que la financiaci\u00f3n de de la ampliaci\u00f3n del hospital Metraux, ubicado en la zona este del departamento de Maip\u00fa, en Mendoza, se realiz\u00f3 con el Fondo Federal Solidario de la Soja.<\/p>\n<p>Hizo un llamado a la sociedad y aclar\u00f3 que \u00abhay que militar y trabajar para mantener las pol\u00edticas p\u00fablicas\u201d del modelo. \u00abEste proyecto cerr\u00f3 el balance social\u00bb, destac\u00f3 la jefa de Estado.<\/p>\n<p>Tambi\u00e9n remarc\u00f3 que \u00abArgentina preside por tercera vez la organizaci\u00f3n de pa\u00edses proveedores de energ\u00eda nuclear\u00bb, informaci\u00f3n que \u00abno se va a encontrar en los diarios\u00bb. \u00abVamos a seguir construyendo centrales nucleares en la Argentina\u00bb, asegur\u00f3 a rengl\u00f3n seguido.<\/p>\n<p>Explic\u00f3, en ese marco, que \u00abes energ\u00eda no contaminante y es m\u00e1s barata tambi\u00e9n\u00bb. \u00abArgentina no es un pa\u00eds de armas nucleares sino un pa\u00eds de medicina y energ\u00eda nuclear\u00bb, subray\u00f3, al tiempo que aclar\u00f3: \u00abNo nos interesa el poder ofensivo sino que nos interesa defender la vida humana\u00bb.<\/p>\n<p>\u00abCreemos que cada pa\u00eds debe tener acceso a la energ\u00eda nuclear, pero garantizando que sea para fines pac\u00edficos\u00bb, apunt\u00f3 la Presidenta durante el acto, en el cual estuvo secundada por el ministro de Econom\u00eda, Axel Kicillof.<\/p>\n<p>Obras sobre la ruta 40. La Mnadataria pidi\u00f3, tambi\u00e9n, a los argentinos que \u00abpiensen que en sus manos est\u00e1 el destino\u00bb del pa\u00eds, al encabezar en Mendoza la inauguraci\u00f3n de parte de la ruta 40, a la que defini\u00f3 como la \u00abcolumna vertebral\u00bb de la Argentina.<\/p>\n<p>\u00abQue los argentinos piensen que est\u00e1 en sus manos el destino. Hicimos la mayor parte y falta un cachito. Depende de todos ustedes que podamos terminar esta ruta que durante a\u00f1os estuvo paralizada\u00bb, se\u00f1al\u00f3.<\/p>\n<p>&nbsp;<\/p>\n<p>&nbsp;<\/p>\n<p>&nbsp;<\/p>\n<p>&nbsp;<\/p>\n<p>&nbsp;<\/p>\n<p>&nbsp;<\/p>\n<p>&nbsp;<\/p>\n<p>&nbsp;<\/p>\n<p>&nbsp;<\/p>\n<p>&nbsp;<\/p>\n<p>&nbsp;<\/p>\n<p>&nbsp;<\/p>\n<p>&nbsp;<\/p>\n<p>&nbsp;<\/p>\n<p>&nbsp;<\/p>\n<p>&nbsp;<\/p>\n<p>&nbsp;<\/p>\n","protected":false},"excerpt":{"rendered":"<p>La Presidenta inaugur\u00f3 la Unidad de Diagn\u00f3stico Intensivo Dr. Metraux en Maip\u00fa, junto al gobernador Francisco P\u00e9rez.<\/p>\n","protected":false},"author":8,"featured_media":0,"comment_status":"open","ping_status":"open","sticky":false,"template":"","format":"standard","meta":{"_jetpack_newsletter_access":"","_jetpack_dont_email_post_to_subs":false,"_jetpack_newsletter_tier_id":0,"_jetpack_memberships_contains_paywalled_content":false,"_jetpack_memberships_contains_paid_content":false,"footnotes":""},"categories":[51],"tags":[],"class_list":["post-66983","post","type-post","status-publish","format-standard","hentry","category-politica"],"jetpack_shortlink":"https:\/\/wp.me\/p2JWE0-hqn","jetpack-related-posts":[{"id":120208,"url":"http:\/\/www.24baires.com\/?p=120208","url_meta":{"origin":66983,"position":0},"title":"Kicillof present\u00f3 el \u00abPrograma Bonaerense por el Ambiente\u00bb en Maip\u00fa","author":"GB","date":"22\/06\/2023","format":false,"excerpt":"En el acto hizo entrega de 115 bicicletas del programa \u201cMovilidad Sustentable\u201da estudiantes. Tambi\u00e9n inaugur\u00f3 la sede del Programa en un anexo del Centro de Formaci\u00f3n Profesional N\u00b0401. Se suma a las ya existentes en Lomas de Zamora, Brandsen y 25 de Mayo. El gobernador, Axel Kicillof, encabez\u00f3 este mi\u00e9rcoles\u2026","rel":"","context":"En \u00abPol\u00edtica\u00bb","block_context":{"text":"Pol\u00edtica","link":"http:\/\/www.24baires.com\/?cat=51"},"img":{"alt_text":"","src":"https:\/\/i0.wp.com\/www.24baires.com\/wp-content\/uploads\/2023\/06\/kici.png?resize=350%2C200","width":350,"height":200,"srcset":"https:\/\/i0.wp.com\/www.24baires.com\/wp-content\/uploads\/2023\/06\/kici.png?resize=350%2C200 1x, https:\/\/i0.wp.com\/www.24baires.com\/wp-content\/uploads\/2023\/06\/kici.png?resize=525%2C300 1.5x, https:\/\/i0.wp.com\/www.24baires.com\/wp-content\/uploads\/2023\/06\/kici.png?resize=700%2C400 2x"},"classes":[]},{"id":45799,"url":"http:\/\/www.24baires.com\/?p=45799","url_meta":{"origin":66983,"position":1},"title":"Cristina y Bachelet buscar\u00e1n \u00abrelanzar y reimpulsar\u00bb la relaci\u00f3n bilateral","author":"AF","date":"12\/05\/2014","format":false,"excerpt":"La Presidenta y su par de Chile destacaron que buscan \"retomar con fuerza\" las relaciones y \"derrotar la desigualdad\" de la regi\u00f3n. Ambas mandatarias comparten un almuerzo en Casa de Gobierno. \"Han quedado muchas tareas pendientes e inconclusas. Hemos aprendido en todos estos a\u00f1os que las individualidades o los pa\u00edses\u2026","rel":"","context":"En \u00abPol\u00edtica\u00bb","block_context":{"text":"Pol\u00edtica","link":"http:\/\/www.24baires.com\/?cat=51"},"img":{"alt_text":"","src":"https:\/\/i0.wp.com\/www.24baires.com\/wp-content\/uploads\/2014\/05\/cristina-y-bachelet.jpg?resize=350%2C200","width":350,"height":200},"classes":[]},{"id":119086,"url":"http:\/\/www.24baires.com\/?p=119086","url_meta":{"origin":66983,"position":2},"title":"Maip\u00fa: procesaron a intendente de JxC por fraude electoral","author":"AF","date":"12\/07\/2022","format":false,"excerpt":"El juez federal Alejo Ramos Padilla acus\u00f3 a Mat\u00edas Rapallini de Cambiemos junto a otras siete personas vinculadas al municipio por haber retenido los documentos de al menos 27 votantes en las elecciones de 2019. \u201cEn caso de no entregarlos, perder\u00edan su trabajo\u201d, detallaron las fuentes. La victoria del radical\u2026","rel":"","context":"En \u00abLocales\u00bb","block_context":{"text":"Locales","link":"http:\/\/www.24baires.com\/?cat=38"},"img":{"alt_text":"","src":"https:\/\/i0.wp.com\/www.24baires.com\/wp-content\/uploads\/2022\/07\/web-foto-20220711-Matias-Rapallini-767x511-1.jpg?resize=350%2C200","width":350,"height":200,"srcset":"https:\/\/i0.wp.com\/www.24baires.com\/wp-content\/uploads\/2022\/07\/web-foto-20220711-Matias-Rapallini-767x511-1.jpg?resize=350%2C200 1x, https:\/\/i0.wp.com\/www.24baires.com\/wp-content\/uploads\/2022\/07\/web-foto-20220711-Matias-Rapallini-767x511-1.jpg?resize=525%2C300 1.5x, https:\/\/i0.wp.com\/www.24baires.com\/wp-content\/uploads\/2022\/07\/web-foto-20220711-Matias-Rapallini-767x511-1.jpg?resize=700%2C400 2x"},"classes":[]},{"id":39960,"url":"http:\/\/www.24baires.com\/?p=39960","url_meta":{"origin":66983,"position":3},"title":"Maip\u00fa realizar\u00e1 la primera Expo Miel de la zona","author":"Grupo Sierra","date":"06\/02\/2014","format":false,"excerpt":"La primera edici\u00f3n se realizar\u00e1 del viernes 9 al domingo 11 de mayo de 2014 en el predio de la Asociaci\u00f3n Rural con el objetivo de acompa\u00f1ar e incrementar el inter\u00e9s por el potencial ap\u00edcola de la Cuenca del Salado. Maip\u00fa suma una nueva exposici\u00f3n de est\u00edmulo a la producci\u00f3n\u2026","rel":"","context":"En \u00abLocales\u00bb","block_context":{"text":"Locales","link":"http:\/\/www.24baires.com\/?cat=38"},"img":{"alt_text":"","src":"","width":0,"height":0},"classes":[]},{"id":36991,"url":"http:\/\/www.24baires.com\/?p=36991","url_meta":{"origin":66983,"position":4},"title":"Maip\u00fa, a la pileta","author":"Grupo Sierra","date":"17\/12\/2013","format":false,"excerpt":"El Municipio inaugura la obra el s\u00e1bado 21 a las 19. Son 1000 metros cubiertos en total, realizados exclusivamente con fondos propios. La obra cuenta con dos piscinas, una de ellas semi-ol\u00edmpica; y todas las comodidades propias de un natatorio de \u00faltima generaci\u00f3n. \u201cEstamos felices de compartir otro logro con\u2026","rel":"","context":"En \u00abLocales\u00bb","block_context":{"text":"Locales","link":"http:\/\/www.24baires.com\/?cat=38"},"img":{"alt_text":"pileta maip\u00fa","src":"https:\/\/i0.wp.com\/www.24baires.com\/wp-content\/uploads\/2013\/12\/pileta-maip%C3%BA-300x199.jpg?resize=350%2C200","width":350,"height":200},"classes":[]},{"id":38799,"url":"http:\/\/www.24baires.com\/?p=38799","url_meta":{"origin":66983,"position":5},"title":"Buscan a una mujer en Maip\u00fa desaparecida desde el viernes","author":"Grupo Sierra","date":"19\/01\/2014","format":false,"excerpt":"La Polic\u00eda Comunal del partido de Maip\u00fa inform\u00f3 sobre la b\u00fasqueda de Mar\u00eda Laura Villarreal, a ra\u00edz de una denuncia efectuada el viernes. La Polic\u00eda y la Justicia solicitan la colaboraci\u00f3n de la poblaci\u00f3n para dar con el paradero de la ciudadana MARIA LAURA VILLARREAL, de 31 a\u00f1os de edad,\u2026","rel":"","context":"En \u00abLocales\u00bb","block_context":{"text":"Locales","link":"http:\/\/www.24baires.com\/?cat=38"},"img":{"alt_text":"","src":"https:\/\/i0.wp.com\/www.24baires.com\/wp-content\/uploads\/2014\/01\/POLICIA-COMUNAL-MAIPU-B%C3%BAsqueda-de-paradero-Maria-Laura-Villarreal-de-31-a%C3%B1os.jpg?resize=350%2C200","width":350,"height":200,"srcset":"https:\/\/i0.wp.com\/www.24baires.com\/wp-content\/uploads\/2014\/01\/POLICIA-COMUNAL-MAIPU-B%C3%BAsqueda-de-paradero-Maria-Laura-Villarreal-de-31-a%C3%B1os.jpg?resize=350%2C200 1x, https:\/\/i0.wp.com\/www.24baires.com\/wp-content\/uploads\/2014\/01\/POLICIA-COMUNAL-MAIPU-B%C3%BAsqueda-de-paradero-Maria-Laura-Villarreal-de-31-a%C3%B1os.jpg?resize=525%2C300 1.5x"},"classes":[]}],"jetpack_sharing_enabled":true,"jetpack_likes_enabled":true,"jetpack_featured_media_url":"","_links":{"self":[{"href":"http:\/\/www.24baires.com\/index.php?rest_route=\/wp\/v2\/posts\/66983","targetHints":{"allow":["GET"]}}],"collection":[{"href":"http:\/\/www.24baires.com\/index.php?rest_route=\/wp\/v2\/posts"}],"about":[{"href":"http:\/\/www.24baires.com\/index.php?rest_route=\/wp\/v2\/types\/post"}],"author":[{"embeddable":true,"href":"http:\/\/www.24baires.com\/index.php?rest_route=\/wp\/v2\/users\/8"}],"replies":[{"embeddable":true,"href":"http:\/\/www.24baires.com\/index.php?rest_route=%2Fwp%2Fv2%2Fcomments&post=66983"}],"version-history":[{"count":4,"href":"http:\/\/www.24baires.com\/index.php?rest_route=\/wp\/v2\/posts\/66983\/revisions"}],"predecessor-version":[{"id":67001,"href":"http:\/\/www.24baires.com\/index.php?rest_route=\/wp\/v2\/posts\/66983\/revisions\/67001"}],"wp:attachment":[{"href":"http:\/\/www.24baires.com\/index.php?rest_route=%2Fwp%2Fv2%2Fmedia&parent=66983"}],"wp:term":[{"taxonomy":"category","embeddable":true,"href":"http:\/\/www.24baires.com\/index.php?rest_route=%2Fwp%2Fv2%2Fcategories&post=66983"},{"taxonomy":"post_tag","embeddable":true,"href":"http:\/\/www.24baires.com\/index.php?rest_route=%2Fwp%2Fv2%2Ftags&post=66983"}],"curies":[{"name":"wp","href":"https:\/\/api.w.org\/{rel}","templated":true}]}}