{"id":66962,"date":"2015-06-03T10:34:02","date_gmt":"2015-06-03T13:34:02","guid":{"rendered":"http:\/\/www.24baires.com\/?p=66962"},"modified":"2015-06-04T10:31:04","modified_gmt":"2015-06-04T13:31:04","slug":"anibal-critico-a-la-corte-por-beneficiar-una-vez-mas-a-cablevision","status":"publish","type":"post","link":"http:\/\/www.24baires.com\/?p=66962","title":{"rendered":"An\u00edbal critic\u00f3 a la Corte por beneficiar una vez m\u00e1s a Cablevisi\u00f3n"},"content":{"rendered":"<p><img data-recalc-dims=\"1\" loading=\"lazy\" decoding=\"async\" class=\"aligncenter size-full wp-image-63981\" src=\"https:\/\/i0.wp.com\/www.24baires.com\/wp-content\/uploads\/2015\/04\/anibal-conferencia.jpg?resize=560%2C379\" alt=\"anibal conferencia\" width=\"560\" height=\"379\" srcset=\"https:\/\/i0.wp.com\/www.24baires.com\/wp-content\/uploads\/2015\/04\/anibal-conferencia.jpg?w=560 560w, https:\/\/i0.wp.com\/www.24baires.com\/wp-content\/uploads\/2015\/04\/anibal-conferencia.jpg?resize=300%2C203 300w\" sizes=\"auto, (max-width: 560px) 100vw, 560px\" \/>El jefe de Gabinete fustig\u00f3 al m\u00e1ximo tribunal por confirmar una medida cautelar de la Justicia de Mar del Plata que no permite a la AFSCA aplicar sanciones a la empresa del Grupo Clar\u00edn por no cumplir con el ordenamiento de la grilla. \u00abLe impiden al Ejecutivo gobernar. Volvemos al gobierno de los jueces\u00bb.<!--more--><\/p>\n<p>En ese sentido, Fern\u00e1ndez record\u00f3 que se trata de la \u201cmisma Corte que dice que la ley es constitucional\u00bb.<\/p>\n<p>\u201cSi es constitucional, es raro que no dejen que se aplique\u00bb, reflexion\u00f3 el jefe de Gabinete en di\u00e1logo con radio Splendid.<\/p>\n<p>Al tiempo enfatiz\u00f3 que \u201cla Corte termina confirmando una cautelar de Mar Del Plata que le impide aplicar las sanciones a las empresas que deben cumplir con las sanciones de la ley de medios\u00bb.<\/p>\n<p>La resoluci\u00f3n de los ministros Ricardo Lorenzetti, Carlos Fayt, Elena Highton y Juan Maqueda desestim\u00f3 un recurso del organismo de aplicaci\u00f3n de la Ley de Servicios de Comunicaci\u00f3n Audiovisuales (LSCA) contra una decisi\u00f3n de la C\u00e1mara Federal de Mar del Plata inhibi\u00e9ndolo de sancionar a la operadora de televisi\u00f3n por cable en su decisi\u00f3n de no aplicar el orden de los canales establecido por la autoridad federal.<\/p>\n<p>El fallo, firmado d\u00edas atr\u00e1s pero conocido reci\u00e9n ayer apel\u00f3 a una argumento procesal, como que el recurso no se trata de una sentencia definitiva.<\/p>\n<p>Tambi\u00e9n desestim\u00f3 el dictamen la Procuradora General de la Naci\u00f3n, Alejandra Gils Carb\u00f3, favorable al recurso de la AFSCA atento a que es al propio Estado al que se le impide \u201cejercer facultades que le son propias como \u00f3rgano de aplicaci\u00f3n de la ley\u201d.<\/p>\n<p>En 2011, la Autoridad de Servicios de Comunicaci\u00f3n Audiovisual (AFSCA) sancion\u00f3 a la empresa de cable por no cumplir con el ordenamiento establecido por la Ley de Servicios de Comunicaci\u00f3n Audiovisual (LSCA) y las resoluciones 296\/10 y 1225\/10 de ese mismo organismo.<\/p>\n<p>Cablevisi\u00f3n pidi\u00f3 a la justicia que se declarara la inconstitucionalidad del art\u00edculo 65 que ordena la grilla de canales, lo que fue rechazado tanto en primera como en segunda instancia.<\/p>\n<p>La empresa cableoperadora ampli\u00f3 la demanda y pidi\u00f3 que se suspendieran las sanciones y el juez de primera instancia determin\u00f3 que se deb\u00eda respetar lo ya decidido, pero la C\u00e1mara Federal de Mar del Plata admiti\u00f3 la solicitud y dict\u00f3 la medida cautelar.<\/p>\n<p>Seg\u00fan el tribunal, en el texto del art\u00edculo 65 de la Ley de Medios no se establecen sanciones a este tipo de incumplimiento, al igual que la resoluci\u00f3n 1225\/10 que reglamenta la LSCA.<\/p>\n<p>Gils Carb\u00f3 opin\u00f3 que la C\u00e1mara no logr\u00f3 plantear \u201cfundamentos serios para sostener este aserto\u201d porque sostuvo que \u201cla resoluci\u00f3n AFSCA 296\/10 era, en principio, leg\u00edtima\u201d.<\/p>\n<p>Sin embargo, los cuatro miembros de la Corte rechazaron el recurso y confirmaron as\u00ed la medida cautelar que vuelve a impedir la aplicaci\u00f3n de diferentes tramos de la Ley de Medios.<\/p>\n","protected":false},"excerpt":{"rendered":"<p>El jefe de Gabinete fustig\u00f3 al m\u00e1ximo tribunal por confirmar una medida cautelar de la Justicia de Mar del Plata que no permite a la AFSCA aplicar sanciones a la empresa del Grupo Clar\u00edn por no cumplir con el ordenamiento de la grilla. \u00abLe impiden al Ejecutivo gobernar. Volvemos al gobierno de los jueces\u00bb.<\/p>\n","protected":false},"author":8,"featured_media":0,"comment_status":"open","ping_status":"open","sticky":false,"template":"","format":"standard","meta":{"_jetpack_newsletter_access":"","_jetpack_dont_email_post_to_subs":false,"_jetpack_newsletter_tier_id":0,"_jetpack_memberships_contains_paywalled_content":false,"_jetpack_memberships_contains_paid_content":false,"footnotes":""},"categories":[51],"tags":[],"class_list":["post-66962","post","type-post","status-publish","format-standard","hentry","category-politica"],"jetpack_shortlink":"https:\/\/wp.me\/p2JWE0-hq2","jetpack-related-posts":[{"id":66956,"url":"http:\/\/www.24baires.com\/?p=66956","url_meta":{"origin":66962,"position":0},"title":"La Corte Suprema benefici\u00f3 a Cablevisi\u00f3n para que no la sancionen","author":"GB","date":"02\/06\/2015","format":false,"excerpt":"El m\u00e1ximo tribunal confirm\u00f3 una medida cautelar de la justicia federal de Mar del Plata que impide a la Autoridad Federal de Servicios de Comunicaci\u00f3n Audiovisual (AFSCA) aplicar sanciones a la empresa del Grupo Clar\u00edn por no cumplir con el ordenamiento de la grilla. La resoluci\u00f3n de los ministros Ricardo\u2026","rel":"","context":"En \u00abJUDICIALES\u00bb","block_context":{"text":"JUDICIALES","link":"http:\/\/www.24baires.com\/?cat=68"},"img":{"alt_text":"cablevisi\u00f3n","src":"https:\/\/i0.wp.com\/www.24baires.com\/wp-content\/uploads\/2012\/12\/cablevisi%C3%B3n1.jpg?resize=350%2C200","width":350,"height":200,"srcset":"https:\/\/i0.wp.com\/www.24baires.com\/wp-content\/uploads\/2012\/12\/cablevisi%C3%B3n1.jpg?resize=350%2C200 1x, https:\/\/i0.wp.com\/www.24baires.com\/wp-content\/uploads\/2012\/12\/cablevisi%C3%B3n1.jpg?resize=525%2C300 1.5x"},"classes":[]},{"id":9790,"url":"http:\/\/www.24baires.com\/?p=9790","url_meta":{"origin":66962,"position":1},"title":"La Corte Suprema ya tiene en sus manos el pedido de &#8216;per saltum&#8217; y debe resolver tratarlo","author":"Grupo Sierra","date":"19\/12\/2012","format":false,"excerpt":"La Corte Suprema de Justicia recibi\u00f3 el pedido del Gobierno de avocarse a la causa sobre la constitucionalidad de la ley de medios, sancionada hace tres a\u00f1os y bloqueada desde entonces por una medida cautelar. Ahora deber\u00e1 resolver si lo acepta. La presentaci\u00f3n ante el m\u00e1ximo tribunal se realiz\u00f3 este\u2026","rel":"","context":"En \u00abMedios\u00bb","block_context":{"text":"Medios","link":"http:\/\/www.24baires.com\/?cat=54"},"img":{"alt_text":"","src":"https:\/\/i0.wp.com\/www.24baires.com\/wp-content\/uploads\/2012\/12\/corte-suprema.jpg?resize=350%2C200","width":350,"height":200,"srcset":"https:\/\/i0.wp.com\/www.24baires.com\/wp-content\/uploads\/2012\/12\/corte-suprema.jpg?resize=350%2C200 1x, https:\/\/i0.wp.com\/www.24baires.com\/wp-content\/uploads\/2012\/12\/corte-suprema.jpg?resize=525%2C300 1.5x"},"classes":[]},{"id":101515,"url":"http:\/\/www.24baires.com\/?p=101515","url_meta":{"origin":66962,"position":2},"title":"El Tribunal de Cuentas sancion\u00f3 y mult\u00f3 a Arroyo por m\u00e1s de 15 millones de pesos","author":"GB","date":"10\/04\/2018","format":false,"excerpt":"El intendente de Mar del Plata nuevamente est\u00e1 envuelto en problemas debido a irregularidades en su administraci\u00f3n municipal. El organismo provincial lo mult\u00f3 junto a miembros del gabinete y concejales oficialistas. El Tribunal de Cuentas de la provincia de Buenos Aires apunt\u00f3 contra la gesti\u00f3n del intendente de Mar del\u2026","rel":"","context":"En \u00abMunicipios\u00bb","block_context":{"text":"Municipios","link":"http:\/\/www.24baires.com\/?cat=44"},"img":{"alt_text":"","src":"https:\/\/i0.wp.com\/www.24baires.com\/wp-content\/uploads\/2017\/09\/arroyo.jpg?resize=350%2C200","width":350,"height":200,"srcset":"https:\/\/i0.wp.com\/www.24baires.com\/wp-content\/uploads\/2017\/09\/arroyo.jpg?resize=350%2C200 1x, https:\/\/i0.wp.com\/www.24baires.com\/wp-content\/uploads\/2017\/09\/arroyo.jpg?resize=525%2C300 1.5x"},"classes":[]},{"id":122771,"url":"http:\/\/www.24baires.com\/?p=122771","url_meta":{"origin":66962,"position":3},"title":"Universidades:  la Justicia ordena al Gobierno actualizar los salarios docentes y becas","author":"GB","date":"23\/12\/2025","format":false,"excerpt":"Un juez hizo lugar a una medida cautelar para que se cumplan los art\u00edculos sobre actualizaci\u00f3n y recomposici\u00f3n de los salarios de docentes y no docentes de universidades nacionales y del monto de becas estudiantiles. Un juez hizo lugar a una medida cautelar solicitada por el Consejo Interuniversitario Nacional para\u2026","rel":"","context":"En \u00abPol\u00edtica\u00bb","block_context":{"text":"Pol\u00edtica","link":"http:\/\/www.24baires.com\/?cat=51"},"img":{"alt_text":"","src":"https:\/\/i0.wp.com\/www.24baires.com\/wp-content\/uploads\/2018\/04\/docentes-universitarios.jpg?resize=350%2C200","width":350,"height":200,"srcset":"https:\/\/i0.wp.com\/www.24baires.com\/wp-content\/uploads\/2018\/04\/docentes-universitarios.jpg?resize=350%2C200 1x, https:\/\/i0.wp.com\/www.24baires.com\/wp-content\/uploads\/2018\/04\/docentes-universitarios.jpg?resize=525%2C300 1.5x, https:\/\/i0.wp.com\/www.24baires.com\/wp-content\/uploads\/2018\/04\/docentes-universitarios.jpg?resize=700%2C400 2x"},"classes":[]},{"id":30754,"url":"http:\/\/www.24baires.com\/?p=30754","url_meta":{"origin":66962,"position":4},"title":"Sabbatella apunta a que la audiencia p\u00fablica sea \u00abel paso previo a la resoluci\u00f3n definitiva\u00bb","author":"GB","date":"25\/08\/2013","format":false,"excerpt":"El presidente de la Autoridad Federal de Servicios de Comunicaci\u00f3n Audiovisual (AFSCA), Mart\u00edn Sabbatella, conf\u00eda en que la audiencia p\u00fablica que convoc\u00f3 la Corte Suprema de Justicia para el mi\u00e9rcoles \"sea el paso previo a la resoluci\u00f3n definitiva\" del conflicto judicial que impide la aplicaci\u00f3n plena de la Ley de\u2026","rel":"","context":"En \u00abMedios\u00bb","block_context":{"text":"Medios","link":"http:\/\/www.24baires.com\/?cat=54"},"img":{"alt_text":"","src":"","width":0,"height":0},"classes":[]},{"id":100636,"url":"http:\/\/www.24baires.com\/?p=100636","url_meta":{"origin":66962,"position":5},"title":"Piden ante la Corte la inconstitucionalidad de la reforma jubilatoria del Bapro","author":"AF","date":"20\/02\/2018","format":false,"excerpt":"En el marco del paro de 48 horas, miles de trabajadores bancarios se movilizaron en La Plata y aprovecharon para hacer una presentaci\u00f3n ante la Suprema Corte por la inconstitucionalidad de la Ley 15.008, que cambi\u00f3 el r\u00e9gimen jubilatorio del Banco Provincia. Con la participaci\u00f3n de las seccionales del Bapro\u2026","rel":"","context":"En \u00abJUDICIALES\u00bb","block_context":{"text":"JUDICIALES","link":"http:\/\/www.24baires.com\/?cat=68"},"img":{"alt_text":"","src":"https:\/\/i0.wp.com\/www.24baires.com\/wp-content\/uploads\/2017\/03\/bapro.jpg?resize=350%2C200","width":350,"height":200,"srcset":"https:\/\/i0.wp.com\/www.24baires.com\/wp-content\/uploads\/2017\/03\/bapro.jpg?resize=350%2C200 1x, https:\/\/i0.wp.com\/www.24baires.com\/wp-content\/uploads\/2017\/03\/bapro.jpg?resize=525%2C300 1.5x"},"classes":[]}],"jetpack_sharing_enabled":true,"jetpack_likes_enabled":true,"jetpack_featured_media_url":"","_links":{"self":[{"href":"http:\/\/www.24baires.com\/index.php?rest_route=\/wp\/v2\/posts\/66962","targetHints":{"allow":["GET"]}}],"collection":[{"href":"http:\/\/www.24baires.com\/index.php?rest_route=\/wp\/v2\/posts"}],"about":[{"href":"http:\/\/www.24baires.com\/index.php?rest_route=\/wp\/v2\/types\/post"}],"author":[{"embeddable":true,"href":"http:\/\/www.24baires.com\/index.php?rest_route=\/wp\/v2\/users\/8"}],"replies":[{"embeddable":true,"href":"http:\/\/www.24baires.com\/index.php?rest_route=%2Fwp%2Fv2%2Fcomments&post=66962"}],"version-history":[{"count":1,"href":"http:\/\/www.24baires.com\/index.php?rest_route=\/wp\/v2\/posts\/66962\/revisions"}],"predecessor-version":[{"id":66963,"href":"http:\/\/www.24baires.com\/index.php?rest_route=\/wp\/v2\/posts\/66962\/revisions\/66963"}],"wp:attachment":[{"href":"http:\/\/www.24baires.com\/index.php?rest_route=%2Fwp%2Fv2%2Fmedia&parent=66962"}],"wp:term":[{"taxonomy":"category","embeddable":true,"href":"http:\/\/www.24baires.com\/index.php?rest_route=%2Fwp%2Fv2%2Fcategories&post=66962"},{"taxonomy":"post_tag","embeddable":true,"href":"http:\/\/www.24baires.com\/index.php?rest_route=%2Fwp%2Fv2%2Ftags&post=66962"}],"curies":[{"name":"wp","href":"https:\/\/api.w.org\/{rel}","templated":true}]}}