{"id":66934,"date":"2015-06-02T17:13:12","date_gmt":"2015-06-02T20:13:12","guid":{"rendered":"http:\/\/www.24baires.com\/?p=66934"},"modified":"2015-06-02T17:13:12","modified_gmt":"2015-06-02T20:13:12","slug":"scioli-quiere-que-los-juicios-por-jurados-lleguen-a-la-capital-federal","status":"publish","type":"post","link":"http:\/\/www.24baires.com\/?p=66934","title":{"rendered":"Scioli quiere que los Juicios por Jurados lleguen a la Capital Federal"},"content":{"rendered":"<p><img data-recalc-dims=\"1\" loading=\"lazy\" decoding=\"async\" class=\"aligncenter wp-image-62506 size-full\" src=\"https:\/\/i0.wp.com\/www.24baires.com\/wp-content\/uploads\/2015\/03\/scioli-congreso.png?resize=560%2C314\" alt=\"scioli congreso\" width=\"560\" height=\"314\" srcset=\"https:\/\/i0.wp.com\/www.24baires.com\/wp-content\/uploads\/2015\/03\/scioli-congreso.png?w=560 560w, https:\/\/i0.wp.com\/www.24baires.com\/wp-content\/uploads\/2015\/03\/scioli-congreso.png?resize=300%2C168 300w\" sizes=\"auto, (max-width: 560px) 100vw, 560px\" \/>El Mandatario bonaerense estar\u00e1 en Capital Federal para presentar, junto a parte de su Gabinete, la experiencia de Juicio por Jurados y la posibilidad de aplicarlo a ese lado de la Avenida General Paz. Estar\u00e1n Alberto P\u00e9rez y Ricardo Casal. Tras su paso por el interior, Daniel Scioli se mostrar\u00e1 en CABA esta tarde.<!--more--><\/p>\n<p>El Gobernador de la provincia, Daniel Scioli, encabezar\u00e1 el acto de cierre del seminario \u00abLa experiencia del Juicio por Jurados en la Provincia de Buenos Aires y su implementaci\u00f3n en la Ciudad Aut\u00f3noma\u00bb, junto con su Jefe de Gabinete bonaerense, Alberto P\u00e9rez, y el ministro de Justicia, Ricardo Casal, que postulan a esta modalidad judicial como un logro de gesti\u00f3n en estos 8 a\u00f1os.<\/p>\n<p>Ser\u00e1 este mismo martes, a partir de las 18.00, en el Hotel porte\u00f1o NH City &amp; Tower, ubicado en Bol\u00edvar al 160.<\/p>\n<p>All\u00ed estar\u00e1 tambi\u00e9n el Presidente del Consejo de la Magistratura porte\u00f1a, Juan Manuel Olmos.<\/p>\n<p>&nbsp;<\/p>\n<p>&nbsp;<\/p>\n<p>&nbsp;<\/p>\n<p>&nbsp;<\/p>\n<p>&nbsp;<\/p>\n<p>&nbsp;<\/p>\n<p>&nbsp;<\/p>\n<p>&nbsp;<\/p>\n<p>&nbsp;<\/p>\n<p>&nbsp;<\/p>\n<p>&nbsp;<\/p>\n<p>&nbsp;<\/p>\n<p>&nbsp;<\/p>\n<p>&nbsp;<\/p>\n<p>&nbsp;<\/p>\n<p>&nbsp;<\/p>\n<p>&nbsp;<\/p>\n<p>&nbsp;<\/p>\n<p>&nbsp;<\/p>\n<p>&nbsp;<\/p>\n","protected":false},"excerpt":{"rendered":"<p>El Mandatario bonaerense estar\u00e1 en Capital Federal para presentar, junto a parte de su Gabinete, la experiencia de Juicio por Jurados y la posibilidad de aplicarlo a ese lado de la Avenida General Paz. Estar\u00e1n Alberto P\u00e9rez y Ricardo Casal. Tras su paso por el interior, Daniel Scioli se mostrar\u00e1 en CABA esta tarde.<\/p>\n","protected":false},"author":8,"featured_media":0,"comment_status":"open","ping_status":"open","sticky":false,"template":"","format":"standard","meta":{"_jetpack_newsletter_access":"","_jetpack_dont_email_post_to_subs":false,"_jetpack_newsletter_tier_id":0,"_jetpack_memberships_contains_paywalled_content":false,"_jetpack_memberships_contains_paid_content":false,"footnotes":""},"categories":[51],"tags":[],"class_list":["post-66934","post","type-post","status-publish","format-standard","hentry","category-politica"],"jetpack_shortlink":"https:\/\/wp.me\/p2JWE0-hpA","jetpack-related-posts":[{"id":31370,"url":"http:\/\/www.24baires.com\/?p=31370","url_meta":{"origin":66934,"position":0},"title":"Granados asumir\u00e1 la Seguridad bonaerense","author":"GB","date":"05\/09\/2013","format":false,"excerpt":"El gobernador de Buenos Aires, Daniel Scioli, dispuso desdoblar el Ministerio de Justicia. De esta forma el intendente de Ezeiza reemplazar\u00e1 a Ricardo Casal en Seguridad y \u00e9ste pasar\u00e1 a Justicia. Fue al entregar patrulleros. \u201cEstamos readecuando, en funci\u00f3n de las necesidades operativas, la organizaci\u00f3n y administraci\u00f3n de Justicia y\u2026","rel":"","context":"En \u00abProvincia\u00bb","block_context":{"text":"Provincia","link":"http:\/\/www.24baires.com\/?cat=40"},"img":{"alt_text":"","src":"","width":0,"height":0},"classes":[]},{"id":32555,"url":"http:\/\/www.24baires.com\/?p=32555","url_meta":{"origin":66934,"position":1},"title":"En la Provincia, estiman que se har\u00e1n unos 200 juicios por jurados al a\u00f1o","author":"AF","date":"27\/09\/2013","format":false,"excerpt":"El sistema de juicio por jurados en la Provincia arrancar\u00e1 en 2014 y se estima que se tramitar\u00e1n por este mecanismo cerca de 200 causas penales por a\u00f1o. Pero adem\u00e1s, el otro dato relevante que trascendi\u00f3 acerca del nuevo mecanismo que comenzar\u00e1 a operar en territorio bonaerense, es que s\u00f3lo\u2026","rel":"","context":"En \u00abProvincia\u00bb","block_context":{"text":"Provincia","link":"http:\/\/www.24baires.com\/?cat=40"},"img":{"alt_text":"","src":"","width":0,"height":0},"classes":[]},{"id":27364,"url":"http:\/\/www.24baires.com\/?p=27364","url_meta":{"origin":66934,"position":2},"title":"El Gabinete de Scioli se reuni\u00f3 con Insaurralde","author":"Grupo Sierra","date":"01\/07\/2013","format":false,"excerpt":"El gabinete a pleno de Daniel Scioli, se reuni\u00f3 con los candidatos a diputados nacionales por la Provincia de Buenos Aires y seccionales del Frente para la Victoria para definir la agenda de campa\u00f1a de cara a las PASO y las elecciones generales de octubre. La reuni\u00f3n de trabajo se\u2026","rel":"","context":"En \u00abPol\u00edtica\u00bb","block_context":{"text":"Pol\u00edtica","link":"http:\/\/www.24baires.com\/?cat=51"},"img":{"alt_text":"","src":"https:\/\/i0.wp.com\/www.24baires.com\/wp-content\/uploads\/2013\/07\/insaurralde-con-gabinete.jpg?resize=350%2C200","width":350,"height":200,"srcset":"https:\/\/i0.wp.com\/www.24baires.com\/wp-content\/uploads\/2013\/07\/insaurralde-con-gabinete.jpg?resize=350%2C200 1x, https:\/\/i0.wp.com\/www.24baires.com\/wp-content\/uploads\/2013\/07\/insaurralde-con-gabinete.jpg?resize=525%2C300 1.5x"},"classes":[]},{"id":46442,"url":"http:\/\/www.24baires.com\/?p=46442","url_meta":{"origin":66934,"position":3},"title":"Ya est\u00e1n los primeros elegidos para integrar los juicios por jurado","author":"GB","date":"21\/05\/2014","format":false,"excerpt":"El Gobierno provincial dio a conocer a los cuidadanos bonaerenses que participar\u00e1n de los juzgados populares. Un total de 11.384 ciudadanos bonaerenses resultaron seleccionados para integrar juzgados populares, de los cuales 10.890 corresponden al DNI terminado en el n\u00famero 983, y 494 personas al DNI que finaliza en 461. El\u2026","rel":"","context":"En \u00abProvincia\u00bb","block_context":{"text":"Provincia","link":"http:\/\/www.24baires.com\/?cat=40"},"img":{"alt_text":"scioli sorteo","src":"https:\/\/i0.wp.com\/www.24baires.com\/wp-content\/uploads\/2014\/05\/scioli-sorteo.jpg?resize=350%2C200","width":350,"height":200,"srcset":"https:\/\/i0.wp.com\/www.24baires.com\/wp-content\/uploads\/2014\/05\/scioli-sorteo.jpg?resize=350%2C200 1x, https:\/\/i0.wp.com\/www.24baires.com\/wp-content\/uploads\/2014\/05\/scioli-sorteo.jpg?resize=525%2C300 1.5x"},"classes":[]},{"id":62930,"url":"http:\/\/www.24baires.com\/?p=62930","url_meta":{"origin":66934,"position":4},"title":"Scioli sobre los juicios por jurados: \u00absi no confiamos en la gente estamos perdidos\u00bb","author":"GB","date":"10\/03\/2015","format":false,"excerpt":"SAN MART\u00cdN-El gobernador de la provincia de Buenos Aires asegur\u00f3 que cree \"en la madurez y responsabilidad de la gente\" para participar de la modalidad de Juicio por Jurados, implementada esta ma\u00f1ana por primera vez en la historia bonaerense. Scioli dialog\u00f3 con la prensa frente a los Tribunales del Departamento\u2026","rel":"","context":"En \u00abJUDICIALES\u00bb","block_context":{"text":"JUDICIALES","link":"http:\/\/www.24baires.com\/?cat=68"},"img":{"alt_text":"scioli 1","src":"https:\/\/i0.wp.com\/www.24baires.com\/wp-content\/uploads\/2015\/01\/scioli-1.jpg?resize=350%2C200","width":350,"height":200,"srcset":"https:\/\/i0.wp.com\/www.24baires.com\/wp-content\/uploads\/2015\/01\/scioli-1.jpg?resize=350%2C200 1x, https:\/\/i0.wp.com\/www.24baires.com\/wp-content\/uploads\/2015\/01\/scioli-1.jpg?resize=525%2C300 1.5x"},"classes":[]},{"id":73679,"url":"http:\/\/www.24baires.com\/?p=73679","url_meta":{"origin":66934,"position":5},"title":"Casal ser\u00e1 el Ministro de Justicia si Scioli llega a la Presidencia","author":"AF","date":"16\/10\/2015","format":false,"excerpt":"El candidato presidencial por el FpV, Daniel Scioli adelant\u00f3 este viernes un nuevo nombre para integrar su gabinete en caso de ser electo en las pr\u00f3ximas elecciones. Se trata de Ricardo Casal, quien se har\u00e1 cargo del Ministerio de Justicia. De esta forma, Casal ser\u00e1 el cuarto miembro de su\u2026","rel":"","context":"En \u00abPol\u00edtica\u00bb","block_context":{"text":"Pol\u00edtica","link":"http:\/\/www.24baires.com\/?cat=51"},"img":{"alt_text":"scioli casal armas","src":"https:\/\/i0.wp.com\/www.24baires.com\/wp-content\/uploads\/2013\/02\/scioli-casal-armas.jpg?resize=350%2C200","width":350,"height":200,"srcset":"https:\/\/i0.wp.com\/www.24baires.com\/wp-content\/uploads\/2013\/02\/scioli-casal-armas.jpg?resize=350%2C200 1x, https:\/\/i0.wp.com\/www.24baires.com\/wp-content\/uploads\/2013\/02\/scioli-casal-armas.jpg?resize=525%2C300 1.5x"},"classes":[]}],"jetpack_sharing_enabled":true,"jetpack_likes_enabled":true,"jetpack_featured_media_url":"","_links":{"self":[{"href":"http:\/\/www.24baires.com\/index.php?rest_route=\/wp\/v2\/posts\/66934","targetHints":{"allow":["GET"]}}],"collection":[{"href":"http:\/\/www.24baires.com\/index.php?rest_route=\/wp\/v2\/posts"}],"about":[{"href":"http:\/\/www.24baires.com\/index.php?rest_route=\/wp\/v2\/types\/post"}],"author":[{"embeddable":true,"href":"http:\/\/www.24baires.com\/index.php?rest_route=\/wp\/v2\/users\/8"}],"replies":[{"embeddable":true,"href":"http:\/\/www.24baires.com\/index.php?rest_route=%2Fwp%2Fv2%2Fcomments&post=66934"}],"version-history":[{"count":1,"href":"http:\/\/www.24baires.com\/index.php?rest_route=\/wp\/v2\/posts\/66934\/revisions"}],"predecessor-version":[{"id":66935,"href":"http:\/\/www.24baires.com\/index.php?rest_route=\/wp\/v2\/posts\/66934\/revisions\/66935"}],"wp:attachment":[{"href":"http:\/\/www.24baires.com\/index.php?rest_route=%2Fwp%2Fv2%2Fmedia&parent=66934"}],"wp:term":[{"taxonomy":"category","embeddable":true,"href":"http:\/\/www.24baires.com\/index.php?rest_route=%2Fwp%2Fv2%2Fcategories&post=66934"},{"taxonomy":"post_tag","embeddable":true,"href":"http:\/\/www.24baires.com\/index.php?rest_route=%2Fwp%2Fv2%2Ftags&post=66934"}],"curies":[{"name":"wp","href":"https:\/\/api.w.org\/{rel}","templated":true}]}}