{"id":66885,"date":"2015-06-01T20:46:15","date_gmt":"2015-06-01T23:46:15","guid":{"rendered":"http:\/\/www.24baires.com\/?p=66885"},"modified":"2015-06-01T20:46:15","modified_gmt":"2015-06-01T23:46:15","slug":"randazzo-presento-la-tarjeta-sube-en-bariloche","status":"publish","type":"post","link":"http:\/\/www.24baires.com\/?p=66885","title":{"rendered":"Randazzo present\u00f3 la tarjeta SUBE en Bariloche"},"content":{"rendered":"<p><img data-recalc-dims=\"1\" loading=\"lazy\" decoding=\"async\" class=\"aligncenter size-full wp-image-66886\" src=\"https:\/\/i0.wp.com\/www.24baires.com\/wp-content\/uploads\/2015\/06\/randazzo-bariloche.jpg?resize=560%2C372\" alt=\"randazzo bariloche\" width=\"560\" height=\"372\" srcset=\"https:\/\/i0.wp.com\/www.24baires.com\/wp-content\/uploads\/2015\/06\/randazzo-bariloche.jpg?w=560 560w, https:\/\/i0.wp.com\/www.24baires.com\/wp-content\/uploads\/2015\/06\/randazzo-bariloche.jpg?resize=300%2C199 300w\" sizes=\"auto, (max-width: 560px) 100vw, 560px\" \/>El ministro del Interior y Transporte firm\u00f3 con la intendenta Mar\u00eda Eugenia Martini la puesta en marcha del sistema para el transporte p\u00fablico en la ciudad, donde lo destac\u00f3 como \u201cpol\u00edtica de distribuci\u00f3n y transparencia para asignar compensaciones\u201d.<!--more--><\/p>\n<p>\u201cEl Estado debe subsidiar, debe compensar el valor de la prestaci\u00f3n de micros, trenes o subtes, porque es el transporte que utilizan los que m\u00e1s necesitan, los que menos tienen\u201d, dijo el ministro junto a los senadores Miguel Pichetto y Silvina Garc\u00eda Larraburu y el diputado nacional Fernando Navarro.<\/p>\n<p>La transparencia es fundamental para este sistema, destac\u00f3 y afirm\u00f3 que la SUBE \u201cha sido un medio de pago muy importante para el que utiliza el transporte p\u00fablico\u00bb y \u00abprovee una informaci\u00f3n valiosa y fundamental para el Estado para la asignaci\u00f3n de los recursos\u201d.<\/p>\n<p>Antes de su aplicaci\u00f3n, dijo, el subsidio se entregaba a las empresas seg\u00fan una declaraci\u00f3n jurada del IPK, \u00edndice de los pasajeros transportados por kil\u00f3metro.<\/p>\n<p>\u00abEn el primer mes de aplicaci\u00f3n en el AMBA (\u00c1rea Metropolitana de Buenos Aires) ten\u00edamos una diferencia de 140 millones de pesos que declaraban de m\u00e1s las empresas\u201d, indic\u00f3 y resalt\u00f3 el millonario ahorro mensual que el sistema aporta al Estado.<\/p>\n<p>Randazzo precis\u00f3 que la SUBE le genera un descuento del 40% por ciento a los beneficiarios subsidiados, que son los jubilados o pensionados, los que reciben la Asignaci\u00f3n Universal por Hijo, excombatientes de Malvinas o trabajadores en casas particulares.<\/p>\n<p>Martini valor\u00f3 el resultado de las pol\u00edticas inclusivas que encabeza la presidenta, Cristina Fern\u00e1ndez de Kirchner, y la puesta en marcha de la SUBE, que \u201cparec\u00eda lejano y dif\u00edcil de implementar\u00bb y muchos barilochenses ped\u00edan.<\/p>\n<p>La intendenta anunci\u00f3 adem\u00e1s la puesta en marcha de la licitaci\u00f3n del transporte p\u00fablico de pasajeros de Bariloche, algo que no se hizo en los \u00faltimos 20 a\u00f1os, por lo que el servicio estaba en manos de dos empresas cuyas concesiones fueron revocadas por su gesti\u00f3n debido a incumplimientos reiterados.<\/p>\n<p>Adem\u00e1s, destac\u00f3 el compromiso de Randazzo con la primera bicisenda de Bariloche, que comenz\u00f3 a construirse en la zona de Circuito Chico.<\/p>\n<p>\u201cLa obra de la bicisenda comprometida por el ministro ya est\u00e1 en marcha y es financiada por la Agencia Nacional de Seguridad Vial. Ser\u00e1 de 15 kil\u00f3metros y demandar\u00e1 una inversi\u00f3n de 5 millones de pesos\u201d, detall\u00f3 Martini.<\/p>\n<p>&nbsp;<\/p>\n<p>&nbsp;<\/p>\n<p>&nbsp;<\/p>\n<p>&nbsp;<\/p>\n<p>&nbsp;<\/p>\n<p>&nbsp;<\/p>\n<p>&nbsp;<\/p>\n<p>&nbsp;<\/p>\n<p>&nbsp;<\/p>\n<p>&nbsp;<\/p>\n<p>&nbsp;<\/p>\n<p>&nbsp;<\/p>\n<p>&nbsp;<\/p>\n<p>&nbsp;<\/p>\n<p>&nbsp;<\/p>\n<p>&nbsp;<\/p>\n<p>&nbsp;<\/p>\n","protected":false},"excerpt":{"rendered":"<p>El ministro del Interior y Transporte firm\u00f3 con la intendenta Mar\u00eda Eugenia Martini la puesta en marcha del sistema para el transporte p\u00fablico en la ciudad, donde lo destac\u00f3 como \u201cpol\u00edtica de distribuci\u00f3n y transparencia para asignar compensaciones\u201d.<\/p>\n","protected":false},"author":8,"featured_media":0,"comment_status":"open","ping_status":"open","sticky":false,"template":"","format":"standard","meta":{"_jetpack_newsletter_access":"","_jetpack_dont_email_post_to_subs":false,"_jetpack_newsletter_tier_id":0,"_jetpack_memberships_contains_paywalled_content":false,"_jetpack_memberships_contains_paid_content":false,"footnotes":""},"categories":[51],"tags":[],"class_list":["post-66885","post","type-post","status-publish","format-standard","hentry","category-politica"],"jetpack_shortlink":"https:\/\/wp.me\/p2JWE0-hoN","jetpack-related-posts":[{"id":61772,"url":"http:\/\/www.24baires.com\/?p=61772","url_meta":{"origin":66885,"position":0},"title":"Ya funciona la tarjeta SUBE en todas las l\u00edneas de colectivos de Mar del Plata","author":"GB","date":"14\/02\/2015","format":false,"excerpt":"El ministro del Interior y Transporte, Florencio Randazzo, anunci\u00f3 hoy en Mar del Plata que \u201ctal cual como nos hab\u00edamos comprometido, desde hoy, la tarjeta SUBE funciona en todos las l\u00edneas de colectivos de la ciudad y en las principales ciudades de la Costa Atl\u00e1ntica\u201d. Randazzo destac\u00f3 que \u201ces una\u2026","rel":"","context":"En \u00abMunicipios\u00bb","block_context":{"text":"Municipios","link":"http:\/\/www.24baires.com\/?cat=44"},"img":{"alt_text":"randazzo en mar del plata","src":"https:\/\/i0.wp.com\/www.24baires.com\/wp-content\/uploads\/2015\/01\/randazzo-en-mar-del-plata-300x225.jpg?resize=350%2C200","width":350,"height":200},"classes":[]},{"id":106119,"url":"http:\/\/www.24baires.com\/?p=106119","url_meta":{"origin":66885,"position":1},"title":"El boleto de colectivo aument\u00f3 un 600% desde la asunci\u00f3n de Macri","author":"AF","date":"27\/12\/2018","format":false,"excerpt":"En diciembre de 2015 viajar en colectivo costaba 3 pesos. El ministro de Transporte Guillermo Dietrich anunci\u00f3 que en marzo el m\u00ednimo costar\u00e1 18 pesos. \"Esperamos no tener que hacer una nueva actualizaci\u00f3n tarifaria en 2019\" dijo este jueves sin demasiada convicci\u00f3n el ministro de Transporte de la Naci\u00f3n Guillermo\u2026","rel":"","context":"En \u00abSociedad\u00bb","block_context":{"text":"Sociedad","link":"http:\/\/www.24baires.com\/?cat=1"},"img":{"alt_text":"","src":"https:\/\/i0.wp.com\/www.24baires.com\/wp-content\/uploads\/2014\/11\/319-colectivo-bah%C3%ADa-punta-alta.jpg?resize=350%2C200","width":350,"height":200,"srcset":"https:\/\/i0.wp.com\/www.24baires.com\/wp-content\/uploads\/2014\/11\/319-colectivo-bah%C3%ADa-punta-alta.jpg?resize=350%2C200 1x, https:\/\/i0.wp.com\/www.24baires.com\/wp-content\/uploads\/2014\/11\/319-colectivo-bah%C3%ADa-punta-alta.jpg?resize=525%2C300 1.5x"},"classes":[]},{"id":70187,"url":"http:\/\/www.24baires.com\/?p=70187","url_meta":{"origin":66885,"position":2},"title":"El Banco Mundial financiar\u00e1 el Metrobus La Matanza-Buenos Aires","author":"GB","date":"07\/08\/2015","format":false,"excerpt":"El ministro del Interior y Transporte, Florencio Randazzo, visit\u00f3 la sede del Banco Mundial en Washington donde mantuvo un encuentro con autoridades del organismo, quienes le confirmaron que ya est\u00e1 lista la aprobaci\u00f3n del financiamiento para las obras del Metrobus que unir\u00e1 La Matanza con Buenos Aires. Al finalizar la\u2026","rel":"","context":"En \u00abEconom\u00eda\u00bb","block_context":{"text":"Econom\u00eda","link":"http:\/\/www.24baires.com\/?cat=45"},"img":{"alt_text":"","src":"https:\/\/i0.wp.com\/www.24baires.com\/wp-content\/uploads\/2015\/08\/banco-randazzo.jpg?resize=350%2C200","width":350,"height":200,"srcset":"https:\/\/i0.wp.com\/www.24baires.com\/wp-content\/uploads\/2015\/08\/banco-randazzo.jpg?resize=350%2C200 1x, https:\/\/i0.wp.com\/www.24baires.com\/wp-content\/uploads\/2015\/08\/banco-randazzo.jpg?resize=525%2C300 1.5x"},"classes":[]},{"id":121476,"url":"http:\/\/www.24baires.com\/?p=121476","url_meta":{"origin":66885,"position":3},"title":"Villa Gesell: Se hizo efectiva la baja del costo del boleto del colectivo","author":"GB","date":"26\/07\/2024","format":false,"excerpt":"El alcalde de Villa Gesell, Gustavo Barrera, destac\u00f3 la baja de la tarifa del transporte p\u00fablico en su distrito, tras el aumento de monto del subsidio de parte de la Provincia. El intendente de Villa Gesell, Gustavo Barrera, celebr\u00f3 la efectivizaci\u00f3n de la baja del precio del boleto del transporte\u2026","rel":"","context":"En \u00abMunicipios\u00bb","block_context":{"text":"Municipios","link":"http:\/\/www.24baires.com\/?cat=44"},"img":{"alt_text":"","src":"https:\/\/i0.wp.com\/www.24baires.com\/wp-content\/uploads\/2024\/07\/colectivo-villa-gesell.webp?resize=350%2C200","width":350,"height":200,"srcset":"https:\/\/i0.wp.com\/www.24baires.com\/wp-content\/uploads\/2024\/07\/colectivo-villa-gesell.webp?resize=350%2C200 1x, https:\/\/i0.wp.com\/www.24baires.com\/wp-content\/uploads\/2024\/07\/colectivo-villa-gesell.webp?resize=525%2C300 1.5x, https:\/\/i0.wp.com\/www.24baires.com\/wp-content\/uploads\/2024\/07\/colectivo-villa-gesell.webp?resize=700%2C400 2x"},"classes":[]},{"id":59770,"url":"http:\/\/www.24baires.com\/?p=59770","url_meta":{"origin":66885,"position":4},"title":"\u00abLa buena gesti\u00f3n es la mejor forma de hacer campa\u00f1a\u00bb, asegur\u00f3 Randazzo","author":"GB","date":"08\/01\/2015","format":false,"excerpt":"MAR DEL PLATA-El ministro del Interior y Transporte consider\u00f3 adem\u00e1s que \"trabajar con dedicaci\u00f3n en la funci\u00f3n p\u00fablica es el mayor capital pol\u00edtico que puede tener un dirigente\". \"Soy de decir que la mejor pol\u00edtica es la buena gesti\u00f3n. Si eso significa hacer campa\u00f1a, yo lo estoy desde hace siete\u2026","rel":"","context":"En \u00abPol\u00edtica\u00bb","block_context":{"text":"Pol\u00edtica","link":"http:\/\/www.24baires.com\/?cat=51"},"img":{"alt_text":"randazzo en mar del plata","src":"https:\/\/i0.wp.com\/www.24baires.com\/wp-content\/uploads\/2015\/01\/randazzo-en-mar-del-plata-300x225.jpg?resize=350%2C200","width":350,"height":200},"classes":[]},{"id":16265,"url":"http:\/\/www.24baires.com\/?p=16265","url_meta":{"origin":66885,"position":5},"title":"\u00abEl Belgrano Cargas es fundamental para el desarrollo del pa\u00eds\u00bb","author":"Grupo Sierra","date":"21\/02\/2013","format":false,"excerpt":"Lo dijo el secretario de Transporte, Alejandro Ramos, anticip\u00f3 adem\u00e1s que desde el gobierno nacional se incentivar\u00e1 a la industria ferroviaria en su conjunto. \u00a0 \u00a0 Ramos destac\u00f3 que \u201clo que pas\u00f3 en el transporte es consecuencia de m\u00e1s de 30 a\u00f1os de historia donde se destruy\u00f3 el sistema productivo\u2026","rel":"","context":"En \u00abPol\u00edtica\u00bb","block_context":{"text":"Pol\u00edtica","link":"http:\/\/www.24baires.com\/?cat=51"},"img":{"alt_text":"ramos transporte","src":"https:\/\/i0.wp.com\/www.24baires.com\/wp-content\/uploads\/2013\/02\/ramos-transporte-300x200.jpg?resize=350%2C200","width":350,"height":200},"classes":[]}],"jetpack_sharing_enabled":true,"jetpack_likes_enabled":true,"jetpack_featured_media_url":"","_links":{"self":[{"href":"http:\/\/www.24baires.com\/index.php?rest_route=\/wp\/v2\/posts\/66885","targetHints":{"allow":["GET"]}}],"collection":[{"href":"http:\/\/www.24baires.com\/index.php?rest_route=\/wp\/v2\/posts"}],"about":[{"href":"http:\/\/www.24baires.com\/index.php?rest_route=\/wp\/v2\/types\/post"}],"author":[{"embeddable":true,"href":"http:\/\/www.24baires.com\/index.php?rest_route=\/wp\/v2\/users\/8"}],"replies":[{"embeddable":true,"href":"http:\/\/www.24baires.com\/index.php?rest_route=%2Fwp%2Fv2%2Fcomments&post=66885"}],"version-history":[{"count":1,"href":"http:\/\/www.24baires.com\/index.php?rest_route=\/wp\/v2\/posts\/66885\/revisions"}],"predecessor-version":[{"id":66887,"href":"http:\/\/www.24baires.com\/index.php?rest_route=\/wp\/v2\/posts\/66885\/revisions\/66887"}],"wp:attachment":[{"href":"http:\/\/www.24baires.com\/index.php?rest_route=%2Fwp%2Fv2%2Fmedia&parent=66885"}],"wp:term":[{"taxonomy":"category","embeddable":true,"href":"http:\/\/www.24baires.com\/index.php?rest_route=%2Fwp%2Fv2%2Fcategories&post=66885"},{"taxonomy":"post_tag","embeddable":true,"href":"http:\/\/www.24baires.com\/index.php?rest_route=%2Fwp%2Fv2%2Ftags&post=66885"}],"curies":[{"name":"wp","href":"https:\/\/api.w.org\/{rel}","templated":true}]}}