{"id":66878,"date":"2015-06-01T19:40:36","date_gmt":"2015-06-01T22:40:36","guid":{"rendered":"http:\/\/www.24baires.com\/?p=66878"},"modified":"2015-06-01T19:40:36","modified_gmt":"2015-06-01T22:40:36","slug":"sbatella-presentara-pruebas-que-vinculan-al-hsbc-con-iron-mountain","status":"publish","type":"post","link":"http:\/\/www.24baires.com\/?p=66878","title":{"rendered":"Sbatella presentar\u00e1 pruebas que vinculan al HSBC con Iron Mountain"},"content":{"rendered":"<p><img data-recalc-dims=\"1\" loading=\"lazy\" decoding=\"async\" class=\"aligncenter size-full wp-image-4493\" src=\"https:\/\/i0.wp.com\/www.24baires.com\/wp-content\/uploads\/2012\/11\/Sbatella.jpg?resize=560%2C336\" alt=\"Sbatella\" width=\"560\" height=\"336\" srcset=\"https:\/\/i0.wp.com\/www.24baires.com\/wp-content\/uploads\/2012\/11\/Sbatella.jpg?w=560 560w, https:\/\/i0.wp.com\/www.24baires.com\/wp-content\/uploads\/2012\/11\/Sbatella.jpg?resize=300%2C180 300w\" sizes=\"auto, (max-width: 560px) 100vw, 560px\" \/>Horas antes de exponer ante la Comisi\u00f3n que investiga las 4.040 cuentas ocultas del HSBC en Suiza, el titular de la Unidad de Informaci\u00f3n Financiera, Jos\u00e9 Sbatella, anunci\u00f3 que llevar\u00e1 al Congreso contundentes pruebas que vinculan el incendio intencional en Iron Mountain con el presunto lavado de dinero de m\u00e1s de $ 61.915 millones.<!--more--><\/p>\n<p>\u00abVamos a llevar los antecedentes de los casos sistem\u00e1ticos muy parecidos que tenemos en la UIF, que son tres causas distintas, pero con las misma metodolog\u00eda: la del HSBC, BNP Paribas y JP Morgan\u00bb, detall\u00f3 Sbatalla en di\u00e1logo con \u00e1mbito.com.<\/p>\n<p>La reuni\u00f3n de la Comisi\u00f3n Bicameral que preside el diputado del Frente para la Victoria Roberto Feletti est\u00e1 prevista para las 18 en la Sala 9 del Edificio Anexo de la C\u00e1mara. Al t\u00e9rmino de la exposici\u00f3n de Sbatella, la Presidencia de la comisi\u00f3n brindar\u00e1 un informe sobre el estado de la informaci\u00f3n recibida en la misma.<br \/>\nAdem\u00e1s de la informaci\u00f3n remitida por la justicia y por los organismos consultados, como el Banco Central, se informar\u00e1 sobre el avance de la presentaci\u00f3n judicial que se realizar\u00e1 desde el Congreso contra la empresa Cablevisi\u00f3n por su ausencia a las convocatorias realizadas por la bicameral.<br \/>\n\u00abComo el objetivo de la Comisi\u00f3n es obtener un diagn\u00f3stico sobre el sistema de evasi\u00f3n y fuga de capitales, vamos a mostrar las tres causas importantes y tenemos experiencia de c\u00f3mo se mov\u00edan\u00bb los sospechados, remarc\u00f3 el titular de la UIF.<br \/>\nSbatella tambi\u00e9n advirti\u00f3 que al caso HSBC lo rodea en la Argentina una situaci\u00f3n tr\u00e1gica, con el incendio de la empresa archivera en Barracas.<\/p>\n<p>\u00abSi bien todas las empresas ten\u00edan dep\u00f3sitos de documentaci\u00f3n en Iron Mountain, el HBSC utiliz\u00f3 mucho eso para desaparezca documentaci\u00f3n de las inspecciones y de las investigaciones, y para la UIF, que es querellante en la causa del incendio, est\u00e1 comprobado que hubo una licencia y premeditaci\u00f3n en el hecho, de que fue producido intencionalmente\u00bb, afirm\u00f3 ante la consulta de este medio sobre la posibilidad de aportar novedosa documentaci\u00f3n a los legisladores.<\/p>\n<p>\u00abVamos a mostrar la pericia que indica que con la desaparici\u00f3n de pruebas se estaban beneficiando los estaban ah\u00ed\u00bb, anticip\u00f3.<br \/>\nAunque el da\u00f1o fue irreparable, no fue determinante. En su visita al Parlamento, el CEO del HSBC Argentina, Gerardo Martino, se neg\u00f3 a dar informaci\u00f3n, pero dio una pista a seguir. \u00abSe limit\u00f3 a cubrir su propia responsabilidad penal y termin\u00f3 admitiendo que ten\u00eda un backup de la informaci\u00f3n que se quem\u00f3 en Iron Mountain\u00bb, dijo Feletti.<br \/>\nVarios de los implicados que aparec\u00edan en el listado remitido por la justicia francesa en la causa por lavado pertenecen al Grupo Clar\u00edn. Sin embargo, en dos oportunidades se negaron a concurrir argumentando que la comisi\u00f3n no ten\u00eda fundamento para citarlos.<\/p>\n<p>En las listas figuran directivos del Grupo con cuentas vinculadas: Saturnino Herrero Mitjans (miembro del directorio del Grupo Clar\u00edn); Pablo C\u00e9sar Casey (miembro del Grupo Clar\u00edn); Mariano Marcelo Iba\u00f1\u00e9z (Cablevisi\u00f3n); Luis Alberto Gonz\u00e1lez Buruki (Cablevisi\u00f3n).<br \/>\nEn este marco, Sbatella reconoci\u00f3 que muchos sospechados por las cuentas en Suiza tambi\u00e9n son objeto de investigaci\u00f3n en otras pesquisas, como las del JP Morgan. \u00abHay un lote (de personas) que son reincidentes en la aparici\u00f3n. Est\u00e1n acostumbrados a operar de esa manera. No solo con un banco, sino con varios. Como es sistem\u00e1tico, la idea es aportar c\u00f3mo es el control que se hace a esta historia que tiene d\u00e9cadas en la Argentina\u00bb, sostuvo.<br \/>\nEl funcionario antilavado exhort\u00f3 a los diputados y senadores a elaborar o modificar las leyes para impedir que estas maniobras fraudulentas se repritan. \u00abEl objetivo de la Comisi\u00f3n es encontrar una propuesta legal que limite m\u00e1s el esquema de posibilidad de hacer estos negocios, que pueden incluir modificaciones penales o otros cambio significativas en la penal cambiar, tributaria o de lavado. Ver qu\u00e9 figura hay que conseguir para poder frenar esto, que se hace casi legalmente como el contado con liqui. Hay que encontrar una legislaci\u00f3n que acote este fen\u00f3meno\u00bb, indic\u00f3.<br \/>\nPor \u00faltimo, inst\u00f3 al Poder Judicial a romper el cerco de protecci\u00f3n a los empresarios e inversionistas acusado y reclam\u00f3 un avance en los expedientes relacionados con lavado. \u00abQueremos que haya sanciones en las causas que se est\u00e1n investigando. El gran problema es que hay causas que tiene m\u00e1s de cinco a\u00f1os y no pasada nada con el avance a indagatoria de la gente. Con esto esperamos se aceleren los procesos judiciales\u00bb, concluy\u00f3.<br \/>\nEl pr\u00f3ximo 25 de junio se vence los tres meses que tiene la Comisi\u00f3n para emitir un dictamen sobre el tema, aunque existe la posibilidad de extender ese plazo por otros tres meses. Se extender\u00e1 si hasta ese momento no se logr\u00f3 que una delegaci\u00f3n de seis legisladores nacionales se re\u00fanan con Herv\u00e9 Falciani en el Senado franc\u00e9s. All\u00ed, el ex empleado del banco HSBC ofrecer\u00eda detalles sobre los argentinos tenedores de cuentas en Suiza no declaradas y sobre las pr\u00e1cticas de evasi\u00f3n fiscal atribuidas a la entidad brit\u00e1nica.<\/p>\n<p>&nbsp;<\/p>\n<p>&nbsp;<\/p>\n<p>&nbsp;<\/p>\n<p>&nbsp;<\/p>\n<p>&nbsp;<\/p>\n<p>&nbsp;<\/p>\n<p>&nbsp;<\/p>\n<p>&nbsp;<\/p>\n<p>&nbsp;<\/p>\n<p>&nbsp;<\/p>\n<p>&nbsp;<\/p>\n<p>&nbsp;<\/p>\n<p>&nbsp;<\/p>\n<p>&nbsp;<\/p>\n<p>&nbsp;<\/p>\n<p>&nbsp;<\/p>\n<p>&nbsp;<\/p>\n<p>&nbsp;<\/p>\n<p>&nbsp;<\/p>\n","protected":false},"excerpt":{"rendered":"<p>Horas antes de exponer ante la Comisi\u00f3n que investiga las 4.040 cuentas ocultas del HSBC en Suiza, el titular de la Unidad de Informaci\u00f3n Financiera, Jos\u00e9 Sbatella, anunci\u00f3 que llevar\u00e1 al Congreso contundentes pruebas que vinculan el incendio intencional en Iron Mountain con el presunto lavado de dinero de m\u00e1s de $ 61.915 millones.<\/p>\n","protected":false},"author":8,"featured_media":0,"comment_status":"open","ping_status":"open","sticky":false,"template":"","format":"standard","meta":{"_jetpack_newsletter_access":"","_jetpack_dont_email_post_to_subs":false,"_jetpack_newsletter_tier_id":0,"_jetpack_memberships_contains_paywalled_content":false,"_jetpack_memberships_contains_paid_content":false,"footnotes":""},"categories":[51],"tags":[],"class_list":["post-66878","post","type-post","status-publish","format-standard","hentry","category-politica"],"jetpack_shortlink":"https:\/\/wp.me\/p2JWE0-hoG","jetpack-related-posts":[{"id":62866,"url":"http:\/\/www.24baires.com\/?p=62866","url_meta":{"origin":66878,"position":0},"title":"Aseguran que el incendio de Iron Mountain fue intencional y en acuerdo con sus clientes","author":"GB","date":"09\/03\/2015","format":false,"excerpt":"As\u00ed los estim\u00f3 la Unidad de Informaci\u00f3n Financiera, que presentar\u00e1 documentos para sostener esta hip\u00f3tesis. \"Estamos recolectando evidencia para sustentar la sospecha de asociaci\u00f3n il\u00edcita\" dijo Sbatella. La Unidad de Informaci\u00f3n Financiera (UIF) presentar\u00e1 documentos ante la Justicia que buscar\u00e1n sustentar la hip\u00f3tesis de que detr\u00e1s del incendio del dep\u00f3sito\u2026","rel":"","context":"En \u00abSociedad\u00bb","block_context":{"text":"Sociedad","link":"http:\/\/www.24baires.com\/?cat=1"},"img":{"alt_text":"iron mountain 1","src":"https:\/\/i0.wp.com\/www.24baires.com\/wp-content\/uploads\/2015\/02\/iron-mountain-1.jpg?resize=350%2C200","width":350,"height":200,"srcset":"https:\/\/i0.wp.com\/www.24baires.com\/wp-content\/uploads\/2015\/02\/iron-mountain-1.jpg?resize=350%2C200 1x, https:\/\/i0.wp.com\/www.24baires.com\/wp-content\/uploads\/2015\/02\/iron-mountain-1.jpg?resize=525%2C300 1.5x"},"classes":[]},{"id":63668,"url":"http:\/\/www.24baires.com\/?p=63668","url_meta":{"origin":66878,"position":1},"title":"Piden \u00abinterpelaci\u00f3n inmediata\u00bb a funcionarios del PRO por el incendio de Iron Mountain","author":"GB","date":"28\/03\/2015","format":false,"excerpt":"El legislador porte\u00f1o Marcelo Ramal (Frente de Izquierda) pidi\u00f3 la \u201cinterpelaci\u00f3n inmediata\u201d de funcionarios del PRO por el incendio de Iron Mountain en febrero de 2014 en el que murieron 10 personas \u201cluego que las pericias determinaron que fue intencional y que el hecho estar\u00eda vinculado al ocultamiento de pruebas\u2026","rel":"","context":"En \u00abSociedad\u00bb","block_context":{"text":"Sociedad","link":"http:\/\/www.24baires.com\/?cat=1"},"img":{"alt_text":"iron mountain 1","src":"https:\/\/i0.wp.com\/www.24baires.com\/wp-content\/uploads\/2015\/02\/iron-mountain-1.jpg?resize=350%2C200","width":350,"height":200,"srcset":"https:\/\/i0.wp.com\/www.24baires.com\/wp-content\/uploads\/2015\/02\/iron-mountain-1.jpg?resize=350%2C200 1x, https:\/\/i0.wp.com\/www.24baires.com\/wp-content\/uploads\/2015\/02\/iron-mountain-1.jpg?resize=525%2C300 1.5x"},"classes":[]},{"id":57999,"url":"http:\/\/www.24baires.com\/?p=57999","url_meta":{"origin":66878,"position":2},"title":"Investigar\u00e1n por lavado de dinero a quienes tengan cuentas en Suiza sin declarar","author":"GB","date":"02\/12\/2014","format":false,"excerpt":"El titular de la Unidad de Informaci\u00f3n Financiera (UIF), Jos\u00e9 Sbatella, adelant\u00f3 que el Gobierno pedir\u00e1 que se investigue por lavado de dinero, un delito que no prescribe, a quienes integran la lista de cuentas bancarias en Suiza sin declarar denunciada por la AFIP. En declaraciones a Radio 10, Sbatella\u2026","rel":"","context":"En \u00abEconom\u00eda\u00bb","block_context":{"text":"Econom\u00eda","link":"http:\/\/www.24baires.com\/?cat=45"},"img":{"alt_text":"hsbc","src":"https:\/\/i0.wp.com\/www.24baires.com\/wp-content\/uploads\/2014\/08\/hsbc.jpg?resize=350%2C200","width":350,"height":200,"srcset":"https:\/\/i0.wp.com\/www.24baires.com\/wp-content\/uploads\/2014\/08\/hsbc.jpg?resize=350%2C200 1x, https:\/\/i0.wp.com\/www.24baires.com\/wp-content\/uploads\/2014\/08\/hsbc.jpg?resize=525%2C300 1.5x"},"classes":[]},{"id":62386,"url":"http:\/\/www.24baires.com\/?p=62386","url_meta":{"origin":66878,"position":3},"title":"Confirmaron que el incendio en Iron Mountain fue intencional","author":"Grupo Sierra","date":"27\/02\/2015","format":false,"excerpt":"El siniestro en la empresa de Barracas que dej\u00f3 8 bomberos y 2 rescatistas de Defensa Civil muertos habr\u00eda sido provocado, seg\u00fan determinar las pericias. El fueg\u00f3 quem\u00f3 5 mil cajas con documentos del banco HSBC y documentos de otras compa\u00f1ias. El peritaje que realiz\u00f3 la Polic\u00eda Federal concluy\u00f3 que\u2026","rel":"","context":"En \u00abJUDICIALES\u00bb","block_context":{"text":"JUDICIALES","link":"http:\/\/www.24baires.com\/?cat=68"},"img":{"alt_text":"barracas","src":"https:\/\/i0.wp.com\/www.24baires.com\/wp-content\/uploads\/2014\/02\/barracas1.jpg?resize=350%2C200","width":350,"height":200,"srcset":"https:\/\/i0.wp.com\/www.24baires.com\/wp-content\/uploads\/2014\/02\/barracas1.jpg?resize=350%2C200 1x, https:\/\/i0.wp.com\/www.24baires.com\/wp-content\/uploads\/2014\/02\/barracas1.jpg?resize=525%2C300 1.5x"},"classes":[]},{"id":63600,"url":"http:\/\/www.24baires.com\/?p=63600","url_meta":{"origin":66878,"position":4},"title":"El gobierno de Macri clausur\u00f3 \u00aben secreto\u00bb un dep\u00f3sito de Iron Mountain","author":"GB","date":"26\/03\/2015","format":false,"excerpt":"La clausura no fue informada ni en el Bolet\u00edn ni en la web oficial. De haberlo hecho, se deber\u00edan haber dado de baja los contratos que el gobierno de la ciudad tiene con la empresa de gesti\u00f3n y custodia de archivos. La Agencia Gubernamental de Control (AGC) de la ciudad\u2026","rel":"","context":"En \u00abSociedad\u00bb","block_context":{"text":"Sociedad","link":"http:\/\/www.24baires.com\/?cat=1"},"img":{"alt_text":"iron mountain","src":"https:\/\/i0.wp.com\/www.24baires.com\/wp-content\/uploads\/2014\/02\/iron-mountain.jpg?resize=350%2C200","width":350,"height":200,"srcset":"https:\/\/i0.wp.com\/www.24baires.com\/wp-content\/uploads\/2014\/02\/iron-mountain.jpg?resize=350%2C200 1x, https:\/\/i0.wp.com\/www.24baires.com\/wp-content\/uploads\/2014\/02\/iron-mountain.jpg?resize=525%2C300 1.5x"},"classes":[]},{"id":46223,"url":"http:\/\/www.24baires.com\/?p=46223","url_meta":{"origin":66878,"position":5},"title":"Caso Iron Mountain: AFIP denunci\u00f3 a la empresa por lavado de dinero","author":"Grupo Sierra","date":"18\/05\/2014","format":false,"excerpt":"BARRACAS- La Administraci\u00f3n Federal de Ingresos P\u00fablicos denunci\u00f3 ante la Justicia en lo Criminal a la multinacional Iron Mountain, cuyo dep\u00f3sito se incendi\u00f3 y derrumb\u00f3 en febrero de este a\u00f1o, por presunto lavado de dinero. La autoridad tributaria detect\u00f3 maniobras financieras sospechosas de la compa\u00f1\u00eda por 17,8 millones de d\u00f3lares\u2026","rel":"","context":"En \u00abJUDICIALES\u00bb","block_context":{"text":"JUDICIALES","link":"http:\/\/www.24baires.com\/?cat=68"},"img":{"alt_text":"barracas","src":"https:\/\/i0.wp.com\/www.24baires.com\/wp-content\/uploads\/2014\/02\/barracas1.jpg?resize=350%2C200","width":350,"height":200,"srcset":"https:\/\/i0.wp.com\/www.24baires.com\/wp-content\/uploads\/2014\/02\/barracas1.jpg?resize=350%2C200 1x, https:\/\/i0.wp.com\/www.24baires.com\/wp-content\/uploads\/2014\/02\/barracas1.jpg?resize=525%2C300 1.5x"},"classes":[]}],"jetpack_sharing_enabled":true,"jetpack_likes_enabled":true,"jetpack_featured_media_url":"","_links":{"self":[{"href":"http:\/\/www.24baires.com\/index.php?rest_route=\/wp\/v2\/posts\/66878","targetHints":{"allow":["GET"]}}],"collection":[{"href":"http:\/\/www.24baires.com\/index.php?rest_route=\/wp\/v2\/posts"}],"about":[{"href":"http:\/\/www.24baires.com\/index.php?rest_route=\/wp\/v2\/types\/post"}],"author":[{"embeddable":true,"href":"http:\/\/www.24baires.com\/index.php?rest_route=\/wp\/v2\/users\/8"}],"replies":[{"embeddable":true,"href":"http:\/\/www.24baires.com\/index.php?rest_route=%2Fwp%2Fv2%2Fcomments&post=66878"}],"version-history":[{"count":1,"href":"http:\/\/www.24baires.com\/index.php?rest_route=\/wp\/v2\/posts\/66878\/revisions"}],"predecessor-version":[{"id":66879,"href":"http:\/\/www.24baires.com\/index.php?rest_route=\/wp\/v2\/posts\/66878\/revisions\/66879"}],"wp:attachment":[{"href":"http:\/\/www.24baires.com\/index.php?rest_route=%2Fwp%2Fv2%2Fmedia&parent=66878"}],"wp:term":[{"taxonomy":"category","embeddable":true,"href":"http:\/\/www.24baires.com\/index.php?rest_route=%2Fwp%2Fv2%2Fcategories&post=66878"},{"taxonomy":"post_tag","embeddable":true,"href":"http:\/\/www.24baires.com\/index.php?rest_route=%2Fwp%2Fv2%2Ftags&post=66878"}],"curies":[{"name":"wp","href":"https:\/\/api.w.org\/{rel}","templated":true}]}}