{"id":66874,"date":"2015-06-01T18:35:36","date_gmt":"2015-06-01T21:35:36","guid":{"rendered":"http:\/\/www.24baires.com\/?p=66874"},"modified":"2015-06-01T18:10:19","modified_gmt":"2015-06-01T21:10:19","slug":"scioli-inauguro-comisaria-de-la-mujer-y-la-familia-en-pilar","status":"publish","type":"post","link":"http:\/\/www.24baires.com\/?p=66874","title":{"rendered":"Scioli inaugur\u00f3 comisaria de la Mujer y la Familia en Pilar"},"content":{"rendered":"<p><img data-recalc-dims=\"1\" loading=\"lazy\" decoding=\"async\" class=\"aligncenter size-full wp-image-66875\" src=\"https:\/\/i0.wp.com\/www.24baires.com\/wp-content\/uploads\/2015\/06\/scioli-ni-una-menos.jpg?resize=560%2C429\" alt=\"scioli ni una menos\" width=\"560\" height=\"429\" srcset=\"https:\/\/i0.wp.com\/www.24baires.com\/wp-content\/uploads\/2015\/06\/scioli-ni-una-menos.jpg?w=560 560w, https:\/\/i0.wp.com\/www.24baires.com\/wp-content\/uploads\/2015\/06\/scioli-ni-una-menos.jpg?resize=300%2C230 300w\" sizes=\"auto, (max-width: 560px) 100vw, 560px\" \/>Inaugur\u00f3 una comisaria de la Mujer y la Familia y visit\u00f3 el Establecimiento gr\u00e1fico \u00abImpresores\u00bb, en el Parque Industrial de Pilar junto al intendente local, que la \u00faltima semana retorn\u00f3 desde el massismo.<!--more--><\/p>\n<p>\u00abHemos llevado adelante acciones, como las Comisar\u00edas de la Mujer municipio por municipio, la campa\u00f1a Maltrato Cero, para desterrar, castigar y fundamentalmente, lograr prevenir, y vamos a seguir trabajando, para que &#8216;Ni Una Menos&#8217; sea una realidad\u00bb, asever\u00f3 el Gobernador, acompa\u00f1ado por el ministro de Seguridad, Alejandro Granados.<br \/>\nAsimismo, el Gobernador expres\u00f3: \u00abInauguramos la Comisar\u00eda de la Mujer N\u00ba 100, que es mucho m\u00e1s que un edificio, es el lugar donde t\u00e9cnicos, profesionales, especialistas, van a poder responder a las inquietudes, los derechos de las mujeres, porque cuando se ataca a la mujer, se ataca al pilar de la sociedad que es la familia\u00bb.<\/p>\n<p>Posteriormente, Scioli recorri\u00f3 el Parque Industrial de Pilar junto al ministro de la Producci\u00f3n, Cristian Breitenstein; el vicepresidente de la UIA, Juan Carlos Sacco, y el presidente de la empresa \u00abImpresores\u00bb, Marcelo Recio, donde adem\u00e1s mantuvo una reuni\u00f3n y se interioriz\u00f3 del proyecto que est\u00e1 en marcha, con una inversi\u00f3n de unos 400 millones de pesos, con autoridades del establecimiento gr\u00e1fico, e hizo entrega de la Promoci\u00f3n Industrial.<\/p>\n<p>&nbsp;<\/p>\n<p>&nbsp;<\/p>\n<p>&nbsp;<\/p>\n<p>&nbsp;<\/p>\n<p>&nbsp;<\/p>\n<p>&nbsp;<\/p>\n<p>&nbsp;<\/p>\n<p>&nbsp;<\/p>\n<p>&nbsp;<\/p>\n<p>&nbsp;<\/p>\n<p>&nbsp;<\/p>\n<p>&nbsp;<\/p>\n<p>&nbsp;<\/p>\n<p>&nbsp;<\/p>\n","protected":false},"excerpt":{"rendered":"<p>Inaugur\u00f3 una comisaria de la Mujer y la Familia y visit\u00f3 el Establecimiento gr\u00e1fico \u00abImpresores\u00bb, en el Parque Industrial de Pilar junto al intendente local, que la \u00faltima semana retorn\u00f3 desde el massismo.<\/p>\n","protected":false},"author":8,"featured_media":0,"comment_status":"open","ping_status":"open","sticky":false,"template":"","format":"standard","meta":{"_jetpack_newsletter_access":"","_jetpack_dont_email_post_to_subs":false,"_jetpack_newsletter_tier_id":0,"_jetpack_memberships_contains_paywalled_content":false,"_jetpack_memberships_contains_paid_content":false,"footnotes":""},"categories":[51],"tags":[],"class_list":["post-66874","post","type-post","status-publish","format-standard","hentry","category-politica"],"jetpack_shortlink":"https:\/\/wp.me\/p2JWE0-hoC","jetpack-related-posts":[{"id":50347,"url":"http:\/\/www.24baires.com\/?p=50347","url_meta":{"origin":66874,"position":0},"title":"Bragado: inauguran Comisar\u00eda de la Mujer","author":"AF","date":"22\/07\/2014","format":false,"excerpt":"Acompa\u00f1ado por la diputada provincial Mar\u00eda del Carmen Pan Rivas; el intendente de Bragado, Aldo San Pedro, inaugur\u00f3 la Comisar\u00eda de la Mujer y la Familia, al tiempo que ratific\u00f3 su compromiso por garantizar la seguridad a los ciudadanos. \u201cComenzamos a trabajar en temas que tiene que ver con algo\u2026","rel":"","context":"En \u00abLocales\u00bb","block_context":{"text":"Locales","link":"http:\/\/www.24baires.com\/?cat=38"},"img":{"alt_text":"","src":"https:\/\/i0.wp.com\/www.24baires.com\/wp-content\/uploads\/2014\/07\/comisar%C3%ADa-mujer-bragado.jpg?resize=350%2C200","width":350,"height":200,"srcset":"https:\/\/i0.wp.com\/www.24baires.com\/wp-content\/uploads\/2014\/07\/comisar%C3%ADa-mujer-bragado.jpg?resize=350%2C200 1x, https:\/\/i0.wp.com\/www.24baires.com\/wp-content\/uploads\/2014\/07\/comisar%C3%ADa-mujer-bragado.jpg?resize=525%2C300 1.5x"},"classes":[]},{"id":25116,"url":"http:\/\/www.24baires.com\/?p=25116","url_meta":{"origin":66874,"position":1},"title":"Inauguran en General Belgrano una sala de pediatr\u00eda y la comisar\u00eda de la Mujer","author":"AF","date":"05\/06\/2013","format":false,"excerpt":"Jorge Eijo, el intendente del municipio de General Belgrano, inaugur\u00f3 una nueva Ala de Pediatr\u00eda en el Hospital Municipal, y luego puso en funcionamiento la Comisar\u00eda de la Mujer y la Familia del distrito. En el Hospital Municipal mas precisamente se inauguraron dos salas de internaci\u00f3n, un consultorio de guardia,\u2026","rel":"","context":"En \u00abLocales\u00bb","block_context":{"text":"Locales","link":"http:\/\/www.24baires.com\/?cat=38"},"img":{"alt_text":"","src":"","width":0,"height":0},"classes":[]},{"id":62107,"url":"http:\/\/www.24baires.com\/?p=62107","url_meta":{"origin":66874,"position":2},"title":"Ya son 80 las Comisar\u00edas de la mujer y la familia que funcionan en la Provincia","author":"AF","date":"22\/02\/2015","format":false,"excerpt":"Un total de 80 Comisar\u00edas de la Mujer y la Familia ya funcionan en todo el territorio provincial, y se prev\u00e9, que durante los pr\u00f3ximos meses, se pongan en marcha 10 dependencias m\u00e1s, como parte de las acciones que se vienen efectuando en el marco de la emergencia de seguridad\u2026","rel":"","context":"En \u00abSociedad\u00bb","block_context":{"text":"Sociedad","link":"http:\/\/www.24baires.com\/?cat=1"},"img":{"alt_text":"","src":"","width":0,"height":0},"classes":[]},{"id":50464,"url":"http:\/\/www.24baires.com\/?p=50464","url_meta":{"origin":66874,"position":3},"title":"Ya son 70 los municipios que tienen Comisar\u00eda de la Mujer","author":"AF","date":"24\/07\/2014","format":false,"excerpt":"La ministra de Gobierno y presidenta del Consejo Provincial de las Mujeres, Cristina \u00c1lvarez Rodr\u00edguez, asegur\u00f3 que \u201cel gobierno provincial est\u00e1 comprometido con la promoci\u00f3n de pol\u00edticas en materia de violencia de g\u00e9nero\u201d, al inaugurar hoy la Comisar\u00eda de la Mujer y la Familia de Baradero, la n\u00famero 70 en\u2026","rel":"","context":"En \u00abMunicipios\u00bb","block_context":{"text":"Municipios","link":"http:\/\/www.24baires.com\/?cat=44"},"img":{"alt_text":"comisar\u00eda mujer bragado","src":"https:\/\/i0.wp.com\/www.24baires.com\/wp-content\/uploads\/2014\/07\/comisar%C3%ADa-mujer-bragado.jpg?resize=350%2C200","width":350,"height":200,"srcset":"https:\/\/i0.wp.com\/www.24baires.com\/wp-content\/uploads\/2014\/07\/comisar%C3%ADa-mujer-bragado.jpg?resize=350%2C200 1x, https:\/\/i0.wp.com\/www.24baires.com\/wp-content\/uploads\/2014\/07\/comisar%C3%ADa-mujer-bragado.jpg?resize=525%2C300 1.5x"},"classes":[]},{"id":22400,"url":"http:\/\/www.24baires.com\/?p=22400","url_meta":{"origin":66874,"position":4},"title":"Inauguran una Polic\u00eda de la Mujer en Guamin\u00ed","author":"AF","date":"02\/05\/2013","format":false,"excerpt":"El pr\u00f3ximo viernes 3 de mayo se pondr\u00e1 en funcionamiento la Comisar\u00eda de la Mujer y la Familia del municipio de Guamin\u00ed. El intendente de Guamin\u00ed, N\u00e9stor \u00c1lvarez, junto a la subsecretaria de Planificaci\u00f3n del ministerio de Justicia y Seguridad, Silvia La Ruffa, ser\u00e1n los encargados de encabezar el acto\u2026","rel":"","context":"En \u00abLocales\u00bb","block_context":{"text":"Locales","link":"http:\/\/www.24baires.com\/?cat=38"},"img":{"alt_text":"","src":"","width":0,"height":0},"classes":[]},{"id":102212,"url":"http:\/\/www.24baires.com\/?p=102212","url_meta":{"origin":66874,"position":5},"title":"Detuvieron a un hombre por el asesinato de su esposa","author":"AF","date":"17\/05\/2018","format":false,"excerpt":"Una mujer de 60 a\u00f1os fue asesinada a cuchilladas en una vivienda de la localidad bonaerense de Manuel Alberti, partido de Pilar, y por el crimen fue detenido su esposo, durante un operativo de b\u00fasqueda realizado en la zona, informaron hoy fuentes policiales. El hecho se registr\u00f3 en la casa\u2026","rel":"","context":"En \u00abPoliciales\u00bb","block_context":{"text":"Policiales","link":"http:\/\/www.24baires.com\/?cat=49"},"img":{"alt_text":"","src":"https:\/\/i0.wp.com\/www.24baires.com\/wp-content\/uploads\/2017\/02\/polic%C3%ADa.jpg?resize=350%2C200","width":350,"height":200,"srcset":"https:\/\/i0.wp.com\/www.24baires.com\/wp-content\/uploads\/2017\/02\/polic%C3%ADa.jpg?resize=350%2C200 1x, https:\/\/i0.wp.com\/www.24baires.com\/wp-content\/uploads\/2017\/02\/polic%C3%ADa.jpg?resize=525%2C300 1.5x"},"classes":[]}],"jetpack_sharing_enabled":true,"jetpack_likes_enabled":true,"jetpack_featured_media_url":"","_links":{"self":[{"href":"http:\/\/www.24baires.com\/index.php?rest_route=\/wp\/v2\/posts\/66874","targetHints":{"allow":["GET"]}}],"collection":[{"href":"http:\/\/www.24baires.com\/index.php?rest_route=\/wp\/v2\/posts"}],"about":[{"href":"http:\/\/www.24baires.com\/index.php?rest_route=\/wp\/v2\/types\/post"}],"author":[{"embeddable":true,"href":"http:\/\/www.24baires.com\/index.php?rest_route=\/wp\/v2\/users\/8"}],"replies":[{"embeddable":true,"href":"http:\/\/www.24baires.com\/index.php?rest_route=%2Fwp%2Fv2%2Fcomments&post=66874"}],"version-history":[{"count":1,"href":"http:\/\/www.24baires.com\/index.php?rest_route=\/wp\/v2\/posts\/66874\/revisions"}],"predecessor-version":[{"id":66876,"href":"http:\/\/www.24baires.com\/index.php?rest_route=\/wp\/v2\/posts\/66874\/revisions\/66876"}],"wp:attachment":[{"href":"http:\/\/www.24baires.com\/index.php?rest_route=%2Fwp%2Fv2%2Fmedia&parent=66874"}],"wp:term":[{"taxonomy":"category","embeddable":true,"href":"http:\/\/www.24baires.com\/index.php?rest_route=%2Fwp%2Fv2%2Fcategories&post=66874"},{"taxonomy":"post_tag","embeddable":true,"href":"http:\/\/www.24baires.com\/index.php?rest_route=%2Fwp%2Fv2%2Ftags&post=66874"}],"curies":[{"name":"wp","href":"https:\/\/api.w.org\/{rel}","templated":true}]}}