{"id":66807,"date":"2015-05-31T11:18:18","date_gmt":"2015-05-31T14:18:18","guid":{"rendered":"http:\/\/www.24baires.com\/?p=66807"},"modified":"2015-05-31T11:18:18","modified_gmt":"2015-05-31T14:18:18","slug":"vengo-bancando-este-proyecto-en-las-buenas-y-cuando-se-pone-a-prueba-el-temple-y-la-conviccion","status":"publish","type":"post","link":"http:\/\/www.24baires.com\/?p=66807","title":{"rendered":"\u201cVengo bancando este proyecto, en las buenas y cuando se pone a prueba el temple y la convicci\u00f3n\u201d"},"content":{"rendered":"<p><img data-recalc-dims=\"1\" loading=\"lazy\" decoding=\"async\" class=\"aligncenter size-full wp-image-52743\" src=\"https:\/\/i0.wp.com\/www.24baires.com\/wp-content\/uploads\/2014\/08\/scioli-saludo.jpg?resize=560%2C373\" alt=\"scioli saludo\" width=\"560\" height=\"373\" srcset=\"https:\/\/i0.wp.com\/www.24baires.com\/wp-content\/uploads\/2014\/08\/scioli-saludo.jpg?w=560 560w, https:\/\/i0.wp.com\/www.24baires.com\/wp-content\/uploads\/2014\/08\/scioli-saludo.jpg?resize=300%2C199 300w\" sizes=\"auto, (max-width: 560px) 100vw, 560px\" \/>El gobernador bonaerense y el precandidato a presidente por el Frente para la Victoria (FpV), Daniel Scioli, afirm\u00f3 que viene \u201cbancando este proyecto, en las buenas y cuando se pone a prueba el temple y la convicci\u00f3n\u201d, y asegur\u00f3 que en las pr\u00f3ximas elecciones \u201cest\u00e1n en juego dos visiones de pa\u00eds que se ven reflejadas como contraste muy claro entre nuestro espacio pol\u00edtico y el de la alianza que encabeza (Mauricio) Macri\u201d.<!--more--><\/p>\n<p>Durante un acto en la ciudad de Termas de R\u00edo Hondo junto al senador nacional Gerardo Zamora y la gobernadora santiag\u00fce\u00f1a Claudia Ledesma de Zamora, Scioli pidi\u00f3 \u00abrecrear el esp\u00edritu frentista para seguir d\u00e1ndole sustentabilidad a este proyecto pol\u00edtico\u00bb, en referencia al acuerdo pol\u00edtico entre el kirchnerismo y dirigentes radicales como es el caso de Zamora.<\/p>\n<p>Scioli expres\u00f3 que \u00abhay que plantear con toda claridad lo que se est\u00e1 disputando en la pr\u00f3xima elecci\u00f3n de octubre. Dos visiones de pa\u00eds, que se ven reflejadas como contraste muy claro entre nuestro espacio pol\u00edtico y el de la alianza que encabeza (Mauricio) Macri\u201d.<\/p>\n<p>En ese sentido, defini\u00f3: \u201cEllos (la oposici\u00f3n) son ese c\u00edrculo rojo del poder concentrado mientras que nosotros tenemos que ser el c\u00edrculo celeste y blanco para poder seguir avanzando\u00bb.<\/p>\n<p>Al firmar con su par de Santiago del Estero el segundo cap\u00edtulo del Acta de Reparaci\u00f3n hist\u00f3rica que en su momento firm\u00f3 con N\u00e9stor Kirchner, Scioli remarc\u00f3 su \u00abcompromiso para hacer de esta acta -la segunda-, una gu\u00eda de trabajo y gesti\u00f3n para los pr\u00f3ximos a\u00f1os\u00bb.<\/p>\n<p>Tambi\u00e9n particip\u00f3 el acto del que particip\u00f3 adem\u00e1s el vicegobernador de esa provincia Jos\u00e9 Emilio \u00abPich\u00f3n\u00bb Neder y el intendente de Termas de R\u00edo Hondo, Miguel Mukdise, seg\u00fan se inform\u00f3 el comunicado.<\/p>\n","protected":false},"excerpt":{"rendered":"<p>El gobernador bonaerense y el precandidato a presidente por el Frente para la Victoria (FpV), Daniel Scioli, afirm\u00f3 que viene \u201cbancando este proyecto, en las buenas y cuando se pone a prueba el temple y la convicci\u00f3n\u201d, y asegur\u00f3 que en las pr\u00f3ximas elecciones \u201cest\u00e1n en juego dos visiones de pa\u00eds que se ven reflejadas como contraste muy claro entre [&#8230;]<\/p>\n","protected":false},"author":8,"featured_media":0,"comment_status":"open","ping_status":"open","sticky":false,"template":"","format":"standard","meta":{"_jetpack_newsletter_access":"","_jetpack_dont_email_post_to_subs":false,"_jetpack_newsletter_tier_id":0,"_jetpack_memberships_contains_paywalled_content":false,"_jetpack_memberships_contains_paid_content":false,"footnotes":""},"categories":[51],"tags":[],"class_list":["post-66807","post","type-post","status-publish","format-standard","hentry","category-politica"],"jetpack_shortlink":"https:\/\/wp.me\/p2JWE0-hnx","jetpack-related-posts":[{"id":26712,"url":"http:\/\/www.24baires.com\/?p=26712","url_meta":{"origin":66807,"position":0},"title":"Juliana Di Tullio elogi\u00f3 el trabajo de Insaurralde y le peg\u00f3 a Massa y Scioli","author":"Grupo Sierra","date":"23\/06\/2013","format":false,"excerpt":"La segunda candidata a diputada nacional por el FpV en la provincia de Buenos Aires sostuvo que el intendente de Tigre \"pretender armar un espacio diferente\". \"Yo no lo consideraba en el espacio del Frente para la Victoria\", asever\u00f3 la titular del bloque kirchnerista en Diputados. Tambi\u00e9n le mand\u00f3 un\u2026","rel":"","context":"En \u00abPol\u00edtica\u00bb","block_context":{"text":"Pol\u00edtica","link":"http:\/\/www.24baires.com\/?cat=51"},"img":{"alt_text":"Di Tullio","src":"https:\/\/i0.wp.com\/www.24baires.com\/wp-content\/uploads\/2013\/05\/Di-Tullio.jpg?resize=350%2C200","width":350,"height":200,"srcset":"https:\/\/i0.wp.com\/www.24baires.com\/wp-content\/uploads\/2013\/05\/Di-Tullio.jpg?resize=350%2C200 1x, https:\/\/i0.wp.com\/www.24baires.com\/wp-content\/uploads\/2013\/05\/Di-Tullio.jpg?resize=525%2C300 1.5x"},"classes":[]},{"id":102994,"url":"http:\/\/www.24baires.com\/?p=102994","url_meta":{"origin":66807,"position":1},"title":"Insaurralde lanz\u00f3 su carrera por la Gobernaci\u00f3n bonaerense","author":"GB","date":"26\/06\/2018","format":false,"excerpt":"El intendente de Lomas de Zamora, Mart\u00edn Insaurralde, se anot\u00f3 hoy oficialmente en la carrera por la Gobernaci\u00f3n bonaerense, al difundir el apoyo de una docena de intendentes para que empiece a \"caminar la provincia\". El intendente, uno de los principales referentes del peronismo \"dialoguista\" en la provincia, reuni\u00f3 hoy\u2026","rel":"","context":"En \u00abProvincia\u00bb","block_context":{"text":"Provincia","link":"http:\/\/www.24baires.com\/?cat=40"},"img":{"alt_text":"","src":"https:\/\/i0.wp.com\/www.24baires.com\/wp-content\/uploads\/2018\/06\/insaurralde-300x200.jpg?resize=350%2C200","width":350,"height":200},"classes":[]},{"id":58952,"url":"http:\/\/www.24baires.com\/?p=58952","url_meta":{"origin":66807,"position":2},"title":"\u00abSiento la responsabilidad de volver a llevar al triunfo al Frente para la Victoria\u00bb","author":"GB","date":"21\/12\/2014","format":false,"excerpt":"El gobernador bonaerense asegur\u00f3 que \"dentro del justicialismo se ha recuperado una m\u00edstica\" y que \"hay un sentimiento de que se puede volver a ganar\", y que esa esa es su \"responsabilidad\". \"El peronismo es el eje del Frente para la Victoria y el Frente para la Victoria se nutre\u2026","rel":"","context":"En \u00abPol\u00edtica\u00bb","block_context":{"text":"Pol\u00edtica","link":"http:\/\/www.24baires.com\/?cat=51"},"img":{"alt_text":"scioli saludo","src":"https:\/\/i0.wp.com\/www.24baires.com\/wp-content\/uploads\/2014\/08\/scioli-saludo.jpg?resize=350%2C200","width":350,"height":200,"srcset":"https:\/\/i0.wp.com\/www.24baires.com\/wp-content\/uploads\/2014\/08\/scioli-saludo.jpg?resize=350%2C200 1x, https:\/\/i0.wp.com\/www.24baires.com\/wp-content\/uploads\/2014\/08\/scioli-saludo.jpg?resize=525%2C300 1.5x"},"classes":[]},{"id":26791,"url":"http:\/\/www.24baires.com\/?p=26791","url_meta":{"origin":66807,"position":3},"title":"\u00abNo hay pol\u00edticas inclusivas, de seguridad, de justicia, si los bonaerenses no tenemos trabajo\u00bb","author":"Grupo Sierra","date":"24\/06\/2013","format":false,"excerpt":"El intendente de Lomas de Zamora y candidato a diputado del oficialismo,\u00a0Mart\u00edn Insaurralde, asever\u00f3 que va a plantear cu\u00e1les son las propuestas para el futuro y c\u00f3mo \"se superar\u00e1n las dificultades\" que existen en la Provincia. Acompa\u00f1ado por el gobernador Daniel Scioli, el jefe comunal expres\u00f3 estos conceptos al recorrer\u2026","rel":"","context":"En \u00abPol\u00edtica\u00bb","block_context":{"text":"Pol\u00edtica","link":"http:\/\/www.24baires.com\/?cat=51"},"img":{"alt_text":"","src":"","width":0,"height":0},"classes":[]},{"id":6037,"url":"http:\/\/www.24baires.com\/?p=6037","url_meta":{"origin":66807,"position":4},"title":"Insaurralde le respondi\u00f3 a Pampuro y lo mand\u00f3 \u00aba trabajar\u00bb","author":"Grupo Sierra","date":"19\/11\/2012","format":false,"excerpt":"El intendente de Lomas de Zamora, Mart\u00edn Insaurralde, recrimin\u00f3 al gobernador Daniel Scioli por las declaraciones en contra del Gobierno nacional que realiz\u00f3 el vicepresidente del Banco Provincia, Jos\u00e9 Pampuro. \"Que se ocupe que el BAPRO le d\u00e9 cr\u00e9ditos a la gente, mejor\"\u00a0lanz\u00f3 Insaurralde.\u00a0 El intendente Insaurralde cuestion\u00f3 a Pampuro,\u2026","rel":"","context":"En \u00abPol\u00edtica\u00bb","block_context":{"text":"Pol\u00edtica","link":"http:\/\/www.24baires.com\/?cat=51"},"img":{"alt_text":"","src":"","width":0,"height":0},"classes":[]},{"id":94121,"url":"http:\/\/www.24baires.com\/?p=94121","url_meta":{"origin":66807,"position":5},"title":"Scioli llam\u00f3 a \u00aborganizarse\u00bb contra el \u00abmodelo de ajuste\u00bb","author":"GB","date":"26\/04\/2017","format":false,"excerpt":"LAN\u00daS-En un plenario del PJ que encabez\u00f3 junto a intendentes y legisladores, el ex Gobernador pidi\u00f3 \"defender nuestras ideas con convicci\u00f3n\" y enfrentar las medidas econ\u00f3micas de Macri. El ex gobernador bonaerense Daniel Scioli encabez\u00f3 ayer un plenario del peronismo en Lan\u00fas, donde llam\u00f3 a \"organizarse\" frente al \"modelo de\u2026","rel":"","context":"En \u00abPol\u00edtica\u00bb","block_context":{"text":"Pol\u00edtica","link":"http:\/\/www.24baires.com\/?cat=51"},"img":{"alt_text":"","src":"https:\/\/i0.wp.com\/www.24baires.com\/wp-content\/uploads\/2015\/11\/scioli-plataforma.jpg?resize=350%2C200","width":350,"height":200,"srcset":"https:\/\/i0.wp.com\/www.24baires.com\/wp-content\/uploads\/2015\/11\/scioli-plataforma.jpg?resize=350%2C200 1x, https:\/\/i0.wp.com\/www.24baires.com\/wp-content\/uploads\/2015\/11\/scioli-plataforma.jpg?resize=525%2C300 1.5x"},"classes":[]}],"jetpack_sharing_enabled":true,"jetpack_likes_enabled":true,"jetpack_featured_media_url":"","_links":{"self":[{"href":"http:\/\/www.24baires.com\/index.php?rest_route=\/wp\/v2\/posts\/66807","targetHints":{"allow":["GET"]}}],"collection":[{"href":"http:\/\/www.24baires.com\/index.php?rest_route=\/wp\/v2\/posts"}],"about":[{"href":"http:\/\/www.24baires.com\/index.php?rest_route=\/wp\/v2\/types\/post"}],"author":[{"embeddable":true,"href":"http:\/\/www.24baires.com\/index.php?rest_route=\/wp\/v2\/users\/8"}],"replies":[{"embeddable":true,"href":"http:\/\/www.24baires.com\/index.php?rest_route=%2Fwp%2Fv2%2Fcomments&post=66807"}],"version-history":[{"count":1,"href":"http:\/\/www.24baires.com\/index.php?rest_route=\/wp\/v2\/posts\/66807\/revisions"}],"predecessor-version":[{"id":66808,"href":"http:\/\/www.24baires.com\/index.php?rest_route=\/wp\/v2\/posts\/66807\/revisions\/66808"}],"wp:attachment":[{"href":"http:\/\/www.24baires.com\/index.php?rest_route=%2Fwp%2Fv2%2Fmedia&parent=66807"}],"wp:term":[{"taxonomy":"category","embeddable":true,"href":"http:\/\/www.24baires.com\/index.php?rest_route=%2Fwp%2Fv2%2Fcategories&post=66807"},{"taxonomy":"post_tag","embeddable":true,"href":"http:\/\/www.24baires.com\/index.php?rest_route=%2Fwp%2Fv2%2Ftags&post=66807"}],"curies":[{"name":"wp","href":"https:\/\/api.w.org\/{rel}","templated":true}]}}