{"id":66766,"date":"2015-05-29T19:00:32","date_gmt":"2015-05-29T22:00:32","guid":{"rendered":"http:\/\/www.24baires.com\/?p=66766"},"modified":"2015-05-29T18:58:49","modified_gmt":"2015-05-29T21:58:49","slug":"se-acabo-la-epoca-en-que-la-economia-conduce-la-politica-aseguro-scioli","status":"publish","type":"post","link":"http:\/\/www.24baires.com\/?p=66766","title":{"rendered":"\u00abSe acab\u00f3 la \u00e9poca en que la econom\u00eda conduce la pol\u00edtica\u00bb, asegur\u00f3 Scioli"},"content":{"rendered":"<p><img data-recalc-dims=\"1\" loading=\"lazy\" decoding=\"async\" class=\"aligncenter size-full wp-image-52695\" src=\"https:\/\/i0.wp.com\/www.24baires.com\/wp-content\/uploads\/2014\/08\/scioli5.jpg?resize=560%2C280\" alt=\"scioli5\" width=\"560\" height=\"280\" srcset=\"https:\/\/i0.wp.com\/www.24baires.com\/wp-content\/uploads\/2014\/08\/scioli5.jpg?w=560 560w, https:\/\/i0.wp.com\/www.24baires.com\/wp-content\/uploads\/2014\/08\/scioli5.jpg?resize=300%2C150 300w\" sizes=\"auto, (max-width: 560px) 100vw, 560px\" \/>El precandidato presidencial del oficialismo dej\u00f3 en claro que no dejar\u00e1 que los mercados marquen la agenda de su eventual gobierno. \u00ab\u00a1Las decisiones las tomo yo!\u00bb, enfatiz\u00f3.<!--more--><\/p>\n<p>El gobernador bonaerense, de campa\u00f1a en Mendoza, afirm\u00f3 que \u00abla pol\u00edtica conduce la econom\u00eda. Se acab\u00f3 la \u00e9poca cuando era al rev\u00e9s\u00bb, en clara concordancia con la l\u00ednea definida por el kirchnerismo desde el 2003 y en una semana donde la Uni\u00f3n Industrial intent\u00f3 marcarle la cancha, exigi\u00e9ndole un ajuste en caso de ser Presidente.<\/p>\n<p>\u00abYo escucho opiniones de mucha gente, pero las decisiones las tomo yo\u00bb, afirm\u00f3 en declaraciones a la radio Mendoza Andina.<\/p>\n<p>Tengo reuniones de trabajo con cada sector, con cada productor. Si llego a la presidencia despu\u00e9s del 10 de diciembre voy a producir, a producir y a producir\u00bb, agreg\u00f3 el mandatario provincial.<\/p>\n<p>Asimismo, Scioli sostuvo que plantea \u00ablo que considero el camino mejor, en caso que la voluntad popular quiera otra cosa, voy a hacer respetuoso\u00bb.<\/p>\n<p>El jueves, el rival de Scioli, Florencio Randazzo, le hab\u00eda cuestionado \u00abel doble discurso\u00bb: \u00abDice defender las pol\u00edticas de este gobierno y su gur\u00fa econ\u00f3mico lo desmiente categ\u00f3ricamente\u00bb.<\/p>\n<p>Esa referencia a Miguel Bein, el economista asesor del gobernador, prosigui\u00f3: \u00abPlantea que hay que pagarle a los fondos buitre con una m\u00ednima quita\u00bb.<\/p>\n<p>&nbsp;<\/p>\n<p>&nbsp;<\/p>\n<p>&nbsp;<\/p>\n<p>&nbsp;<\/p>\n<p>&nbsp;<\/p>\n<p>&nbsp;<\/p>\n<p>&nbsp;<\/p>\n<p>&nbsp;<\/p>\n<p>&nbsp;<\/p>\n<p>&nbsp;<\/p>\n<p>&nbsp;<\/p>\n<p>&nbsp;<\/p>\n<p>&nbsp;<\/p>\n<p>&nbsp;<\/p>\n<p>&nbsp;<\/p>\n<p>&nbsp;<\/p>\n","protected":false},"excerpt":{"rendered":"<p>El precandidato presidencial del oficialismo dej\u00f3 en claro que no dejar\u00e1 que los mercados marquen la agenda de su eventual gobierno. \u00ab\u00a1Las decisiones las tomo yo!\u00bb, enfatiz\u00f3.<\/p>\n","protected":false},"author":8,"featured_media":0,"comment_status":"open","ping_status":"open","sticky":false,"template":"","format":"standard","meta":{"_jetpack_newsletter_access":"","_jetpack_dont_email_post_to_subs":false,"_jetpack_newsletter_tier_id":0,"_jetpack_memberships_contains_paywalled_content":false,"_jetpack_memberships_contains_paid_content":false,"footnotes":""},"categories":[51],"tags":[],"class_list":["post-66766","post","type-post","status-publish","format-standard","hentry","category-politica"],"jetpack_shortlink":"https:\/\/wp.me\/p2JWE0-hmS","jetpack-related-posts":[{"id":111755,"url":"http:\/\/www.24baires.com\/?p=111755","url_meta":{"origin":66766,"position":0},"title":"\u00abA cada provincia le tiene que tocar lo que le corresponde","author":"AF","date":"22\/08\/2019","format":false,"excerpt":"El candidato a presidente del Frente de Todos sostuvo, junto a la postulante a gobernadora por ese espacio pol\u00edtico, Anabel Fern\u00e1ndez Sagasti, que \"el mayor problema de Argentina es la postergaci\u00f3n del interior\". El candidato a presidente por el Frente de Todos, Alberto Fern\u00e1ndez, brind\u00f3 a una conferencia de prensa\u2026","rel":"","context":"En \u00abPol\u00edtica\u00bb","block_context":{"text":"Pol\u00edtica","link":"http:\/\/www.24baires.com\/?cat=51"},"img":{"alt_text":"","src":"https:\/\/i0.wp.com\/www.24baires.com\/wp-content\/uploads\/2019\/08\/albertoo.jpg?resize=350%2C200","width":350,"height":200,"srcset":"https:\/\/i0.wp.com\/www.24baires.com\/wp-content\/uploads\/2019\/08\/albertoo.jpg?resize=350%2C200 1x, https:\/\/i0.wp.com\/www.24baires.com\/wp-content\/uploads\/2019\/08\/albertoo.jpg?resize=525%2C300 1.5x"},"classes":[]},{"id":122100,"url":"http:\/\/www.24baires.com\/?p=122100","url_meta":{"origin":66766,"position":1},"title":"Caputo admiti\u00f3 que su plan econ\u00f3mico tiene \u201csimilitudes\u201d con los del pasado pero prometi\u00f3 que \u201cesta vez no ser\u00e1 as\u00ed\u201d","author":"GB","date":"07\/03\/2025","format":false,"excerpt":"Durante un foro en Mendoza, el ministro de Econom\u00eda intent\u00f3 contrarrestar comentarios sobre el parecido de algunos indicadores con \u00e9pocas de crisis pero dej\u00f3 m\u00e1s dudas: \u201cEsas similitudes pueden hacer confundir pero esta vez no es el mismo caso\u201d prometi\u00f3. El ministro de Econom\u00eda, Luis Caputo, admiti\u00f3 que las pol\u00edticas\u2026","rel":"","context":"En \u00abEconom\u00eda\u00bb","block_context":{"text":"Econom\u00eda","link":"http:\/\/www.24baires.com\/?cat=45"},"img":{"alt_text":"","src":"https:\/\/i0.wp.com\/www.24baires.com\/wp-content\/uploads\/2024\/03\/luis-caputojpg.webp?resize=350%2C200","width":350,"height":200,"srcset":"https:\/\/i0.wp.com\/www.24baires.com\/wp-content\/uploads\/2024\/03\/luis-caputojpg.webp?resize=350%2C200 1x, https:\/\/i0.wp.com\/www.24baires.com\/wp-content\/uploads\/2024\/03\/luis-caputojpg.webp?resize=525%2C300 1.5x, https:\/\/i0.wp.com\/www.24baires.com\/wp-content\/uploads\/2024\/03\/luis-caputojpg.webp?resize=700%2C400 2x"},"classes":[]},{"id":111092,"url":"http:\/\/www.24baires.com\/?p=111092","url_meta":{"origin":66766,"position":2},"title":"Alberto Fern\u00e1ndez: \u00abA diferencia del Presidente, tuve la suerte de caer en la educaci\u00f3n p\u00fablica\u00bb","author":"AF","date":"05\/07\/2019","format":false,"excerpt":"En su visita a Mendoza, el precandidato presidente por el Frente de Todos critic\u00f3 el estado actual de la educaci\u00f3n p\u00fablica. \"Las sociedades ricas son las sociedades que han desarrollado la educaci\u00f3n, la ciencia y la tecnolog\u00eda\", expres\u00f3. El pre candidato presidencial en el Frente de Todos, Alberto Fern\u00e1ndez, visit\u00f3\u2026","rel":"","context":"En \u00abPol\u00edtica\u00bb","block_context":{"text":"Pol\u00edtica","link":"http:\/\/www.24baires.com\/?cat=51"},"img":{"alt_text":"","src":"https:\/\/i0.wp.com\/www.24baires.com\/wp-content\/uploads\/2019\/06\/alberto-fernandez.jpg?resize=350%2C200","width":350,"height":200,"srcset":"https:\/\/i0.wp.com\/www.24baires.com\/wp-content\/uploads\/2019\/06\/alberto-fernandez.jpg?resize=350%2C200 1x, https:\/\/i0.wp.com\/www.24baires.com\/wp-content\/uploads\/2019\/06\/alberto-fernandez.jpg?resize=525%2C300 1.5x"},"classes":[]},{"id":115388,"url":"http:\/\/www.24baires.com\/?p=115388","url_meta":{"origin":66766,"position":3},"title":"\u00abEl peligro todav\u00eda no pas\u00f3 y la pol\u00edtica debe tener mensaje claro\u00bb","author":"AF","date":"18\/06\/2020","format":false,"excerpt":"Al exponer su primer informe ante el Senado, el jefe de Gabinete se refiri\u00f3 a la pandemia y advirti\u00f3 que la pol\u00edtica \"debe tener un mensaje claro\" a la ciudadan\u00eda, en medio del aislamiento social y obligatorio. El jefe de Gabinete de Ministros, Santiago Cafiero, afirm\u00f3 que \u201cArgentina ya estaba\u2026","rel":"","context":"En \u00abPol\u00edtica\u00bb","block_context":{"text":"Pol\u00edtica","link":"http:\/\/www.24baires.com\/?cat=51"},"img":{"alt_text":"","src":"https:\/\/i0.wp.com\/www.24baires.com\/wp-content\/uploads\/2020\/06\/cafiero-senado.jpg?resize=350%2C200","width":350,"height":200,"srcset":"https:\/\/i0.wp.com\/www.24baires.com\/wp-content\/uploads\/2020\/06\/cafiero-senado.jpg?resize=350%2C200 1x, https:\/\/i0.wp.com\/www.24baires.com\/wp-content\/uploads\/2020\/06\/cafiero-senado.jpg?resize=525%2C300 1.5x"},"classes":[]},{"id":121643,"url":"http:\/\/www.24baires.com\/?p=121643","url_meta":{"origin":66766,"position":4},"title":"El Gobierno prohibi\u00f3 a provincias y municipios cobrar tasas a trav\u00e9s de las boletas de los servicios p\u00fablicos","author":"GB","date":"11\/09\/2024","format":false,"excerpt":"Tras el anuncio de Caputo por las tasas municipales, los intendentes explotaron los grupos de whatsapp y preparan una presentaci\u00f3n judicial. En medio de la recesi\u00f3n econ\u00f3mica, el Gobierno Nacional tom\u00f3 una medida que afectar\u00e1 a todos los municipios del pa\u00eds y marca una nueva pauta del ahogo de Javier\u2026","rel":"","context":"En \u00abPol\u00edtica\u00bb","block_context":{"text":"Pol\u00edtica","link":"http:\/\/www.24baires.com\/?cat=51"},"img":{"alt_text":"","src":"https:\/\/i0.wp.com\/www.24baires.com\/wp-content\/uploads\/2024\/01\/caputo-ok.jpg?resize=350%2C200","width":350,"height":200,"srcset":"https:\/\/i0.wp.com\/www.24baires.com\/wp-content\/uploads\/2024\/01\/caputo-ok.jpg?resize=350%2C200 1x, https:\/\/i0.wp.com\/www.24baires.com\/wp-content\/uploads\/2024\/01\/caputo-ok.jpg?resize=525%2C300 1.5x, https:\/\/i0.wp.com\/www.24baires.com\/wp-content\/uploads\/2024\/01\/caputo-ok.jpg?resize=700%2C400 2x"},"classes":[]},{"id":122047,"url":"http:\/\/www.24baires.com\/?p=122047","url_meta":{"origin":66766,"position":5},"title":"Kicillof: \u00abEst\u00e1n destruyendo la capacidad adquisitiva, la salud y hasta las costumbres del pueblo\u00bb","author":"GB","date":"10\/02\/2025","format":false,"excerpt":"El Gobernador cruz\u00f3 al gobierno nacional y advirti\u00f3 sobre las consecuencias de sus pol\u00edticas econ\u00f3micas. Como es costumbre, Milei por su parte respondi\u00f3 con agravios m\u00e1s que con datos. La disputa entre el presidente Javier Milei y el gobernador de la provincia de Buenos Aires, Axel Kicillof, sum\u00f3 un nuevo\u2026","rel":"","context":"En \u00abProvincia\u00bb","block_context":{"text":"Provincia","link":"http:\/\/www.24baires.com\/?cat=40"},"img":{"alt_text":"","src":"https:\/\/i0.wp.com\/www.24baires.com\/wp-content\/uploads\/2025\/02\/axel-k.webp?resize=350%2C200","width":350,"height":200,"srcset":"https:\/\/i0.wp.com\/www.24baires.com\/wp-content\/uploads\/2025\/02\/axel-k.webp?resize=350%2C200 1x, https:\/\/i0.wp.com\/www.24baires.com\/wp-content\/uploads\/2025\/02\/axel-k.webp?resize=525%2C300 1.5x, https:\/\/i0.wp.com\/www.24baires.com\/wp-content\/uploads\/2025\/02\/axel-k.webp?resize=700%2C400 2x"},"classes":[]}],"jetpack_sharing_enabled":true,"jetpack_likes_enabled":true,"jetpack_featured_media_url":"","_links":{"self":[{"href":"http:\/\/www.24baires.com\/index.php?rest_route=\/wp\/v2\/posts\/66766","targetHints":{"allow":["GET"]}}],"collection":[{"href":"http:\/\/www.24baires.com\/index.php?rest_route=\/wp\/v2\/posts"}],"about":[{"href":"http:\/\/www.24baires.com\/index.php?rest_route=\/wp\/v2\/types\/post"}],"author":[{"embeddable":true,"href":"http:\/\/www.24baires.com\/index.php?rest_route=\/wp\/v2\/users\/8"}],"replies":[{"embeddable":true,"href":"http:\/\/www.24baires.com\/index.php?rest_route=%2Fwp%2Fv2%2Fcomments&post=66766"}],"version-history":[{"count":1,"href":"http:\/\/www.24baires.com\/index.php?rest_route=\/wp\/v2\/posts\/66766\/revisions"}],"predecessor-version":[{"id":66767,"href":"http:\/\/www.24baires.com\/index.php?rest_route=\/wp\/v2\/posts\/66766\/revisions\/66767"}],"wp:attachment":[{"href":"http:\/\/www.24baires.com\/index.php?rest_route=%2Fwp%2Fv2%2Fmedia&parent=66766"}],"wp:term":[{"taxonomy":"category","embeddable":true,"href":"http:\/\/www.24baires.com\/index.php?rest_route=%2Fwp%2Fv2%2Fcategories&post=66766"},{"taxonomy":"post_tag","embeddable":true,"href":"http:\/\/www.24baires.com\/index.php?rest_route=%2Fwp%2Fv2%2Ftags&post=66766"}],"curies":[{"name":"wp","href":"https:\/\/api.w.org\/{rel}","templated":true}]}}