{"id":66738,"date":"2015-05-29T12:44:19","date_gmt":"2015-05-29T15:44:19","guid":{"rendered":"http:\/\/www.24baires.com\/?p=66738"},"modified":"2015-05-29T12:44:20","modified_gmt":"2015-05-29T15:44:20","slug":"de-narvaez-reconocio-la-agresion-a-periodista-y-pidio-disculpas","status":"publish","type":"post","link":"http:\/\/www.24baires.com\/?p=66738","title":{"rendered":"De Narv\u00e1ez reconoci\u00f3 la agresi\u00f3n a periodista y pidi\u00f3 disculpas"},"content":{"rendered":"<p><img data-recalc-dims=\"1\" loading=\"lazy\" decoding=\"async\" class=\"aligncenter size-full wp-image-66739\" src=\"https:\/\/i0.wp.com\/www.24baires.com\/wp-content\/uploads\/2015\/05\/de-narvaez-nova.jpg?resize=560%2C222\" alt=\"de narvaez nova\" width=\"560\" height=\"222\" srcset=\"https:\/\/i0.wp.com\/www.24baires.com\/wp-content\/uploads\/2015\/05\/de-narvaez-nova.jpg?w=560 560w, https:\/\/i0.wp.com\/www.24baires.com\/wp-content\/uploads\/2015\/05\/de-narvaez-nova.jpg?resize=300%2C119 300w\" sizes=\"auto, (max-width: 560px) 100vw, 560px\" \/>Francisco De Narv\u00e1ez, diputado y precandidato a Gobernador por el Frente Renovador protagoniz\u00f3 un hecho que llam\u00f3 la atenci\u00f3n. Ayer, agredi\u00f3 a periodista de una agencia platense que hab\u00eda publicado una infamia sobre el empresario relacionada con su familia y con su vida privada.<!--more--><\/p>\n<p>\u201cNo deb\u00ed reaccionar como reaccion\u00e9. Comet\u00ed un grave error y pido disculpas\u201d, expres\u00f3 De Narv\u00e1ez en Radio La Red.<\/p>\n<p>\u201cLo cierto es que en 2013 este se\u00f1or que se dice periodista es un extorsionador. Me llegaron mensajes de que iba a publicar una nota indigna\u201d, agreg\u00f3 el diputado y coment\u00f3 que se acerc\u00f3 para hablar.<\/p>\n<p>Cuando estaba en el despacho del periodista, el diputado le pidi\u00f3 que no se meta con su familia y el platense le dijo: \u201c\u00bfQu\u00e9, me vas a apretar?\u201d. \u201cAh\u00ed reaccion\u00e9 muy mal y pido disculpas\u201d, reiter\u00f3 el precandidato del Frente Renovador.<\/p>\n<p>\u201cNo deb\u00ed reaccionar. El me hablo con altaner\u00eda y lo reconozco, reaccione mal. Pido disculpas porque la violencia nunca es admisible\u201d, agreg\u00f3 el precandidato en la entrevista radial.<\/p>\n<p>La noticia fue publicada en una agencia plantese que habitualmente difunde informaci\u00f3n que difama a funcionarios oficialistas. Sin embargo, ninguno de ellos ha tenido una actitud similar a la de De Narv\u00e1ez.<\/p>\n<p>&nbsp;<\/p>\n<p>&nbsp;<\/p>\n<p>&nbsp;<\/p>\n<p>&nbsp;<\/p>\n<p>&nbsp;<\/p>\n<p>&nbsp;<\/p>\n<p>&nbsp;<\/p>\n<p>&nbsp;<\/p>\n<p>&nbsp;<\/p>\n<p>&nbsp;<\/p>\n<p>&nbsp;<\/p>\n<p>&nbsp;<\/p>\n<p>&nbsp;<\/p>\n","protected":false},"excerpt":{"rendered":"<p>Francisco De Narv\u00e1ez, diputado y precandidato a Gobernador por el Frente Renovador protagoniz\u00f3 un hecho que llam\u00f3 la atenci\u00f3n. Ayer, agredi\u00f3 a periodista de una agencia platense que hab\u00eda publicado una infamia sobre el empresario relacionada con su familia y con su vida privada.<\/p>\n","protected":false},"author":4,"featured_media":0,"comment_status":"open","ping_status":"open","sticky":false,"template":"","format":"standard","meta":{"_jetpack_newsletter_access":"","_jetpack_dont_email_post_to_subs":false,"_jetpack_newsletter_tier_id":0,"_jetpack_memberships_contains_paywalled_content":false,"_jetpack_memberships_contains_paid_content":false,"footnotes":""},"categories":[51],"tags":[],"class_list":["post-66738","post","type-post","status-publish","format-standard","hentry","category-politica"],"jetpack_shortlink":"https:\/\/wp.me\/p2JWE0-hmq","jetpack-related-posts":[{"id":32521,"url":"http:\/\/www.24baires.com\/?p=32521","url_meta":{"origin":66738,"position":0},"title":"De Narv\u00e1ez: \u00abMe podr\u00eda hacer un picnic con Massa\u00bb","author":"GB","date":"26\/09\/2013","format":false,"excerpt":"El candidato a diputado nacional por Unidos por la Libertad y el Trabajo, Francisco De Narv\u00e1ez, visit\u00f3 el centro comercial de City Bell y en ese marco asegur\u00f3 que \"podr\u00eda hacerme un picnic en el debate si empiezo a hablar del pasado de Sergio Massa\". \"La gente puede cambiar de\u2026","rel":"","context":"En \u00abELECCIONES 2013\u00bb","block_context":{"text":"ELECCIONES 2013","link":"http:\/\/www.24baires.com\/?cat=72"},"img":{"alt_text":"","src":"","width":0,"height":0},"classes":[]},{"id":65538,"url":"http:\/\/www.24baires.com\/?p=65538","url_meta":{"origin":66738,"position":1},"title":"De Narv\u00e1ez consider\u00f3 que la provincia de Buenos Aires va a definir la elecci\u00f3n","author":"GB","date":"07\/05\/2015","format":false,"excerpt":"As\u00ed lo asegur\u00f3 el precandidato a Gobernador bonaerense por el Frente Renovador quien consider\u00f3 que \"el voto de los bonaerenses\" definir\u00e1 el resultado de las elecciones presidenciales. Francisco de Narv\u00e1ez advirti\u00f3 que \"el kirchnerismo tiene decidido quedarse en el poder\" y evalu\u00f3 que \"el voto de los bonaerenses\" definir\u00e1 el\u2026","rel":"","context":"En \u00abElecciones 2015\u00bb","block_context":{"text":"Elecciones 2015","link":"http:\/\/www.24baires.com\/?cat=74"},"img":{"alt_text":"de narv\u00e1ez2","src":"https:\/\/i0.wp.com\/www.24baires.com\/wp-content\/uploads\/2013\/05\/de-narv%C3%A1ez2.jpg?resize=350%2C200","width":350,"height":200,"srcset":"https:\/\/i0.wp.com\/www.24baires.com\/wp-content\/uploads\/2013\/05\/de-narv%C3%A1ez2.jpg?resize=350%2C200 1x, https:\/\/i0.wp.com\/www.24baires.com\/wp-content\/uploads\/2013\/05\/de-narv%C3%A1ez2.jpg?resize=525%2C300 1.5x"},"classes":[]},{"id":58358,"url":"http:\/\/www.24baires.com\/?p=58358","url_meta":{"origin":66738,"position":2},"title":"El Frente Renovador buscar\u00e1 sumar a De Narv\u00e1ez en sus filas","author":"GB","date":"09\/12\/2014","format":false,"excerpt":"Dirigentes del FR avanzan en las negociaciones con el diputado Francisco De Narv\u00e1ez para incorporarlo a su abanico de precandidatos a gobernador bonaerense, aunque a\u00fan resta que mantenga una reuni\u00f3n con el propio Sergio Massa. Seg\u00fan pudo confirmar T\u00e9lam de fuentes del FR, De Narv\u00e1ez se habr\u00eda reunido para hablar\u2026","rel":"","context":"En \u00abElecciones 2015\u00bb","block_context":{"text":"Elecciones 2015","link":"http:\/\/www.24baires.com\/?cat=74"},"img":{"alt_text":"de narv\u00e1ez2","src":"https:\/\/i0.wp.com\/www.24baires.com\/wp-content\/uploads\/2013\/05\/de-narv%C3%A1ez2.jpg?resize=350%2C200","width":350,"height":200,"srcset":"https:\/\/i0.wp.com\/www.24baires.com\/wp-content\/uploads\/2013\/05\/de-narv%C3%A1ez2.jpg?resize=350%2C200 1x, https:\/\/i0.wp.com\/www.24baires.com\/wp-content\/uploads\/2013\/05\/de-narv%C3%A1ez2.jpg?resize=525%2C300 1.5x"},"classes":[]},{"id":60034,"url":"http:\/\/www.24baires.com\/?p=60034","url_meta":{"origin":66738,"position":3},"title":"Felipe dice que ya se dio la mano con De Narv\u00e1ez y \u00abdejamos las cosas atr\u00e1s\u00bb","author":"Grupo Sierra","date":"13\/01\/2015","format":false,"excerpt":"El diputado y precandidato a gobernador por el massismo, Felipe Sol\u00e1, se refiri\u00f3 a la incorporaci\u00f3n de su par Francisco de Narv\u00e1ez a la lista de candidatos para las PASO bonaerenses del Frente Renovador, y asegur\u00f3 que \"ya no\" siente \"una rivalidad fuerte\" con \u00e9l, y opin\u00f3 que \"ser\u00eda l\u00f3gico\u2026","rel":"","context":"En \u00abElecciones 2015\u00bb","block_context":{"text":"Elecciones 2015","link":"http:\/\/www.24baires.com\/?cat=74"},"img":{"alt_text":"felipe sol\u00e1","src":"https:\/\/i0.wp.com\/www.24baires.com\/wp-content\/uploads\/2014\/07\/felipe-sol%C3%A1.jpg?resize=350%2C200","width":350,"height":200,"srcset":"https:\/\/i0.wp.com\/www.24baires.com\/wp-content\/uploads\/2014\/07\/felipe-sol%C3%A1.jpg?resize=350%2C200 1x, https:\/\/i0.wp.com\/www.24baires.com\/wp-content\/uploads\/2014\/07\/felipe-sol%C3%A1.jpg?resize=525%2C300 1.5x"},"classes":[]},{"id":66104,"url":"http:\/\/www.24baires.com\/?p=66104","url_meta":{"origin":66738,"position":4},"title":"\u00abMacri se equivoca feo si piensa que puede solo\u00bb, asegur\u00f3 De Narv\u00e1ez","author":"GB","date":"18\/05\/2015","format":false,"excerpt":"El precandidato a gobernador bonaerense por el Frente Renovador asegur\u00f3 hoy que para ganarle al kirchnerismo en las pr\u00f3ximas elecciones presidenciales de octubre es necesario \"unirse\", y se\u00f1al\u00f3 que si \"alguien cree que tiene otra receta, se equivoca\". El diputado del Frente Renovador insisti\u00f3 con su idea de hacer una\u2026","rel":"","context":"En \u00abLocales\u00bb","block_context":{"text":"Locales","link":"http:\/\/www.24baires.com\/?cat=38"},"img":{"alt_text":"de narv\u00e1ez2","src":"https:\/\/i0.wp.com\/www.24baires.com\/wp-content\/uploads\/2013\/05\/de-narv%C3%A1ez2.jpg?resize=350%2C200","width":350,"height":200,"srcset":"https:\/\/i0.wp.com\/www.24baires.com\/wp-content\/uploads\/2013\/05\/de-narv%C3%A1ez2.jpg?resize=350%2C200 1x, https:\/\/i0.wp.com\/www.24baires.com\/wp-content\/uploads\/2013\/05\/de-narv%C3%A1ez2.jpg?resize=525%2C300 1.5x"},"classes":[]},{"id":65463,"url":"http:\/\/www.24baires.com\/?p=65463","url_meta":{"origin":66738,"position":5},"title":"Giustozzi ratific\u00f3 su alianza con Massa, aunque no descarta alejarse del FR","author":"AF","date":"06\/05\/2015","format":false,"excerpt":"El diputado nacional del Frente Renovador Dar\u00edo Giustozzi confirm\u00f3 su pertenencia al Frente Renovador, pese a que en ese espacio que lidera Sergio Massa admiten que est\u00e1 \"conversando\" con otros sectores y no descartan una posible salida, disconforme con los t\u00e9rminos en que se plantea la interna de precandidatos a\u2026","rel":"","context":"En \u00abElecciones 2015\u00bb","block_context":{"text":"Elecciones 2015","link":"http:\/\/www.24baires.com\/?cat=74"},"img":{"alt_text":"","src":"https:\/\/i0.wp.com\/www.24baires.com\/wp-content\/uploads\/2015\/05\/giustozzi.jpg?resize=350%2C200","width":350,"height":200,"srcset":"https:\/\/i0.wp.com\/www.24baires.com\/wp-content\/uploads\/2015\/05\/giustozzi.jpg?resize=350%2C200 1x, https:\/\/i0.wp.com\/www.24baires.com\/wp-content\/uploads\/2015\/05\/giustozzi.jpg?resize=525%2C300 1.5x"},"classes":[]}],"jetpack_sharing_enabled":true,"jetpack_likes_enabled":true,"jetpack_featured_media_url":"","_links":{"self":[{"href":"http:\/\/www.24baires.com\/index.php?rest_route=\/wp\/v2\/posts\/66738","targetHints":{"allow":["GET"]}}],"collection":[{"href":"http:\/\/www.24baires.com\/index.php?rest_route=\/wp\/v2\/posts"}],"about":[{"href":"http:\/\/www.24baires.com\/index.php?rest_route=\/wp\/v2\/types\/post"}],"author":[{"embeddable":true,"href":"http:\/\/www.24baires.com\/index.php?rest_route=\/wp\/v2\/users\/4"}],"replies":[{"embeddable":true,"href":"http:\/\/www.24baires.com\/index.php?rest_route=%2Fwp%2Fv2%2Fcomments&post=66738"}],"version-history":[{"count":1,"href":"http:\/\/www.24baires.com\/index.php?rest_route=\/wp\/v2\/posts\/66738\/revisions"}],"predecessor-version":[{"id":66740,"href":"http:\/\/www.24baires.com\/index.php?rest_route=\/wp\/v2\/posts\/66738\/revisions\/66740"}],"wp:attachment":[{"href":"http:\/\/www.24baires.com\/index.php?rest_route=%2Fwp%2Fv2%2Fmedia&parent=66738"}],"wp:term":[{"taxonomy":"category","embeddable":true,"href":"http:\/\/www.24baires.com\/index.php?rest_route=%2Fwp%2Fv2%2Fcategories&post=66738"},{"taxonomy":"post_tag","embeddable":true,"href":"http:\/\/www.24baires.com\/index.php?rest_route=%2Fwp%2Fv2%2Ftags&post=66738"}],"curies":[{"name":"wp","href":"https:\/\/api.w.org\/{rel}","templated":true}]}}