{"id":66586,"date":"2015-05-27T12:27:22","date_gmt":"2015-05-27T15:27:22","guid":{"rendered":"http:\/\/www.24baires.com\/?p=66586"},"modified":"2015-05-27T12:27:22","modified_gmt":"2015-05-27T15:27:22","slug":"scioli-se-reunira-con-obispos-de-la-provincia","status":"publish","type":"post","link":"http:\/\/www.24baires.com\/?p=66586","title":{"rendered":"Scioli se reunir\u00e1 con obispos de la Provincia"},"content":{"rendered":"<p><img data-recalc-dims=\"1\" loading=\"lazy\" decoding=\"async\" class=\"aligncenter size-full wp-image-52695\" src=\"https:\/\/i0.wp.com\/www.24baires.com\/wp-content\/uploads\/2014\/08\/scioli5.jpg?resize=560%2C280\" alt=\"scioli5\" width=\"560\" height=\"280\" srcset=\"https:\/\/i0.wp.com\/www.24baires.com\/wp-content\/uploads\/2014\/08\/scioli5.jpg?w=560 560w, https:\/\/i0.wp.com\/www.24baires.com\/wp-content\/uploads\/2014\/08\/scioli5.jpg?resize=300%2C150 300w\" sizes=\"auto, (max-width: 560px) 100vw, 560px\" \/>El gobernador bonaerense y precandidato presidencial por el oficialismo, Daniel Scioli, encabezar\u00e1 hoy un encuentro con todos los obispos de la provincia de Buenos Aires, en el que seg\u00fan \u00e9l mismo anticip\u00f3, ser\u00e1 su \u00ab\u00faltimo almuerzo\u00bb con el sector \u00abantes de comenzar la campa\u00f1a\u00bb electoral de cara a la Casa Rosada.<!--more--><\/p>\n<p>Mientras en el entorno del equipo de campa\u00f1a del gobernador bonaerense confirmaron a DyN que \u00abScioli definir\u00e1 con la Presidenta\u00bb quien ser\u00e1 su compa\u00f1ero de f\u00f3rmula, aseguraron que el nombre del candidato a vicepresidente que lo acompa\u00f1ar\u00e1 para competir con Florencio Randazzo en las PASO del FpV, ser\u00e1 dado a conocer el mismo d\u00eda en que venza el plazo de presentaci\u00f3n de listas, es decir, \u00abel 20 de junio\u00bb.<\/p>\n<p>Tras mostrarse junto a la Presidenta Cristina Fern\u00e1ndez en los actos y festejos por el aniversario de la Revoluci\u00f3n de Mayo, Scioli continuar\u00e1 los pr\u00f3ximos meses con su estrategia de combinar \u00abagenda de gesti\u00f3n\u00bb y \u00abvisitas de campa\u00f1a a todas las provincias\u00bb, acompa\u00f1ando \u00aba todos los candidatos a gobernador e intendentes\u00bb del oficialismo en cada distrito.<\/p>\n<p>Tras volver a compartir esta noche un acto con el candidato a gobernador de C\u00f3rdoba, Eduardo Accastello y su candidato a vice, el humorista \u00abCacho\u00bb Buenaventura, Scioli encabezar\u00e1 ma\u00f1ana en la Casa de Gobierno en La Plata, un encuentro con los obispos bonaerenses.<\/p>\n<p>\u00abEl mi\u00e9rcoles recibo a todos obispos de la provincia, seguramente va a ser el \u00faltimo almuerzo de mi gesti\u00f3n con ellos antes de la campa\u00f1a. Lo hago peri\u00f3dicamente y los escucho porque ellos hacen un trabajo social, en materia educativa y salud p\u00fablica que para mi es una gu\u00eda de trabajo\u00bb, sostuvo Scioli en declaraciones a la prensa tras participar de los festejos por el 25 de mayo en la Casa Rosada.<\/p>\n<p>En ese marco, Scioli volvi\u00f3 a marcar diferencias respecto a su rival en la interna kirchnerista y remarc\u00f3 su acercamiento al Papa Francisco y a la Iglesia: \u00abFundamentalmente, la palabra del Papa es lo que m\u00e1s tengo como gu\u00eda\u00bb, se\u00f1al\u00f3.<\/p>\n<p>En tanto, mientras crecen los rumores de nuevos regresos de intendentes que se hab\u00edan pasado al massismo, -los m\u00e1s nombrados son los de Merlo, Ra\u00fal Otaceh\u00e9; de Pilar, Humberto Z\u00faccaro y Guillermo Boletieri de Almirante Brown-, Scioli se mostrar\u00e1 el jueves encabezando un acto con una veintena de jefes comunales y 500 concejales del PJ bonaerense que ya se definen como \u00absciolistas\u00bb.<\/p>\n<p>El encuentro -coordinado por la ministra de Gobierno bonaerense y sobrina nieta de Evita, Cristina Alvarez Rodr\u00edguez- tendr\u00e1 lugar el jueves a las 11 en el hotel NH City, ubicado en Bol\u00edvar 160 de esta capital y servir\u00e1 como una demostraci\u00f3n de fuerza de cara a la interna con Randazzo.<\/p>\n<p>\u00abScioli va a defender las pol\u00edticas del kirchnerismo como cofundador del modelo y se va a mostrar como el \u00fanico candidato que garantiza el triunfo al FpV\u00bb en octubre, explicaron fuentes del sciolismo consultadas sobre cu\u00e1l ser\u00e1 la estrategia electoral de aqu\u00ed a las PASO del 9 de agosto.<\/p>\n<p>En tren de campa\u00f1a, Scioli volver\u00e1 a visitar el pr\u00f3ximo viernes la provincia de Santiago del Estero, y se mostrar\u00e1 con la gobernadora Claudia Ledesma de Zamora en el acto de inauguraci\u00f3n de la temporada tur\u00edstica en Termas de R\u00edo Hondo, mientas que el s\u00e1bado tiene previsto trasladarse a Misiones para participar de un concierto para chicos de todo el mundo en Puerto Iguaz\u00fa.<\/p>\n<p>&nbsp;<\/p>\n<p>&nbsp;<\/p>\n<p>&nbsp;<\/p>\n<p>&nbsp;<\/p>\n<p>&nbsp;<\/p>\n<p>&nbsp;<\/p>\n<p>&nbsp;<\/p>\n<p>&nbsp;<\/p>\n<p>&nbsp;<\/p>\n<p>&nbsp;<\/p>\n<p>&nbsp;<\/p>\n<p>&nbsp;<\/p>\n<p>&nbsp;<\/p>\n<p>&nbsp;<\/p>\n<p>&nbsp;<\/p>\n<p>&nbsp;<\/p>\n<p>&nbsp;<\/p>\n<p>&nbsp;<\/p>\n<p>&nbsp;<\/p>\n","protected":false},"excerpt":{"rendered":"<p>El gobernador bonaerense y precandidato presidencial por el oficialismo, Daniel Scioli, encabezar\u00e1 hoy un encuentro con todos los obispos de la provincia de Buenos Aires, en el que seg\u00fan \u00e9l mismo anticip\u00f3, ser\u00e1 su \u00ab\u00faltimo almuerzo\u00bb con el sector \u00abantes de comenzar la campa\u00f1a\u00bb electoral de cara a la Casa Rosada.<\/p>\n","protected":false},"author":8,"featured_media":0,"comment_status":"open","ping_status":"open","sticky":false,"template":"","format":"standard","meta":{"_jetpack_newsletter_access":"","_jetpack_dont_email_post_to_subs":false,"_jetpack_newsletter_tier_id":0,"_jetpack_memberships_contains_paywalled_content":false,"_jetpack_memberships_contains_paid_content":false,"footnotes":""},"categories":[51],"tags":[],"class_list":["post-66586","post","type-post","status-publish","format-standard","hentry","category-politica"],"jetpack_shortlink":"https:\/\/wp.me\/p2JWE0-hjY","jetpack-related-posts":[{"id":101122,"url":"http:\/\/www.24baires.com\/?p=101122","url_meta":{"origin":66586,"position":0},"title":"Indagar\u00e1n a Scioli por irregularidades en la construcci\u00f3n de las UPA 24","author":"AF","date":"17\/03\/2018","format":false,"excerpt":"El ex gobernador Daniel Scioli y quien fuera su ministro de Salud, Alejandro Collia, fueron imputados y citados a prestar declaraci\u00f3n indagatoria en el marco de una causa que investiga presuntas irregularidades en la adjudicaci\u00f3n de ocho Unidades de Pronta Atenci\u00f3n (UPA 24) para las que se destinaron m\u00e1s de\u2026","rel":"","context":"En \u00abJUDICIALES\u00bb","block_context":{"text":"JUDICIALES","link":"http:\/\/www.24baires.com\/?cat=68"},"img":{"alt_text":"","src":"https:\/\/i0.wp.com\/www.24baires.com\/wp-content\/uploads\/2014\/05\/Daniel-Scioli.jpg?resize=350%2C200","width":350,"height":200,"srcset":"https:\/\/i0.wp.com\/www.24baires.com\/wp-content\/uploads\/2014\/05\/Daniel-Scioli.jpg?resize=350%2C200 1x, https:\/\/i0.wp.com\/www.24baires.com\/wp-content\/uploads\/2014\/05\/Daniel-Scioli.jpg?resize=525%2C300 1.5x"},"classes":[]},{"id":105389,"url":"http:\/\/www.24baires.com\/?p=105389","url_meta":{"origin":66586,"position":1},"title":"Vidal prometi\u00f3 \u00abnueva propuesta\u00bb a docentes","author":"GB","date":"12\/11\/2018","format":false,"excerpt":"La gobernadora Mar\u00eda Eugenia Vidal asegur\u00f3 hoy que convocar\u00e1 a los gremios docentes antes de fin de a\u00f1o para hacerles una \"nueva propuesta\". Apunt\u00f3 contra la industria del juego y volvi\u00f3 a negar posible candidatura a presidenta. \"Vamos a volver a convocar a los docentes antes de fin de aa\u00f1o\u2026","rel":"","context":"En \u00abProvincia\u00bb","block_context":{"text":"Provincia","link":"http:\/\/www.24baires.com\/?cat=40"},"img":{"alt_text":"","src":"https:\/\/i0.wp.com\/www.24baires.com\/wp-content\/uploads\/2018\/03\/vidal-1.jpg?resize=350%2C200","width":350,"height":200,"srcset":"https:\/\/i0.wp.com\/www.24baires.com\/wp-content\/uploads\/2018\/03\/vidal-1.jpg?resize=350%2C200 1x, https:\/\/i0.wp.com\/www.24baires.com\/wp-content\/uploads\/2018\/03\/vidal-1.jpg?resize=525%2C300 1.5x"},"classes":[]},{"id":120181,"url":"http:\/\/www.24baires.com\/?p=120181","url_meta":{"origin":66586,"position":2},"title":"El Frente de Todos pasa a llamarse \u00abUni\u00f3n por la Patria\u00bb","author":"AF","date":"14\/06\/2023","format":false,"excerpt":"Los distintos sectores que componen el frente oficialista mantienen reuniones para definir, entre otras cosas, la constituci\u00f3n de su junta partidaria y el reglamento electoral que fijar\u00e1 pisos y porcentajes para la integraci\u00f3n de listas. El Frente de Todos (FdT) se llamar\u00e1 Uni\u00f3n por la Patria (UxP) en las pr\u00f3ximas\u2026","rel":"","context":"En \u00abPol\u00edtica\u00bb","block_context":{"text":"Pol\u00edtica","link":"http:\/\/www.24baires.com\/?cat=51"},"img":{"alt_text":"","src":"https:\/\/i0.wp.com\/www.24baires.com\/wp-content\/uploads\/2023\/06\/cfk-25-5.png?resize=350%2C200","width":350,"height":200,"srcset":"https:\/\/i0.wp.com\/www.24baires.com\/wp-content\/uploads\/2023\/06\/cfk-25-5.png?resize=350%2C200 1x, https:\/\/i0.wp.com\/www.24baires.com\/wp-content\/uploads\/2023\/06\/cfk-25-5.png?resize=525%2C300 1.5x, https:\/\/i0.wp.com\/www.24baires.com\/wp-content\/uploads\/2023\/06\/cfk-25-5.png?resize=700%2C400 2x, https:\/\/i0.wp.com\/www.24baires.com\/wp-content\/uploads\/2023\/06\/cfk-25-5.png?resize=1050%2C600 3x"},"classes":[]},{"id":108387,"url":"http:\/\/www.24baires.com\/?p=108387","url_meta":{"origin":66586,"position":3},"title":"Scioli ratific\u00f3 su candidatura presidencial","author":"GB","date":"25\/05\/2019","format":false,"excerpt":"El exgobernador de la Provincia de Buenos Aires particip\u00f3 del Congreso Educativo de Ajedrez que se realiz\u00f3 en la ciudad balnearia y manifest\u00f3 sus deseos de ser el primer mandatario del pa\u00eds despu\u00e9s del 10 de diciembre, sin embargo aclar\u00f3: \u201cVer\u00e9 como peronista en qu\u00e9 lugar puedo hacer mi mayor\u2026","rel":"","context":"En \u00abPol\u00edtica\u00bb","block_context":{"text":"Pol\u00edtica","link":"http:\/\/www.24baires.com\/?cat=51"},"img":{"alt_text":"","src":"https:\/\/i0.wp.com\/www.24baires.com\/wp-content\/uploads\/2019\/05\/scioli-mar-del.jpg?resize=350%2C200","width":350,"height":200,"srcset":"https:\/\/i0.wp.com\/www.24baires.com\/wp-content\/uploads\/2019\/05\/scioli-mar-del.jpg?resize=350%2C200 1x, https:\/\/i0.wp.com\/www.24baires.com\/wp-content\/uploads\/2019\/05\/scioli-mar-del.jpg?resize=525%2C300 1.5x"},"classes":[]},{"id":103352,"url":"http:\/\/www.24baires.com\/?p=103352","url_meta":{"origin":66586,"position":4},"title":"In\u00e9dito: La Provincia no tiene opositores en los \u00f3rganos de contralor del gobierno","author":"Grupo Sierra","date":"15\/07\/2018","format":false,"excerpt":"El nombramiento de Mar\u00eda Fernanda Inza como contadora general de la Provincia, que Mar\u00eda Eugenia Vidal apur\u00f3 la semana que pas\u00f3 a favor de la mayor\u00eda que posee en el Senado y el oportuno apoyo de un representante del massismo, termin\u00f3 de consolidar una situaci\u00f3n con pocos antecedentes: todos los\u2026","rel":"","context":"En \u00abProvincia\u00bb","block_context":{"text":"Provincia","link":"http:\/\/www.24baires.com\/?cat=40"},"img":{"alt_text":"","src":"https:\/\/i0.wp.com\/www.dib.com.ar\/gestion\/images\/blogmanagement\/noticias\/thumb\/5b4b9524cb0ac1531680036.jpg?resize=350%2C200","width":350,"height":200,"srcset":"https:\/\/i0.wp.com\/www.dib.com.ar\/gestion\/images\/blogmanagement\/noticias\/thumb\/5b4b9524cb0ac1531680036.jpg?resize=350%2C200 1x, https:\/\/i0.wp.com\/www.dib.com.ar\/gestion\/images\/blogmanagement\/noticias\/thumb\/5b4b9524cb0ac1531680036.jpg?resize=525%2C300 1.5x"},"classes":[]},{"id":120034,"url":"http:\/\/www.24baires.com\/?p=120034","url_meta":{"origin":66586,"position":5},"title":"Con una agenda industrial, Axel Kicillof llega a Brasil","author":"GB","date":"24\/04\/2023","format":false,"excerpt":"El gobernador de la provincia de Buenos Aires, Axel Kicillof, estar\u00e1 hoy y ma\u00f1ana en la ciudad de S\u00e3o Paulo. Como hab\u00eda anticipado INFOCIELO, el gobernador de la provincia de Buenos Aires, Axel Kicillof, comienza su semana en Brasil. El mandatario estar\u00e1 en S\u00e3o Paulo, la ciudad m\u00e1s poblada del\u2026","rel":"","context":"En \u00abEconom\u00eda\u00bb","block_context":{"text":"Econom\u00eda","link":"http:\/\/www.24baires.com\/?cat=45"},"img":{"alt_text":"","src":"https:\/\/i0.wp.com\/www.24baires.com\/wp-content\/uploads\/2023\/04\/kicillof-brasil.webp?resize=350%2C200","width":350,"height":200,"srcset":"https:\/\/i0.wp.com\/www.24baires.com\/wp-content\/uploads\/2023\/04\/kicillof-brasil.webp?resize=350%2C200 1x, https:\/\/i0.wp.com\/www.24baires.com\/wp-content\/uploads\/2023\/04\/kicillof-brasil.webp?resize=525%2C300 1.5x, https:\/\/i0.wp.com\/www.24baires.com\/wp-content\/uploads\/2023\/04\/kicillof-brasil.webp?resize=700%2C400 2x"},"classes":[]}],"jetpack_sharing_enabled":true,"jetpack_likes_enabled":true,"jetpack_featured_media_url":"","_links":{"self":[{"href":"http:\/\/www.24baires.com\/index.php?rest_route=\/wp\/v2\/posts\/66586","targetHints":{"allow":["GET"]}}],"collection":[{"href":"http:\/\/www.24baires.com\/index.php?rest_route=\/wp\/v2\/posts"}],"about":[{"href":"http:\/\/www.24baires.com\/index.php?rest_route=\/wp\/v2\/types\/post"}],"author":[{"embeddable":true,"href":"http:\/\/www.24baires.com\/index.php?rest_route=\/wp\/v2\/users\/8"}],"replies":[{"embeddable":true,"href":"http:\/\/www.24baires.com\/index.php?rest_route=%2Fwp%2Fv2%2Fcomments&post=66586"}],"version-history":[{"count":1,"href":"http:\/\/www.24baires.com\/index.php?rest_route=\/wp\/v2\/posts\/66586\/revisions"}],"predecessor-version":[{"id":66587,"href":"http:\/\/www.24baires.com\/index.php?rest_route=\/wp\/v2\/posts\/66586\/revisions\/66587"}],"wp:attachment":[{"href":"http:\/\/www.24baires.com\/index.php?rest_route=%2Fwp%2Fv2%2Fmedia&parent=66586"}],"wp:term":[{"taxonomy":"category","embeddable":true,"href":"http:\/\/www.24baires.com\/index.php?rest_route=%2Fwp%2Fv2%2Fcategories&post=66586"},{"taxonomy":"post_tag","embeddable":true,"href":"http:\/\/www.24baires.com\/index.php?rest_route=%2Fwp%2Fv2%2Ftags&post=66586"}],"curies":[{"name":"wp","href":"https:\/\/api.w.org\/{rel}","templated":true}]}}