{"id":66578,"date":"2015-05-27T11:09:30","date_gmt":"2015-05-27T14:09:30","guid":{"rendered":"http:\/\/www.24baires.com\/?p=66578"},"modified":"2015-05-27T11:09:30","modified_gmt":"2015-05-27T14:09:30","slug":"el-intendente-de-jesus-pide-jury-a-un-juez-de-dolores","status":"publish","type":"post","link":"http:\/\/www.24baires.com\/?p=66578","title":{"rendered":"El intendente De Jes\u00fas pide jury a un juez de Dolores"},"content":{"rendered":"<p><img data-recalc-dims=\"1\" loading=\"lazy\" decoding=\"async\" class=\"aligncenter size-full wp-image-66579\" src=\"https:\/\/i0.wp.com\/www.24baires.com\/wp-content\/uploads\/2015\/05\/inte-de-la-costa.jpg?resize=560%2C372\" alt=\"inte de la costa\" width=\"560\" height=\"372\" srcset=\"https:\/\/i0.wp.com\/www.24baires.com\/wp-content\/uploads\/2015\/05\/inte-de-la-costa.jpg?w=560 560w, https:\/\/i0.wp.com\/www.24baires.com\/wp-content\/uploads\/2015\/05\/inte-de-la-costa.jpg?resize=300%2C199 300w\" sizes=\"auto, (max-width: 560px) 100vw, 560px\" \/>El Intendente de La Costa, Juan Pablo De Jes\u00fas, avanz\u00f3 con un pedido de enjuiciamiento contra Gast\u00f3n Giles, acus\u00e1ndolo abiertamente de \u00abtrabajar para los delincuentes\u00bb, fustig\u00f3. \u00abEs algo que lo podemos comprobar con las estad\u00edstica del Departamento de Dolores. El juez es un claro defensor de los delincuentes con su parcialidad\u00bb, exclam\u00f3.<!--more--><\/p>\n<p>El Intendente de La Costa, Juan Pablo De Jes\u00fas, anunci\u00f3 que impulsar\u00e1 un jury de enjuiciamiento contra el juez de Garant\u00edas de Dolores, Gast\u00f3n Giles, que subroga en sus pagos y en otros de la regi\u00f3n. Y a quien acusa -lisa y llanamente- de \u00abtrabajar para los delincuentes\u00bb, seg\u00fan denunci\u00f3 durante una conferencia de prensa realizada ayer.<\/p>\n<p>\u00abCuando subroga en el distrito los robos calificados se incrementan sensiblemente, las \u00f3rdenes de allanamiento se demoran y los delincuentes quedan en libertad aunque haya pruebas\u00bb, dispar\u00f3.<\/p>\n<p>\u00abEs algo que lo podemos comprobar con las estad\u00edsticas del Departamento de Dolores; y no solamente en el Partido de la Costa, sino en Belgrano, Castelli, Pinamar, General Madariaga, en todos lados\u00bb, cont\u00f3 y agreg\u00f3 que \u00abcuando est\u00e1 de turno, comienzan los problemas\u00bb. E insisti\u00f3 en que esto \u00abtiene que ver con su accionar\u00bb.<\/p>\n<p>Refiri\u00f3 que el Juzgado de Garant\u00edas 4 -gestionados en La Costa- tiene 115 detenidos, mientras que el dependiente de Gast\u00f3n Giles, por el contrario, cuenta con s\u00f3lo 12, mostrando la estad\u00edstica promedio de aprehensiones dispares y evidenciando que \u00abel juez es un claro defensor de los delincuentes con su parcialidad\u00bb porque \u00aba pesar de contar con todas las pruebas, los pone en libertad\u00bb, analiz\u00f3.<\/p>\n<p>\u00abNo puede ser que la parcialidad de un juez genere indefensi\u00f3n de la comunidad cuando subroga en el distrito y libera a los delincuentes teniendo las pruebas\u00bb, recalc\u00f3.<\/p>\n<p>Y revel\u00f3: \u00abHemos tenido que esperar m\u00e1s de 10 d\u00edas para que se lleve a cabo una detenci\u00f3n, por delitos con armas, una barbaridad\u00bb.<\/p>\n<p>El jefe comunal, adem\u00e1s, relat\u00f3 la frustraci\u00f3n que supone en el plano local. \u00abTengo un compromiso para tratar de que los vecinos est\u00e9n tranquilos y trabajamos muy fuerte en las causas del delito, en prevenir, a trav\u00e9s del deporte, la cultura. Pero si cada uno que tiene una responsabilidad no hace su trabajo, no sirve\u00bb, reproch\u00f3.<\/p>\n<p>Y mencion\u00f3, como parte de su accionar, una cantidad de avances locales. Como 200 c\u00e1maras de seguridad, 15 patrullas municipales que recorren unos 5.000 kil\u00f3metros diarios, alarmas monitoreadas en las escuelas, la creaci\u00f3n de 3 Fiscal\u00edas, Defensor\u00eda, un Juzgado de Garant\u00edas y la Escuela de Polic\u00eda, adem\u00e1s de haber duplicado las cuadr\u00edculas patrulladas, entre otras cosas.<\/p>\n<p>\u00abHe hecho un gran esfuerzo para tener mayor tranquilidad de los costeros\u00bb, apunt\u00f3.<\/p>\n<p>Har\u00e1 la presentaci\u00f3n ante la Secretar\u00eda de Enjuiciamiento del Senado bonaerense, a cargo de Ulises Gim\u00e9nez, y hay reuniones en carpeta con el ministro de Justicia provincial, Ricardo Casal. \u00abS\u00ed, es para que sea evaluado el desempe\u00f1o del magistrado\u00bb, adelant\u00f3 De Jes\u00fas, en entrevista con Buenos Aires 2punto0 Formato Radio.<\/p>\n<p>&nbsp;<\/p>\n<p>&nbsp;<\/p>\n<p>&nbsp;<\/p>\n<p>&nbsp;<\/p>\n<p>&nbsp;<\/p>\n<p>&nbsp;<\/p>\n<p>&nbsp;<\/p>\n<p>&nbsp;<\/p>\n<p>&nbsp;<\/p>\n<p>&nbsp;<\/p>\n<p>&nbsp;<\/p>\n<p>&nbsp;<\/p>\n<p>&nbsp;<\/p>\n<p>&nbsp;<\/p>\n<p>&nbsp;<\/p>\n","protected":false},"excerpt":{"rendered":"<p>El Intendente de La Costa, Juan Pablo De Jes\u00fas, avanz\u00f3 con un pedido de enjuiciamiento contra Gast\u00f3n Giles, acus\u00e1ndolo abiertamente de \u00abtrabajar para los delincuentes\u00bb, fustig\u00f3. \u00abEs algo que lo podemos comprobar con las estad\u00edstica del Departamento de Dolores. El juez es un claro defensor de los delincuentes con su parcialidad\u00bb, exclam\u00f3.<\/p>\n","protected":false},"author":8,"featured_media":0,"comment_status":"open","ping_status":"open","sticky":false,"template":"","format":"standard","meta":{"_jetpack_newsletter_access":"","_jetpack_dont_email_post_to_subs":false,"_jetpack_newsletter_tier_id":0,"_jetpack_memberships_contains_paywalled_content":false,"_jetpack_memberships_contains_paid_content":false,"footnotes":""},"categories":[51],"tags":[],"class_list":["post-66578","post","type-post","status-publish","format-standard","hentry","category-politica"],"jetpack_shortlink":"https:\/\/wp.me\/p2JWE0-hjQ","jetpack-related-posts":[{"id":56676,"url":"http:\/\/www.24baires.com\/?p=56676","url_meta":{"origin":66578,"position":0},"title":"Aprobaron el jury contra Axel L\u00f3pez","author":"AF","date":"06\/11\/2014","format":false,"excerpt":"A propuesta del oficialismo, el Consejo de la Magistratura decidi\u00f3 iniciar el juicio pol\u00edtico contra el juez acusado de otorgar salidas transitorias a delincuentes que volvieron a delinquir. El Consejo de la Magistratura aprob\u00f3 hoy el inicio del jury de enjuiciamiento contra el juez Axel L\u00f3pez, denunciado por otorgar salidas\u2026","rel":"","context":"En \u00abJUDICIALES\u00bb","block_context":{"text":"JUDICIALES","link":"http:\/\/www.24baires.com\/?cat=68"},"img":{"alt_text":"","src":"https:\/\/i0.wp.com\/www.24baires.com\/wp-content\/uploads\/2014\/11\/axel-l%C3%B3pez.jpg?resize=350%2C200","width":350,"height":200,"srcset":"https:\/\/i0.wp.com\/www.24baires.com\/wp-content\/uploads\/2014\/11\/axel-l%C3%B3pez.jpg?resize=350%2C200 1x, https:\/\/i0.wp.com\/www.24baires.com\/wp-content\/uploads\/2014\/11\/axel-l%C3%B3pez.jpg?resize=525%2C300 1.5x"},"classes":[]},{"id":70540,"url":"http:\/\/www.24baires.com\/?p=70540","url_meta":{"origin":66578,"position":1},"title":"Pilar: suspenden a una jueza por mal ejercicio de sus funciones","author":"AF","date":"13\/08\/2015","format":false,"excerpt":"El Jurado de Enjuiciamiento de Magistrados y Funcionarios suspendi\u00f3 hoy a una fiscal de Pilar, acusada por demorar causas contra bandas de piratas del asfalto y por su mal desempe\u00f1o en un caso de violaci\u00f3n de una menor de edad. El Jury de Enjuiciamiento acept\u00f3 en principio las acusaciones contra\u2026","rel":"","context":"En \u00abLocales\u00bb","block_context":{"text":"Locales","link":"http:\/\/www.24baires.com\/?cat=38"},"img":{"alt_text":"","src":"","width":0,"height":0},"classes":[]},{"id":108376,"url":"http:\/\/www.24baires.com\/?p=108376","url_meta":{"origin":66578,"position":2},"title":"El procurador Casal dispuso la apertura de un sumario administrativo para Stornelli","author":"AF","date":"24\/05\/2019","format":false,"excerpt":"En vez de iniciar directamente el jury de enjuiciamiento, el jefe de los fiscales decidi\u00f3 continuar lentamente con el tr\u00e1mite para evaluar la actitud del funcionario declarado en rebeld\u00eda por el juez Alejo Ramos Padilla. Dedicado a proteger al fiscal federal Carlos Stornelli, el Procurador General de la Naci\u00f3n, Eduardo\u2026","rel":"","context":"En \u00abJUDICIALES\u00bb","block_context":{"text":"JUDICIALES","link":"http:\/\/www.24baires.com\/?cat=68"},"img":{"alt_text":"","src":"https:\/\/i0.wp.com\/www.24baires.com\/wp-content\/uploads\/2014\/10\/stornelli.jpg?resize=350%2C200","width":350,"height":200,"srcset":"https:\/\/i0.wp.com\/www.24baires.com\/wp-content\/uploads\/2014\/10\/stornelli.jpg?resize=350%2C200 1x, https:\/\/i0.wp.com\/www.24baires.com\/wp-content\/uploads\/2014\/10\/stornelli.jpg?resize=525%2C300 1.5x"},"classes":[]},{"id":113299,"url":"http:\/\/www.24baires.com\/?p=113299","url_meta":{"origin":66578,"position":3},"title":"Avanza el jury contra la jueza que trat\u00f3 de \u201ctarada\u201d a v\u00edctima de violencia machista","author":"GB","date":"08\/12\/2019","format":false,"excerpt":"Se trata de Julieta Ormaechea, quien fue separada de su cargo como titular del juzgado de Paz de San Vicente El Jurado de Enjuiciamiento de magistrados de la provincia de Buenos Aires separ\u00f3 del cargo a la jueza de Paz de San Vicente, Julieta Ormaechea, quien tom\u00f3 trascendencia p\u00fablica por\u2026","rel":"","context":"En \u00abPol\u00edtica\u00bb","block_context":{"text":"Pol\u00edtica","link":"http:\/\/www.24baires.com\/?cat=51"},"img":{"alt_text":"","src":"https:\/\/i0.wp.com\/www.24baires.com\/wp-content\/uploads\/2019\/12\/jury.jpg?resize=350%2C200","width":350,"height":200,"srcset":"https:\/\/i0.wp.com\/www.24baires.com\/wp-content\/uploads\/2019\/12\/jury.jpg?resize=350%2C200 1x, https:\/\/i0.wp.com\/www.24baires.com\/wp-content\/uploads\/2019\/12\/jury.jpg?resize=525%2C300 1.5x"},"classes":[]},{"id":103052,"url":"http:\/\/www.24baires.com\/?p=103052","url_meta":{"origin":66578,"position":4},"title":"Arias asegura que hay \u00abintencionalidades pol\u00edticas\u00bb en el jury que afronta","author":"AF","date":"28\/06\/2018","format":false,"excerpt":"El juez en lo contencioso administrativo de La Plata, Luis Federico Arias, que actualmente se encuentra suspendido y que afrontar\u00e1 el pr\u00f3ximo 2 de agosto la primera audiencia del jury a cargo del Jurado de Enjuiciamiento bonaerense, se defendi\u00f3 hoy de las acusaciones formuladas en su contra y habl\u00f3 de\u2026","rel":"","context":"En \u00abJUDICIALES\u00bb","block_context":{"text":"JUDICIALES","link":"http:\/\/www.24baires.com\/?cat=68"},"img":{"alt_text":"","src":"https:\/\/i0.wp.com\/www.24baires.com\/wp-content\/uploads\/2016\/07\/arias.jpg?resize=350%2C200","width":350,"height":200,"srcset":"https:\/\/i0.wp.com\/www.24baires.com\/wp-content\/uploads\/2016\/07\/arias.jpg?resize=350%2C200 1x, https:\/\/i0.wp.com\/www.24baires.com\/wp-content\/uploads\/2016\/07\/arias.jpg?resize=525%2C300 1.5x"},"classes":[]},{"id":114220,"url":"http:\/\/www.24baires.com\/?p=114220","url_meta":{"origin":66578,"position":5},"title":"Comenz\u00f3 el jury por acoso sexual y violencia laboral contra el juez Claudio Garc\u00eda","author":"GB","date":"26\/02\/2020","format":false,"excerpt":"\u201cEste es un caso in\u00e9dito porque nunca antes en la Provincia hab\u00eda llegado un magistrado a un jury por acosos sexual\u201d, revelaron desde la Asociaci\u00f3n Judicial Bonaerense Tras la denuncia contra el suspendido juez de Familia de Olavarr\u00eda, Claudio Garc\u00eda, este mi\u00e9rcoles comenz\u00f3 el debate oral del proceso de enjuiciamiento\u2026","rel":"","context":"En \u00abJUDICIALES\u00bb","block_context":{"text":"JUDICIALES","link":"http:\/\/www.24baires.com\/?cat=68"},"img":{"alt_text":"","src":"https:\/\/i0.wp.com\/www.24baires.com\/wp-content\/uploads\/2020\/02\/juez-garcia.jpg?resize=350%2C200","width":350,"height":200,"srcset":"https:\/\/i0.wp.com\/www.24baires.com\/wp-content\/uploads\/2020\/02\/juez-garcia.jpg?resize=350%2C200 1x, https:\/\/i0.wp.com\/www.24baires.com\/wp-content\/uploads\/2020\/02\/juez-garcia.jpg?resize=525%2C300 1.5x"},"classes":[]}],"jetpack_sharing_enabled":true,"jetpack_likes_enabled":true,"jetpack_featured_media_url":"","_links":{"self":[{"href":"http:\/\/www.24baires.com\/index.php?rest_route=\/wp\/v2\/posts\/66578","targetHints":{"allow":["GET"]}}],"collection":[{"href":"http:\/\/www.24baires.com\/index.php?rest_route=\/wp\/v2\/posts"}],"about":[{"href":"http:\/\/www.24baires.com\/index.php?rest_route=\/wp\/v2\/types\/post"}],"author":[{"embeddable":true,"href":"http:\/\/www.24baires.com\/index.php?rest_route=\/wp\/v2\/users\/8"}],"replies":[{"embeddable":true,"href":"http:\/\/www.24baires.com\/index.php?rest_route=%2Fwp%2Fv2%2Fcomments&post=66578"}],"version-history":[{"count":1,"href":"http:\/\/www.24baires.com\/index.php?rest_route=\/wp\/v2\/posts\/66578\/revisions"}],"predecessor-version":[{"id":66580,"href":"http:\/\/www.24baires.com\/index.php?rest_route=\/wp\/v2\/posts\/66578\/revisions\/66580"}],"wp:attachment":[{"href":"http:\/\/www.24baires.com\/index.php?rest_route=%2Fwp%2Fv2%2Fmedia&parent=66578"}],"wp:term":[{"taxonomy":"category","embeddable":true,"href":"http:\/\/www.24baires.com\/index.php?rest_route=%2Fwp%2Fv2%2Fcategories&post=66578"},{"taxonomy":"post_tag","embeddable":true,"href":"http:\/\/www.24baires.com\/index.php?rest_route=%2Fwp%2Fv2%2Ftags&post=66578"}],"curies":[{"name":"wp","href":"https:\/\/api.w.org\/{rel}","templated":true}]}}