{"id":66560,"date":"2015-05-26T20:11:50","date_gmt":"2015-05-26T23:11:50","guid":{"rendered":"http:\/\/www.24baires.com\/?p=66560"},"modified":"2015-05-26T20:12:36","modified_gmt":"2015-05-26T23:12:36","slug":"diputados-del-fpv-piden-investigar-a-la-corte-por-falsedad-ideologica","status":"publish","type":"post","link":"http:\/\/www.24baires.com\/?p=66560","title":{"rendered":"Diputados del FpV piden investigar a la Corte por falsedad ideol\u00f3gica"},"content":{"rendered":"<p><img data-recalc-dims=\"1\" loading=\"lazy\" decoding=\"async\" class=\"aligncenter size-full wp-image-52932\" src=\"https:\/\/i0.wp.com\/www.24baires.com\/wp-content\/uploads\/2014\/09\/corte-suprema.jpg?resize=560%2C314\" alt=\"corte suprema\" width=\"560\" height=\"314\" srcset=\"https:\/\/i0.wp.com\/www.24baires.com\/wp-content\/uploads\/2014\/09\/corte-suprema.jpg?w=560 560w, https:\/\/i0.wp.com\/www.24baires.com\/wp-content\/uploads\/2014\/09\/corte-suprema.jpg?resize=300%2C168 300w\" sizes=\"auto, (max-width: 560px) 100vw, 560px\" \/>El bloque de diputados nacionales del Frente para la Victoria present\u00f3 una nota ante la comisi\u00f3n de Juicio Pol\u00edtico de la c\u00e1mara baja mediante la cual pide que se investigue a los cuatro ministros de la Corte Suprema de Justicia por el presunto delito de falsedad ideol\u00f3gica en la firma de la acordada por la cual se resolvi\u00f3 la reelecci\u00f3n de Ricardo Lorenzetti al frente del m\u00e1ximo tribunal.<!--more--><\/p>\n<p>Los diputados del bloque que encabeza Juliana Di Tullio fundamentan el pedido en las irregularidades formales que habr\u00eda tenido la firma de esa acordada, sobretodo en lo referido a la ausencia del ministro Carlos Fayt en el edificio del m\u00e1ximo tribunal cuando se produjo la r\u00fabrica.<\/p>\n<p>Este pedido, que ahora deber\u00e1 ser tratado por la comisi\u00f3n que preside la kirchnerista Anabel Fern\u00e1ndez Sagasti, se suma al tratamiento del expediente por el cual se solicit\u00f3 un examen psicof\u00edsico a Fayt, de 97 a\u00f1os.<\/p>\n<p>Para estudiar el nuevo expediente, que pide la medida de prueba sobre Lorenzetti, Fayt, Carlos Maqueda y Elena Higton de Nolasco, los diputados se reunir\u00edan la pr\u00f3xima semana.<\/p>\n<p>En esa misma reuni\u00f3n se ver\u00eda el estado de avance de las pruebas previas requeridas en relaci\u00f3n al expediente abierto sobre el examen psicof\u00edsico a Fayt.<\/p>\n<p>&nbsp;<\/p>\n<p>&nbsp;<\/p>\n<p>&nbsp;<\/p>\n<p>&nbsp;<\/p>\n<p>&nbsp;<\/p>\n<p>&nbsp;<\/p>\n<p>&nbsp;<\/p>\n<p>&nbsp;<\/p>\n<p>&nbsp;<\/p>\n<p>&nbsp;<\/p>\n<p>&nbsp;<\/p>\n<p>&nbsp;<\/p>\n<p>&nbsp;<\/p>\n","protected":false},"excerpt":{"rendered":"<p>El bloque de diputados nacionales del Frente para la Victoria present\u00f3 una nota ante la comisi\u00f3n de Juicio Pol\u00edtico de la c\u00e1mara baja mediante la cual pide que se investigue a los cuatro ministros de la Corte Suprema de Justicia por el presunto delito de falsedad ideol\u00f3gica en la firma de la acordada por la cual se resolvi\u00f3 la reelecci\u00f3n [&#8230;]<\/p>\n","protected":false},"author":8,"featured_media":0,"comment_status":"open","ping_status":"open","sticky":false,"template":"","format":"standard","meta":{"_jetpack_newsletter_access":"","_jetpack_dont_email_post_to_subs":false,"_jetpack_newsletter_tier_id":0,"_jetpack_memberships_contains_paywalled_content":false,"_jetpack_memberships_contains_paid_content":false,"footnotes":""},"categories":[51],"tags":[],"class_list":["post-66560","post","type-post","status-publish","format-standard","hentry","category-politica"],"jetpack_shortlink":"https:\/\/wp.me\/p2JWE0-hjy","jetpack-related-posts":[{"id":65330,"url":"http:\/\/www.24baires.com\/?p=65330","url_meta":{"origin":66560,"position":0},"title":"Acusan de \u00abfalsedad inserta\u00bb a la Acordada de la Corte Suprema que reeligi\u00f3 a Lorenzetti","author":"AF","date":"05\/05\/2015","format":false,"excerpt":"El jefe de Gabinete, An\u00edbal Fern\u00e1ndez, acuso hoy de \u201cfalsedad inserta\u201d a la Acordada del m\u00e1ximo tribunal sobre la reelecci\u00f3n de su titular, Ricardo Lorenzetti, firmada por sus ministros, en la Sala de Acuerdos, con excepci\u00f3n de Carlos Fayt, que lo hizo en su domicilio particular. \"En las actas con\u2026","rel":"","context":"En \u00abDestacados\u00bb","block_context":{"text":"Destacados","link":"http:\/\/www.24baires.com\/?cat=39"},"img":{"alt_text":"fern\u00e1ndez an\u00edbal2","src":"https:\/\/i0.wp.com\/www.24baires.com\/wp-content\/uploads\/2012\/11\/fern%C3%A1ndez-an%C3%ADbal2.jpg?resize=350%2C200","width":350,"height":200,"srcset":"https:\/\/i0.wp.com\/www.24baires.com\/wp-content\/uploads\/2012\/11\/fern%C3%A1ndez-an%C3%ADbal2.jpg?resize=350%2C200 1x, https:\/\/i0.wp.com\/www.24baires.com\/wp-content\/uploads\/2012\/11\/fern%C3%A1ndez-an%C3%ADbal2.jpg?resize=525%2C300 1.5x"},"classes":[]},{"id":119784,"url":"http:\/\/www.24baires.com\/?p=119784","url_meta":{"origin":66560,"position":1},"title":"Diputados aprob\u00f3 la admisibilidad al juicio pol\u00edtico a los miembros de la Corte Suprema","author":"AF","date":"09\/02\/2023","format":false,"excerpt":"El Frente de Todos, con 16 votos, se impuso en la votaci\u00f3n que permitir\u00e1 avanzar hacia la apertura del sumario para acumular las pruebas que sostengan la acusaci\u00f3n contra los magistrados Horacio Rosatti, Carlos Rosenkrantz, Juan Carlos Maqueda y Ricardo Lorenzetti. El Frente de Todos (FdT) consigui\u00f3 este jueves aprobar\u2026","rel":"","context":"En \u00abPol\u00edtica\u00bb","block_context":{"text":"Pol\u00edtica","link":"http:\/\/www.24baires.com\/?cat=51"},"img":{"alt_text":"","src":"https:\/\/i0.wp.com\/www.24baires.com\/wp-content\/uploads\/2023\/02\/Diputados-AproboAdmisibJuicioPolitico-696x451-1.jpg?resize=350%2C200","width":350,"height":200,"srcset":"https:\/\/i0.wp.com\/www.24baires.com\/wp-content\/uploads\/2023\/02\/Diputados-AproboAdmisibJuicioPolitico-696x451-1.jpg?resize=350%2C200 1x, https:\/\/i0.wp.com\/www.24baires.com\/wp-content\/uploads\/2023\/02\/Diputados-AproboAdmisibJuicioPolitico-696x451-1.jpg?resize=525%2C300 1.5x"},"classes":[]},{"id":119698,"url":"http:\/\/www.24baires.com\/?p=119698","url_meta":{"origin":66560,"position":2},"title":"El Presidente entreg\u00f3 a Diputados el pedido de juicio pol\u00edtico a la Corte","author":"AF","date":"04\/01\/2023","format":false,"excerpt":"Alberto Fern\u00e1ndez se reuni\u00f3 con el presidente del Bloque de Diputados del Frente de Todos, Germ\u00e1n Mart\u00ednez; y a la diputada Carolina Gaillard, presidenta de la Comisi\u00f3n de Juicio Pol\u00edtico. El presidente Alberto Fern\u00e1ndez entreg\u00f3 al presidente del Bloque de Diputados del Frente de Todos, Germ\u00e1n Mart\u00ednez; y a la\u2026","rel":"","context":"En \u00abSociedad\u00bb","block_context":{"text":"Sociedad","link":"http:\/\/www.24baires.com\/?cat=1"},"img":{"alt_text":"","src":"https:\/\/i0.wp.com\/www.24baires.com\/wp-content\/uploads\/2023\/01\/fernandezz.jpg?resize=350%2C200","width":350,"height":200,"srcset":"https:\/\/i0.wp.com\/www.24baires.com\/wp-content\/uploads\/2023\/01\/fernandezz.jpg?resize=350%2C200 1x, https:\/\/i0.wp.com\/www.24baires.com\/wp-content\/uploads\/2023\/01\/fernandezz.jpg?resize=525%2C300 1.5x, https:\/\/i0.wp.com\/www.24baires.com\/wp-content\/uploads\/2023\/01\/fernandezz.jpg?resize=700%2C400 2x, https:\/\/i0.wp.com\/www.24baires.com\/wp-content\/uploads\/2023\/01\/fernandezz.jpg?resize=1050%2C600 3x"},"classes":[]},{"id":328,"url":"http:\/\/www.24baires.com\/?p=328","url_meta":{"origin":66560,"position":3},"title":"Caso Candela: Piden Juicio Pol\u00edtico a Casal","author":"Grupo Sierra","date":"24\/09\/2012","format":false,"excerpt":"La solicitud fue presentada la semana pasada por el presidente del bloque de diputados de la CC-ARI, Walter Martello. Afirm\u00f3 que la Corte les \"pregunt\u00f3\u201d a los senadores si efectuaron las denuncias penales que est\u00e1n obligados a realizar por las graves irregularidades detectadas por la comisi\u00f3n investigadora. Luego de las\u2026","rel":"","context":"En \u00abPol\u00edtica\u00bb","block_context":{"text":"Pol\u00edtica","link":"http:\/\/www.24baires.com\/?cat=51"},"img":{"alt_text":"","src":"https:\/\/i0.wp.com\/www.24baires.com\/wp-content\/uploads\/2012\/09\/Candela-300x300.jpg?resize=350%2C200","width":350,"height":200},"classes":[]},{"id":60545,"url":"http:\/\/www.24baires.com\/?p=60545","url_meta":{"origin":66560,"position":4},"title":"Ahora desde el Frente Renovador solicitaron la intervenci\u00f3n de la Corte","author":"GB","date":"22\/01\/2015","format":false,"excerpt":"Legisladores y referentes del FR, encabezados por el presidente del bloque de diputados Dar\u00edo Giustozzi, le pidieron al presidente de la Corte su intervenci\u00f3n personal en la causa en la que se investiga la muerte del ex fiscal. El mi\u00e9rcoles Lorenzetti se reuni\u00f3 con la jueza Fabiana Palmaghini a quien\u2026","rel":"","context":"En \u00abPol\u00edtica\u00bb","block_context":{"text":"Pol\u00edtica","link":"http:\/\/www.24baires.com\/?cat=51"},"img":{"alt_text":"Giustozzi2","src":"https:\/\/i0.wp.com\/www.24baires.com\/wp-content\/uploads\/2013\/07\/Giustozzi2.jpg?resize=350%2C200","width":350,"height":200,"srcset":"https:\/\/i0.wp.com\/www.24baires.com\/wp-content\/uploads\/2013\/07\/Giustozzi2.jpg?resize=350%2C200 1x, https:\/\/i0.wp.com\/www.24baires.com\/wp-content\/uploads\/2013\/07\/Giustozzi2.jpg?resize=525%2C300 1.5x"},"classes":[]},{"id":65862,"url":"http:\/\/www.24baires.com\/?p=65862","url_meta":{"origin":66560,"position":5},"title":"Con Fayt inclu\u00eddo, la Corte ratific\u00f3 la reelecci\u00f3n de Lorenzetti","author":"AF","date":"13\/05\/2015","format":false,"excerpt":"El m\u00e1ximo tribunal celebr\u00f3 un \u201cacuerdo extraordinario\u201d donde ratific\u00f3 la acordada 11 del 21 de abril \u00faltimo, que hab\u00eda aprobado la reelecci\u00f3n anticipada del presidente Ricardo Lorenzetti hasta el 2019 y que cont\u00f3 adem\u00e1s con la presencia del magistrado m\u00e1s veterano del cuerpo, el juez Carlos Fayt, quien hac\u00eda tiempo\u2026","rel":"","context":"En \u00abJUDICIALES\u00bb","block_context":{"text":"JUDICIALES","link":"http:\/\/www.24baires.com\/?cat=68"},"img":{"alt_text":"lorenzetti2","src":"https:\/\/i0.wp.com\/www.24baires.com\/wp-content\/uploads\/2015\/03\/lorenzetti2.jpg?resize=350%2C200","width":350,"height":200,"srcset":"https:\/\/i0.wp.com\/www.24baires.com\/wp-content\/uploads\/2015\/03\/lorenzetti2.jpg?resize=350%2C200 1x, https:\/\/i0.wp.com\/www.24baires.com\/wp-content\/uploads\/2015\/03\/lorenzetti2.jpg?resize=525%2C300 1.5x"},"classes":[]}],"jetpack_sharing_enabled":true,"jetpack_likes_enabled":true,"jetpack_featured_media_url":"","_links":{"self":[{"href":"http:\/\/www.24baires.com\/index.php?rest_route=\/wp\/v2\/posts\/66560","targetHints":{"allow":["GET"]}}],"collection":[{"href":"http:\/\/www.24baires.com\/index.php?rest_route=\/wp\/v2\/posts"}],"about":[{"href":"http:\/\/www.24baires.com\/index.php?rest_route=\/wp\/v2\/types\/post"}],"author":[{"embeddable":true,"href":"http:\/\/www.24baires.com\/index.php?rest_route=\/wp\/v2\/users\/8"}],"replies":[{"embeddable":true,"href":"http:\/\/www.24baires.com\/index.php?rest_route=%2Fwp%2Fv2%2Fcomments&post=66560"}],"version-history":[{"count":2,"href":"http:\/\/www.24baires.com\/index.php?rest_route=\/wp\/v2\/posts\/66560\/revisions"}],"predecessor-version":[{"id":66563,"href":"http:\/\/www.24baires.com\/index.php?rest_route=\/wp\/v2\/posts\/66560\/revisions\/66563"}],"wp:attachment":[{"href":"http:\/\/www.24baires.com\/index.php?rest_route=%2Fwp%2Fv2%2Fmedia&parent=66560"}],"wp:term":[{"taxonomy":"category","embeddable":true,"href":"http:\/\/www.24baires.com\/index.php?rest_route=%2Fwp%2Fv2%2Fcategories&post=66560"},{"taxonomy":"post_tag","embeddable":true,"href":"http:\/\/www.24baires.com\/index.php?rest_route=%2Fwp%2Fv2%2Ftags&post=66560"}],"curies":[{"name":"wp","href":"https:\/\/api.w.org\/{rel}","templated":true}]}}