{"id":66551,"date":"2015-05-26T18:35:33","date_gmt":"2015-05-26T21:35:33","guid":{"rendered":"http:\/\/www.24baires.com\/?p=66551"},"modified":"2015-05-26T18:27:40","modified_gmt":"2015-05-26T21:27:40","slug":"scioli-aseguro-que-sera-el-presidente-de-la-produccion-y-la-inversion","status":"publish","type":"post","link":"http:\/\/www.24baires.com\/?p=66551","title":{"rendered":"Scioli asegur\u00f3 que ser\u00e1 el presidente de \u00abla producci\u00f3n y la inversi\u00f3n\u00bb"},"content":{"rendered":"<p><img data-recalc-dims=\"1\" loading=\"lazy\" decoding=\"async\" class=\"aligncenter size-full wp-image-60813\" src=\"https:\/\/i0.wp.com\/www.24baires.com\/wp-content\/uploads\/2015\/01\/scioli-1.jpg?resize=560%2C306\" alt=\"scioli 1\" width=\"560\" height=\"306\" srcset=\"https:\/\/i0.wp.com\/www.24baires.com\/wp-content\/uploads\/2015\/01\/scioli-1.jpg?w=560 560w, https:\/\/i0.wp.com\/www.24baires.com\/wp-content\/uploads\/2015\/01\/scioli-1.jpg?resize=300%2C164 300w\" sizes=\"auto, (max-width: 560px) 100vw, 560px\" \/>El gobernador bonaerense y precandidato presidencial por el FpV, dijo ante la UIA que mantiene \u00abserias diferencias\u00bb con Mauricio Macri y asegur\u00f3 que en el caso de llegar a la primera magistratura a trav\u00e9s del voto popular ser\u00e1 el Presidente de la \u00abproducci\u00f3n y la inversi\u00f3n\u00bb.<!--more--><\/p>\n<p>Daniel Scioli realiz\u00f3 esta afirmaci\u00f3n en una conferencia de prensa que comparti\u00f3 con miembros del Comit\u00e9 Ejecutivo de la Uni\u00f3n Industrial Argentina (UIA), tras una reuni\u00f3n en la que ambas partes dialogaron sobre el futuro del sector fabril argentino en un encuentro que se desarroll\u00f3 en la sede de la entidad.<\/p>\n<p>\u00abEs la hora del gran desarrollo argentino y la industria es un sector trascendental para avanzar en el camino de la producci\u00f3n, la inversi\u00f3n y el empleo\u00bb, indic\u00f3 Scioli.<\/p>\n<p>En tal sentido, a\u00f1adi\u00f3 que \u00absi hay algo que la Argentina no necesita es pol\u00edtica de ajuste, sino medidas graduales que profundicen el camino iniciado por (el ex presidente) N\u00e9stor Kirchner y continuado por la actual mandataria Cristina Fern\u00e1ndez de Kirchner\u00bb.<\/p>\n<p>En cuanto a las diferencias planteadas con la oposici\u00f3n, record\u00f3 que \u00abMacri va readecuando su mensaje cuando ve la realidad, aunque fue el propio Macri quien no estuvo de acuerdo con la estatizaci\u00f3n de YPF y el final de las AFJP, de ah\u00ed mis serias diferencias\u00bb.<\/p>\n<p>Durante el encuentro con los industriales, el director ejecutivo de la UIA, Mart\u00edn Etchegoyen, y el Economista Jefe, Diego Coatz, repasaron los datos centrales de la evoluci\u00f3n industrial, que de acuerdo al trabajo de la UIA registr\u00f3 un crecimiento sostenido entre el 2003 y el 2011, con fuerte incidencia en la creaci\u00f3n de puestos de trabajo, para despu\u00e9s ingresar en una etapa de estancamiento.<\/p>\n<p>Despu\u00e9s de esta presentaci\u00f3n, Scioli destac\u00f3 la necesidad de trabajar \u00absector por sector, apostando a las econom\u00edas regionales para lograr mejoras en la competitividad\u00bb.<\/p>\n<p>\u00abDurante mi gesti\u00f3n como gobernador triplicamos la cantidad de parques industriales, con una escuela de oficios en cada uno de ellos y hoy los hechos se\u00f1alan que el 80 por ciento de los parques industriales se encuentran en el interior de la provincia de Buenos Aires\u00bb.<\/p>\n<p>Por otro lado, Scioli remarc\u00f3 que la Argentina \u00abest\u00e1 en marcha, el pa\u00eds ha encontrado un rumbo, ahora llega el tiempo del desarrollo y todos los que me conocen saben que conmigo hay experiencia y previsibilidad.<\/p>\n<p>\u00abNuestro pa\u00eds no necesita ning\u00fan shock ni cambio traum\u00e1tico, vengo bancando este proyecto con posiciones muy claras y los temas los iremos abordando gradualmente\u00bb, concluy\u00f3.<\/p>\n<p>Por su parte, el presidente de la UIA, H\u00e9ctor M\u00e9ndez, calific\u00f3 a la reuni\u00f3n como \u00abmuy positiva\u00bb y a\u00f1adi\u00f3 que los industriales han escuchado las definiciones de Scioli con \u00abatenci\u00f3n y respeto\u00bb.<\/p>\n<p>Acompa\u00f1aron a Scioli, entre otros, el presidente del Banco Provincia, Gustavo Marangoni, y el ministro de la Producci\u00f3n, Cristian Breitenstein.<\/p>\n<p>&nbsp;<\/p>\n<p>&nbsp;<\/p>\n<p>&nbsp;<\/p>\n<p>&nbsp;<\/p>\n<p>&nbsp;<\/p>\n<p>&nbsp;<\/p>\n<p>&nbsp;<\/p>\n<p>&nbsp;<\/p>\n<p>&nbsp;<\/p>\n<p>&nbsp;<\/p>\n<p>&nbsp;<\/p>\n<p>&nbsp;<\/p>\n<p>&nbsp;<\/p>\n<p>&nbsp;<\/p>\n<p>&nbsp;<\/p>\n<p>&nbsp;<\/p>\n","protected":false},"excerpt":{"rendered":"<p>El gobernador bonaerense y precandidato presidencial por el FpV, dijo ante la UIA que mantiene \u00abserias diferencias\u00bb con Mauricio Macri y asegur\u00f3 que en el caso de llegar a la primera magistratura a trav\u00e9s del voto popular ser\u00e1 el Presidente de la \u00abproducci\u00f3n y la inversi\u00f3n\u00bb.<\/p>\n","protected":false},"author":8,"featured_media":0,"comment_status":"open","ping_status":"open","sticky":false,"template":"","format":"standard","meta":{"_jetpack_newsletter_access":"","_jetpack_dont_email_post_to_subs":false,"_jetpack_newsletter_tier_id":0,"_jetpack_memberships_contains_paywalled_content":false,"_jetpack_memberships_contains_paid_content":false,"footnotes":""},"categories":[51],"tags":[],"class_list":["post-66551","post","type-post","status-publish","format-standard","hentry","category-politica"],"jetpack_shortlink":"https:\/\/wp.me\/p2JWE0-hjp","jetpack-related-posts":[{"id":113882,"url":"http:\/\/www.24baires.com\/?p=113882","url_meta":{"origin":66551,"position":0},"title":"La UIA asegur\u00f3 que hay \u00abvarios sectores que est\u00e1n pensando en invertir\u00bb","author":"AF","date":"21\/01\/2020","format":false,"excerpt":"El titular de la central de los industriales mostr\u00f3 su \"total identificaci\u00f3n\" con las primeras medidas adoptada por el Gobierno. El presidente de la Uni\u00f3n Industrial Argentina (UIA), Miguel Acevedo, afirm\u00f3 este martes que el sector fabril tiene \"total identificaci\u00f3n\" con las primeras medidas que adopto el Gobierno nacional para\u2026","rel":"","context":"En \u00abSociedad\u00bb","block_context":{"text":"Sociedad","link":"http:\/\/www.24baires.com\/?cat=1"},"img":{"alt_text":"","src":"https:\/\/i0.wp.com\/www.24baires.com\/wp-content\/uploads\/2019\/11\/industriales.jpg?resize=350%2C200","width":350,"height":200,"srcset":"https:\/\/i0.wp.com\/www.24baires.com\/wp-content\/uploads\/2019\/11\/industriales.jpg?resize=350%2C200 1x, https:\/\/i0.wp.com\/www.24baires.com\/wp-content\/uploads\/2019\/11\/industriales.jpg?resize=525%2C300 1.5x"},"classes":[]},{"id":105815,"url":"http:\/\/www.24baires.com\/?p=105815","url_meta":{"origin":66551,"position":1},"title":"\u00abEl a\u00f1o es muy malo y la perspectiva para el siguiente nos tiene m\u00e1s que preocupados\u00bb","author":"AF","date":"07\/12\/2018","format":false,"excerpt":"As\u00ed lo dijo el presidente de la Uni\u00f3n Industrial Argentina (UIA), Miguel Acevedo. Explic\u00f3 que \"hay una baja generalizada de la industria en el \u00faltimo semestre, no hay sector que se haya salvado del parate\". El presidente de la Uni\u00f3n Industrial Argentina (UIA), Miguel Acevedo, sostuvo que \"hay una baja\u2026","rel":"","context":"En \u00abEconom\u00eda\u00bb","block_context":{"text":"Econom\u00eda","link":"http:\/\/www.24baires.com\/?cat=45"},"img":{"alt_text":"","src":"https:\/\/i0.wp.com\/www.24baires.com\/wp-content\/uploads\/2018\/11\/industria.jpg?resize=350%2C200","width":350,"height":200,"srcset":"https:\/\/i0.wp.com\/www.24baires.com\/wp-content\/uploads\/2018\/11\/industria.jpg?resize=350%2C200 1x, https:\/\/i0.wp.com\/www.24baires.com\/wp-content\/uploads\/2018\/11\/industria.jpg?resize=525%2C300 1.5x"},"classes":[]},{"id":119456,"url":"http:\/\/www.24baires.com\/?p=119456","url_meta":{"origin":66551,"position":2},"title":"\u00abTodos tenemos que hacer un esfuerzo para seguir en proceso decreciente de la inflaci\u00f3n\u00bb","author":"AF","date":"21\/10\/2022","format":false,"excerpt":"\"Es un problema que nos ocupa y nos preocupa, y estamos en eso\", destac\u00f3 el Presidente, quien adem\u00e1s se refiri\u00f3 a la investigaci\u00f3n sobre el atentado sufrido por Cristina Fern\u00e1ndez: \"Necesitamos saber qui\u00e9nes estaban detr\u00e1s\". El presidente Alberto Fern\u00e1ndez destac\u00f3 este viernes que \"hace dos meses la inflaci\u00f3n viene en\u2026","rel":"","context":"En \u00abPol\u00edtica\u00bb","block_context":{"text":"Pol\u00edtica","link":"http:\/\/www.24baires.com\/?cat=51"},"img":{"alt_text":"","src":"https:\/\/i0.wp.com\/www.24baires.com\/wp-content\/uploads\/2022\/10\/albertoo.jpg?resize=350%2C200","width":350,"height":200,"srcset":"https:\/\/i0.wp.com\/www.24baires.com\/wp-content\/uploads\/2022\/10\/albertoo.jpg?resize=350%2C200 1x, https:\/\/i0.wp.com\/www.24baires.com\/wp-content\/uploads\/2022\/10\/albertoo.jpg?resize=525%2C300 1.5x, https:\/\/i0.wp.com\/www.24baires.com\/wp-content\/uploads\/2022\/10\/albertoo.jpg?resize=700%2C400 2x, https:\/\/i0.wp.com\/www.24baires.com\/wp-content\/uploads\/2022\/10\/albertoo.jpg?resize=1050%2C600 3x"},"classes":[]},{"id":119177,"url":"http:\/\/www.24baires.com\/?p=119177","url_meta":{"origin":66551,"position":3},"title":"Bahillo, De Mendiguren y Tombolini, los nuevos ministros","author":"AF","date":"02\/08\/2022","format":false,"excerpt":"Se trata de Juan Jos\u00e9 Bahillo, quien ser\u00e1 el secretario de Agricultura, Ganader\u00eda y Pesca; Jos\u00e9 Ignacio de Mendiguren, que encabezar\u00e1 la secretar\u00eda de Producci\u00f3n; y Mat\u00edas Tombolini, quien conducir\u00e1 la secretar\u00eda de Comercio en la que se unificar\u00e1n las labores de comercio interior y comercio exterior que hasta este\u2026","rel":"","context":"En \u00abPol\u00edtica\u00bb","block_context":{"text":"Pol\u00edtica","link":"http:\/\/www.24baires.com\/?cat=51"},"img":{"alt_text":"","src":"https:\/\/i0.wp.com\/www.24baires.com\/wp-content\/uploads\/2022\/08\/62e98b23c8f71_900.jpg?resize=350%2C200","width":350,"height":200,"srcset":"https:\/\/i0.wp.com\/www.24baires.com\/wp-content\/uploads\/2022\/08\/62e98b23c8f71_900.jpg?resize=350%2C200 1x, https:\/\/i0.wp.com\/www.24baires.com\/wp-content\/uploads\/2022\/08\/62e98b23c8f71_900.jpg?resize=525%2C300 1.5x, https:\/\/i0.wp.com\/www.24baires.com\/wp-content\/uploads\/2022\/08\/62e98b23c8f71_900.jpg?resize=700%2C400 2x"},"classes":[]},{"id":66616,"url":"http:\/\/www.24baires.com\/?p=66616","url_meta":{"origin":66551,"position":4},"title":"Breitenstein: \u00abMacri quiere un pa\u00eds desindustrializado donde se importe todo\u00bb","author":"AF","date":"27\/05\/2015","format":false,"excerpt":"El ministro de la Producci\u00f3n, Ciencia y Tecnolog\u00eda, Cristian Breitenstein si bien afirm\u00f3 que \u201cno subestimamos a Randazzo\u201d, sostuvo que \u201ces la propia sociedad, a trav\u00e9s de los sondeos de opini\u00f3n, quien focaliza entre Scioli y Macri dos alternativas de poder\u201d. En el marco de las repercusiones que tuvo la\u2026","rel":"","context":"En \u00abElecciones 2015\u00bb","block_context":{"text":"Elecciones 2015","link":"http:\/\/www.24baires.com\/?cat=74"},"img":{"alt_text":"breitenstein2","src":"https:\/\/i0.wp.com\/www.24baires.com\/wp-content\/uploads\/2014\/05\/breitenstein2.jpg?resize=350%2C200","width":350,"height":200,"srcset":"https:\/\/i0.wp.com\/www.24baires.com\/wp-content\/uploads\/2014\/05\/breitenstein2.jpg?resize=350%2C200 1x, https:\/\/i0.wp.com\/www.24baires.com\/wp-content\/uploads\/2014\/05\/breitenstein2.jpg?resize=525%2C300 1.5x"},"classes":[]},{"id":112328,"url":"http:\/\/www.24baires.com\/?p=112328","url_meta":{"origin":66551,"position":5},"title":"Alberto Fern\u00e1ndez se reuni\u00f3 con la UIA","author":"AF","date":"02\/10\/2019","format":false,"excerpt":"Tras el encuentro, el ex jefe de Gabinete y candidato presidencial del Frente de Todos asegur\u00f3 que comparte con los empresarios la nececidad de dejar de \"maltratar\" a la industria. Alberto Fern\u00e1ndez advirti\u00f3, sin embargo, que Cambiemos dejar\u00e1 un d\u00e9ficit fiscal superior al 7 por ciento del PBI. El candidato\u2026","rel":"","context":"En \u00abPol\u00edtica\u00bb","block_context":{"text":"Pol\u00edtica","link":"http:\/\/www.24baires.com\/?cat=51"},"img":{"alt_text":"","src":"https:\/\/i0.wp.com\/www.24baires.com\/wp-content\/uploads\/2019\/06\/fern%C3%A1ndezz.jpg?resize=350%2C200","width":350,"height":200,"srcset":"https:\/\/i0.wp.com\/www.24baires.com\/wp-content\/uploads\/2019\/06\/fern%C3%A1ndezz.jpg?resize=350%2C200 1x, https:\/\/i0.wp.com\/www.24baires.com\/wp-content\/uploads\/2019\/06\/fern%C3%A1ndezz.jpg?resize=525%2C300 1.5x"},"classes":[]}],"jetpack_sharing_enabled":true,"jetpack_likes_enabled":true,"jetpack_featured_media_url":"","_links":{"self":[{"href":"http:\/\/www.24baires.com\/index.php?rest_route=\/wp\/v2\/posts\/66551","targetHints":{"allow":["GET"]}}],"collection":[{"href":"http:\/\/www.24baires.com\/index.php?rest_route=\/wp\/v2\/posts"}],"about":[{"href":"http:\/\/www.24baires.com\/index.php?rest_route=\/wp\/v2\/types\/post"}],"author":[{"embeddable":true,"href":"http:\/\/www.24baires.com\/index.php?rest_route=\/wp\/v2\/users\/8"}],"replies":[{"embeddable":true,"href":"http:\/\/www.24baires.com\/index.php?rest_route=%2Fwp%2Fv2%2Fcomments&post=66551"}],"version-history":[{"count":1,"href":"http:\/\/www.24baires.com\/index.php?rest_route=\/wp\/v2\/posts\/66551\/revisions"}],"predecessor-version":[{"id":66552,"href":"http:\/\/www.24baires.com\/index.php?rest_route=\/wp\/v2\/posts\/66551\/revisions\/66552"}],"wp:attachment":[{"href":"http:\/\/www.24baires.com\/index.php?rest_route=%2Fwp%2Fv2%2Fmedia&parent=66551"}],"wp:term":[{"taxonomy":"category","embeddable":true,"href":"http:\/\/www.24baires.com\/index.php?rest_route=%2Fwp%2Fv2%2Fcategories&post=66551"},{"taxonomy":"post_tag","embeddable":true,"href":"http:\/\/www.24baires.com\/index.php?rest_route=%2Fwp%2Fv2%2Ftags&post=66551"}],"curies":[{"name":"wp","href":"https:\/\/api.w.org\/{rel}","templated":true}]}}