{"id":66536,"date":"2015-05-26T15:00:54","date_gmt":"2015-05-26T18:00:54","guid":{"rendered":"http:\/\/www.24baires.com\/?p=66536"},"modified":"2015-05-27T10:27:01","modified_gmt":"2015-05-27T13:27:01","slug":"randazzo-macri-en-ocho-anos-hizo-menos-subtes-que-de-la-rua-en-tres","status":"publish","type":"post","link":"http:\/\/www.24baires.com\/?p=66536","title":{"rendered":"Randazzo: \u00abMacri en ocho a\u00f1os hizo menos subtes que De la R\u00faa en tres\u00bb"},"content":{"rendered":"<p><img data-recalc-dims=\"1\" loading=\"lazy\" decoding=\"async\" class=\"aligncenter size-full wp-image-55962\" src=\"https:\/\/i0.wp.com\/www.24baires.com\/wp-content\/uploads\/2014\/10\/randazzo-tres.jpg?resize=560%2C344\" alt=\"randazzo-tres\" width=\"560\" height=\"344\" srcset=\"https:\/\/i0.wp.com\/www.24baires.com\/wp-content\/uploads\/2014\/10\/randazzo-tres.jpg?w=560 560w, https:\/\/i0.wp.com\/www.24baires.com\/wp-content\/uploads\/2014\/10\/randazzo-tres.jpg?resize=300%2C184 300w\" sizes=\"auto, (max-width: 560px) 100vw, 560px\" \/>El ministro de Interior y Transporte y precandidato presidencial del Frente para la Victoria recorri\u00f3 las obras de extensi\u00f3n de la l\u00ednea E, financiadas por el gobierno nacional. <!--more--><\/p>\n<p>\u201cMacri, en ocho a\u00f1os, ha hecho menos subtes que De la R\u00faa en tres a\u00f1os de gesti\u00f3n de gobierno\u201d. La frase fue pronunciada por el ministro del Interior y Transporte y precandidato presidencial del Frente para la Victoria, Florencio Randazzo, en el marco de una recorrida por las obras de extensi\u00f3n de la L\u00ednea E del Subte junto al candidato a jefe de gobierno porte\u00f1o, Mariano Recalde.<\/p>\n<p>\u201c\u00bfPor cuenta de qui\u00e9n corre la colocaci\u00f3n de v\u00edas, porque la Ciudad dice que no tiene jurisdicci\u00f3n para intervenir en la obra?\u201d, le pregunt\u00f3 un periodista presente en la recorrida.<\/p>\n<p>\u201cNo, no es as\u00ed, ha sido muy claro el gobierno nacional: el mismo d\u00eda que se transfirieron los subtes a la Ciudad de Buenos Aires, lo transferimos con esta obra y con el compromiso de finalizaci\u00f3n de la obra civil, cosa que estamos haciendo, como as\u00ed tambi\u00e9n los coches de la l\u00ednea A que son los \u00fanicos coches 0km que prestan servicio en el subte de la Ciudad de Buenos Aires\u201d, respondi\u00f3 Randazzo.<\/p>\n<p>Y agreg\u00f3: \u201cEl resto de los coches, como ustedes saben, son del a\u00f1o 60, del a\u00f1o 80. Tambi\u00e9n acordamos que la finalizaci\u00f3n de lo que respecta a la licitaci\u00f3n de v\u00edas que son 2300 metros, son 23 cuadras de v\u00edas, por eso nos llama la atenci\u00f3n la demora. Nos llama la atenci\u00f3n, es un decir, porque Macri en ocho a\u00f1os ha hecho menos subtes que De la R\u00faa en tres a\u00f1os de gesti\u00f3n de gobierno\u201d.<\/p>\n<p>&nbsp;<\/p>\n<p>&nbsp;<\/p>\n<p>&nbsp;<\/p>\n<p>&nbsp;<\/p>\n<p>&nbsp;<\/p>\n<p>&nbsp;<\/p>\n<p>&nbsp;<\/p>\n<p>&nbsp;<\/p>\n<p>&nbsp;<\/p>\n<p>&nbsp;<\/p>\n<p>&nbsp;<\/p>\n<p>&nbsp;<\/p>\n<p>&nbsp;<\/p>\n<p>&nbsp;<\/p>\n<p>&nbsp;<\/p>\n<p>&nbsp;<\/p>\n<p>&nbsp;<\/p>\n<p>&nbsp;<\/p>\n<p>&nbsp;<\/p>\n","protected":false},"excerpt":{"rendered":"<p>El ministro de Interior y Transporte y precandidato presidencial del Frente para la Victoria recorri\u00f3 las obras de extensi\u00f3n de la l\u00ednea E, financiadas por el gobierno nacional.<\/p>\n","protected":false},"author":4,"featured_media":0,"comment_status":"open","ping_status":"open","sticky":false,"template":"","format":"standard","meta":{"_jetpack_newsletter_access":"","_jetpack_dont_email_post_to_subs":false,"_jetpack_newsletter_tier_id":0,"_jetpack_memberships_contains_paywalled_content":false,"_jetpack_memberships_contains_paid_content":false,"footnotes":""},"categories":[51],"tags":[],"class_list":["post-66536","post","type-post","status-publish","format-standard","hentry","category-politica"],"jetpack_shortlink":"https:\/\/wp.me\/p2JWE0-hja","jetpack-related-posts":[{"id":12609,"url":"http:\/\/www.24baires.com\/?p=12609","url_meta":{"origin":66536,"position":0},"title":"Randazzo lament\u00f3 por Twitter el desplante de Macri","author":"Grupo Sierra","date":"17\/01\/2013","format":false,"excerpt":"Randazzo lament\u00f3 que el jefe de Gobierno porte\u00f1o no participe de la reuni\u00f3n que convoc\u00f3 para ma\u00f1ana a las 11 a \u00e9l y al gobernador Daniel Scioli para abordar la cuesti\u00f3n del transporte y la tarifa de los subtes. Macri, al hablar esta ma\u00f1ana en una conferencia de prensa luego\u2026","rel":"","context":"En \u00abPol\u00edtica\u00bb","block_context":{"text":"Pol\u00edtica","link":"http:\/\/www.24baires.com\/?cat=51"},"img":{"alt_text":"","src":"https:\/\/i0.wp.com\/www.24baires.com\/wp-content\/uploads\/2013\/01\/randazzo.jpg?resize=350%2C200","width":350,"height":200},"classes":[]},{"id":12507,"url":"http:\/\/www.24baires.com\/?p=12507","url_meta":{"origin":66536,"position":1},"title":"Randazzo cit\u00f3 a la Ciudad de Buenos Aires y a la Provincia para evitar el aumento del subte","author":"Grupo Sierra","date":"16\/01\/2013","format":false,"excerpt":"El ministro del Interior y Transporte, Florencio Randazzo, convoc\u00f3 a las autoridades de la Ciudad de Buenos Aires y de la Provincia de Buenos Aires a una reuni\u00f3n de la Agencia Metropolitana de Transporte para discutir el aumento de la tarifa del subte que planea realizar el Jefe de Gobierno\u2026","rel":"","context":"En \u00abPol\u00edtica\u00bb","block_context":{"text":"Pol\u00edtica","link":"http:\/\/www.24baires.com\/?cat=51"},"img":{"alt_text":"","src":"https:\/\/i0.wp.com\/www.24baires.com\/wp-content\/uploads\/2013\/01\/randazzo-scioli-macri.jpg?resize=350%2C200","width":350,"height":200},"classes":[]},{"id":62687,"url":"http:\/\/www.24baires.com\/?p=62687","url_meta":{"origin":66536,"position":2},"title":"Cristina present\u00f3 los trenes 0 km para la l\u00ednea Roca","author":"Grupo Sierra","date":"05\/03\/2015","format":false,"excerpt":"La presidenta Cristina Fern\u00e1ndez de Kirchner, junto al ministro de Interior y Transporte Florencio Randazzo, recibi\u00f3 en el Puerto de Buenos Aires la primera formaci\u00f3n de los 300 coches que el Estado argentino adquiri\u00f3 en China para renovar la l\u00ednea ferroviaria Roca, informaron fuentes oficiales. La presidenta Cristina Fern\u00e1ndez de\u2026","rel":"","context":"En \u00abLocales\u00bb","block_context":{"text":"Locales","link":"http:\/\/www.24baires.com\/?cat=38"},"img":{"alt_text":"","src":"https:\/\/i0.wp.com\/www.24baires.com\/wp-content\/uploads\/2015\/03\/cristina-trenes.jpg?resize=350%2C200","width":350,"height":200,"srcset":"https:\/\/i0.wp.com\/www.24baires.com\/wp-content\/uploads\/2015\/03\/cristina-trenes.jpg?resize=350%2C200 1x, https:\/\/i0.wp.com\/www.24baires.com\/wp-content\/uploads\/2015\/03\/cristina-trenes.jpg?resize=525%2C300 1.5x"},"classes":[]},{"id":53322,"url":"http:\/\/www.24baires.com\/?p=53322","url_meta":{"origin":66536,"position":3},"title":"Randazzo consider\u00f3 que hay candidatos que \u00abprometen cosas dif\u00edcil de creer\u00bb","author":"GB","date":"09\/09\/2014","format":false,"excerpt":"El ministro del Interior y Transporte se refiri\u00f3 a las declaraciones del jefe de Gobierno porte\u00f1o y l\u00edder del PRO, Mauricio Macri, quien ayer manifest\u00f3 que en caso de llegar a la Presidencia en 2015 eliminar\u00e1 el impuesto a las Ganancias Florencio Randazzo afirm\u00f3 hoy \"cuando llegan las etapas electorales\"\u2026","rel":"","context":"En \u00abPol\u00edtica\u00bb","block_context":{"text":"Pol\u00edtica","link":"http:\/\/www.24baires.com\/?cat=51"},"img":{"alt_text":"randazzo 1","src":"https:\/\/i0.wp.com\/www.24baires.com\/wp-content\/uploads\/2014\/01\/randazzo-1.jpg?resize=350%2C200","width":350,"height":200,"srcset":"https:\/\/i0.wp.com\/www.24baires.com\/wp-content\/uploads\/2014\/01\/randazzo-1.jpg?resize=350%2C200 1x, https:\/\/i0.wp.com\/www.24baires.com\/wp-content\/uploads\/2014\/01\/randazzo-1.jpg?resize=525%2C300 1.5x"},"classes":[]},{"id":67534,"url":"http:\/\/www.24baires.com\/?p=67534","url_meta":{"origin":66536,"position":4},"title":"Randazzo reclama a sus competidores hacer un debate pre elecciones","author":"AF","date":"14\/06\/2015","format":false,"excerpt":"El ministro de Interior y Transporte y precandidato presidencial del Frente para la Victoria, Florencio Randazzo, asegur\u00f3 que es quien representa \"mejor que nadie\" la continuidad del proyecto y reclam\u00f3 un debate entre quienes aspiran a suceder a Cristina Fern\u00e1ndez de Kirchner y \u201cpueda expresar lo que piensa\u201d. Randazzo formul\u00f3\u2026","rel":"","context":"En \u00abElecciones 2015\u00bb","block_context":{"text":"Elecciones 2015","link":"http:\/\/www.24baires.com\/?cat=74"},"img":{"alt_text":"florencio randzzo","src":"https:\/\/i0.wp.com\/www.24baires.com\/wp-content\/uploads\/2015\/04\/florencio-randzzo.jpg?resize=350%2C200","width":350,"height":200,"srcset":"https:\/\/i0.wp.com\/www.24baires.com\/wp-content\/uploads\/2015\/04\/florencio-randzzo.jpg?resize=350%2C200 1x, https:\/\/i0.wp.com\/www.24baires.com\/wp-content\/uploads\/2015\/04\/florencio-randzzo.jpg?resize=525%2C300 1.5x"},"classes":[]},{"id":112373,"url":"http:\/\/www.24baires.com\/?p=112373","url_meta":{"origin":66536,"position":5},"title":"Fern\u00e1ndez tild\u00f3 al Gobierno de \u201cmalandras\u201d: \u00abAgarran el poder y lo usan para sus negocios\u00bb","author":"AF","date":"04\/10\/2019","format":false,"excerpt":"\u00a0JUN\u00cdN - \"Vamos a cumplir con las obligaciones que nos dejan estos malandras pero antes vamos a cumplir con nuestra gente\", sostuvo el candidato a presidente en su primer acto con Randazzo, a quien consider\u00f3 \"ministeriable\". De gira en la cuarta secci\u00f3n electoral, el candidato a presidente del Frente de\u2026","rel":"","context":"En \u00abPol\u00edtica\u00bb","block_context":{"text":"Pol\u00edtica","link":"http:\/\/www.24baires.com\/?cat=51"},"img":{"alt_text":"","src":"https:\/\/i0.wp.com\/www.24baires.com\/wp-content\/uploads\/2019\/10\/fern%C3%A1ndez-jun%C3%ADn.jpg?resize=350%2C200","width":350,"height":200,"srcset":"https:\/\/i0.wp.com\/www.24baires.com\/wp-content\/uploads\/2019\/10\/fern%C3%A1ndez-jun%C3%ADn.jpg?resize=350%2C200 1x, https:\/\/i0.wp.com\/www.24baires.com\/wp-content\/uploads\/2019\/10\/fern%C3%A1ndez-jun%C3%ADn.jpg?resize=525%2C300 1.5x"},"classes":[]}],"jetpack_sharing_enabled":true,"jetpack_likes_enabled":true,"jetpack_featured_media_url":"","_links":{"self":[{"href":"http:\/\/www.24baires.com\/index.php?rest_route=\/wp\/v2\/posts\/66536","targetHints":{"allow":["GET"]}}],"collection":[{"href":"http:\/\/www.24baires.com\/index.php?rest_route=\/wp\/v2\/posts"}],"about":[{"href":"http:\/\/www.24baires.com\/index.php?rest_route=\/wp\/v2\/types\/post"}],"author":[{"embeddable":true,"href":"http:\/\/www.24baires.com\/index.php?rest_route=\/wp\/v2\/users\/4"}],"replies":[{"embeddable":true,"href":"http:\/\/www.24baires.com\/index.php?rest_route=%2Fwp%2Fv2%2Fcomments&post=66536"}],"version-history":[{"count":2,"href":"http:\/\/www.24baires.com\/index.php?rest_route=\/wp\/v2\/posts\/66536\/revisions"}],"predecessor-version":[{"id":66539,"href":"http:\/\/www.24baires.com\/index.php?rest_route=\/wp\/v2\/posts\/66536\/revisions\/66539"}],"wp:attachment":[{"href":"http:\/\/www.24baires.com\/index.php?rest_route=%2Fwp%2Fv2%2Fmedia&parent=66536"}],"wp:term":[{"taxonomy":"category","embeddable":true,"href":"http:\/\/www.24baires.com\/index.php?rest_route=%2Fwp%2Fv2%2Fcategories&post=66536"},{"taxonomy":"post_tag","embeddable":true,"href":"http:\/\/www.24baires.com\/index.php?rest_route=%2Fwp%2Fv2%2Ftags&post=66536"}],"curies":[{"name":"wp","href":"https:\/\/api.w.org\/{rel}","templated":true}]}}