{"id":66500,"date":"2015-05-25T21:25:54","date_gmt":"2015-05-26T00:25:54","guid":{"rendered":"http:\/\/www.24baires.com\/?p=66500"},"modified":"2015-05-25T21:50:39","modified_gmt":"2015-05-26T00:50:39","slug":"para-estala-de-carotto-cristina-se-tiene-que-quedar-cerca-de-su-pueblo","status":"publish","type":"post","link":"http:\/\/www.24baires.com\/?p=66500","title":{"rendered":"Para Estela de Carlotto, \u00abCristina se tiene que quedar cerca de su pueblo\u00bb"},"content":{"rendered":"<p><img data-recalc-dims=\"1\" loading=\"lazy\" decoding=\"async\" class=\"aligncenter size-full wp-image-51460\" src=\"https:\/\/i0.wp.com\/www.24baires.com\/wp-content\/uploads\/2014\/08\/guido-estela.jpg?resize=560%2C226\" alt=\"guido-estela\" width=\"560\" height=\"226\" srcset=\"https:\/\/i0.wp.com\/www.24baires.com\/wp-content\/uploads\/2014\/08\/guido-estela.jpg?w=560 560w, https:\/\/i0.wp.com\/www.24baires.com\/wp-content\/uploads\/2014\/08\/guido-estela.jpg?resize=300%2C121 300w\" sizes=\"auto, (max-width: 560px) 100vw, 560px\" \/>La presidenta de Abuelas de Plaza de Mayo sostuvo que la presidenta Cristina Fern\u00e1ndez de Kirchner \u201cse tiene que quedar cerca de su pueblo\u201d luego de culminar su mandato, al tiempo que celebr\u00f3 poder festejar esta fecha patria junto a su nieto restituido, Ignacio Montoya Carlotto.<!--more--><\/p>\n<p>\u201cSiento que la vida me est\u00e1 premiando por la edad que tengo, porque uno nunca sabe hasta d\u00f3nde llegar en esta vida, al poder estar ac\u00e1 en este lugar, junto a mi nieto y mi hijo\u201d, sostuvo Carlotto, en di\u00e1logo con T\u00e9lam, minutos antes del discurso presidencial, para luego describir que su historia de vida le \u201ccost\u00f3 mucho dolor, pero ese dolor se transform\u00f3 en lucha, y esta es la lucha que sigue para no olvidar\u201d.<\/p>\n<p>Y agreg\u00f3: \u201cEsta lucha es para los chiquitos que vemos ac\u00e1 sean ni\u00f1os felices y no tengan miedos. Para que puedan pensar distinto y no les pase nada. Por eso siento que estoy en el lugar donde tengo que estar y en el momento preciso. Por eso doy gracias a todos\u201d.<\/p>\n<p>Estela siente que \u201cno hay que despedir a Cristina, porque no creo que se vaya. Se tiene que quedar en otro lugar, cerca de su pueblo, que somos todos nosotros. Pienso que en alg\u00fan lugarcito va a estar, como senadora, diputada o lo que fuera. Siempre dando su aporte, su sabidur\u00eda y su sentimiento\u201d.<\/p>\n<p>\u201cPorque ac\u00e1 no hay un partido pol\u00edtico. Para m\u00ed se trata de gesti\u00f3n y de personas gestionando. Ojal\u00e1 que el proyecto siga, eso es lo que deseo y espero\u201d, concluy\u00f3.<\/p>\n<p>Por su parte, Ignacio, el nieto de Estela, narr\u00f3 a T\u00e9lam sus sensaciones sobre la fiesta popular, un rato antes de subirse al escenario para interpretar una canci\u00f3n de V\u00edctor Jara junto a Palo Pandolfo: \u00abSiento que lo estoy viviendo m\u00e1s o menos de la misma forma que lo vive cualquier artista que tiene la suerte de participar. Me siento un afortunado de poder estar ac\u00e1 para dar mi mi grano de arena a partir de mi m\u00fasica\u00bb.<\/p>\n<p>\u00abNo s\u00e9 si es necesario estar detr\u00e1s del proyecto para venir a tocar. A veces hay cuestiones que est\u00e1n m\u00e1s all\u00e1 de eso, m\u00e1s all\u00e1 de que muchos artistas de los que est\u00e1n ac\u00e1 apoyan a este Gobierno, y apoyan todas las cuestiones fant\u00e1sticas que ha hecho este Gobierno. M\u00e1s all\u00e1 de eso, me parece que el m\u00fasico, el artista, tiene una funci\u00f3n hasta si se quiere por fuera de eso, pero sin dejar de comprometerse\u00bb, opin\u00f3.<\/p>\n<p>Montoya Carlotto sostuvo que \u00abno ha cambiado\u00bb su \u00abmanera de expresarse\u00bb desde que recuper\u00f3 su identidad en julio del a\u00f1o pasado: \u00abLa m\u00fasica es el \u00fanico espacio que tengo para expresarme. Es el que he elegido hace tiempo y con el que me vengo expresando de la misma manera hace tiempo. Estoy convencido de que el acto art\u00edstico es un acto pol\u00edtico, no pol\u00edtico-partidario, pero s\u00ed pol\u00edtico, que tiene un enorme compromiso\u00bb.<\/p>\n<p>\u00abNo puede ser art\u00edstico si no es con compromiso. Y en ese compromiso van mis ideas, el amor, lo que me pasa, mi historia, todo. A trav\u00e9s de la m\u00fasica mando todo\u00bb, sostuvo el pianista y compositor, que un rato despu\u00e9s del discurso de la presidenta Cristina Fern\u00e1ndez de Kirchner, interpretar\u00e1 &#8216;Te recuerdo Amanda&#8217; de V\u00edctor Jara, en el marco del show de canciones prohibidas durante la \u00faltima dictadura militar.<\/p>\n<p>&nbsp;<\/p>\n<p>&nbsp;<\/p>\n<p>&nbsp;<\/p>\n<p>&nbsp;<\/p>\n<p>&nbsp;<\/p>\n<p>&nbsp;<\/p>\n<p>&nbsp;<\/p>\n<p>&nbsp;<\/p>\n<p>&nbsp;<\/p>\n<p>&nbsp;<\/p>\n<p>&nbsp;<\/p>\n<p>&nbsp;<\/p>\n<p>&nbsp;<\/p>\n<p>&nbsp;<\/p>\n<p>&nbsp;<\/p>\n<p>&nbsp;<\/p>\n<p>&nbsp;<\/p>\n<p>&nbsp;<\/p>\n","protected":false},"excerpt":{"rendered":"<p>La presidenta de Abuelas de Plaza de Mayo sostuvo que la presidenta Cristina Fern\u00e1ndez de Kirchner \u201cse tiene que quedar cerca de su pueblo\u201d luego de culminar su mandato, al tiempo que celebr\u00f3 poder festejar esta fecha patria junto a su nieto restituido, Ignacio Montoya Carlotto.<\/p>\n","protected":false},"author":8,"featured_media":0,"comment_status":"open","ping_status":"open","sticky":false,"template":"","format":"standard","meta":{"_jetpack_newsletter_access":"","_jetpack_dont_email_post_to_subs":false,"_jetpack_newsletter_tier_id":0,"_jetpack_memberships_contains_paywalled_content":false,"_jetpack_memberships_contains_paid_content":false,"footnotes":""},"categories":[51],"tags":[],"class_list":["post-66500","post","type-post","status-publish","format-standard","hentry","category-politica"],"jetpack_shortlink":"https:\/\/wp.me\/p2JWE0-hiA","jetpack-related-posts":[{"id":102322,"url":"http:\/\/www.24baires.com\/?p=102322","url_meta":{"origin":66500,"position":0},"title":"La asociaci\u00f3n Abuelas de Plaza de Mayo fue nominada al Premio Nobel de la Paz 2018","author":"AF","date":"23\/05\/2018","format":false,"excerpt":"Ya son varias las ocasiones en que la asociaci\u00f3n que preside Estela de Carlotto recibe la nominaci\u00f3n. El Comit\u00e9 Noruego acept\u00f3 a la asociaci\u00f3n Abuelas de Plaza de Mayo entre los nominados al Premio Nobel de la Paz edici\u00f3n 2018. La presidenta de Abuelas, Estela de Carlotto, har\u00e1 el anuncio\u2026","rel":"","context":"En \u00abSociedad\u00bb","block_context":{"text":"Sociedad","link":"http:\/\/www.24baires.com\/?cat=1"},"img":{"alt_text":"","src":"https:\/\/i0.wp.com\/www.24baires.com\/wp-content\/uploads\/2012\/11\/madres-abuelas-circuito-camps.jpg?resize=350%2C200","width":350,"height":200,"srcset":"https:\/\/i0.wp.com\/www.24baires.com\/wp-content\/uploads\/2012\/11\/madres-abuelas-circuito-camps.jpg?resize=350%2C200 1x, https:\/\/i0.wp.com\/www.24baires.com\/wp-content\/uploads\/2012\/11\/madres-abuelas-circuito-camps.jpg?resize=525%2C300 1.5x"},"classes":[]},{"id":123140,"url":"http:\/\/www.24baires.com\/?p=123140","url_meta":{"origin":66500,"position":1},"title":"Dirigentes de diferentes espacios despidieron a Taty Almeida","author":"GB","date":"16\/06\/2026","format":false,"excerpt":"Las manifestaciones de dolor, reconocimiento de su lucha y acompa\u00f1amiento a la familia fueron transversales casi todo el arco pol\u00edtico La muerte de Taty Almeida, hist\u00f3rica referente de Madres de Plaza de Mayo L\u00ednea Fundadora, gener\u00f3 este domingo una ola de mensajes de despedida que atraves\u00f3 distintos espacios pol\u00edticos y\u2026","rel":"","context":"En \u00abMemoria\u00bb","block_context":{"text":"Memoria","link":"http:\/\/www.24baires.com\/?cat=50"},"img":{"alt_text":"","src":"https:\/\/i0.wp.com\/www.24baires.com\/wp-content\/uploads\/2026\/06\/taty-kici.webp?resize=350%2C200","width":350,"height":200,"srcset":"https:\/\/i0.wp.com\/www.24baires.com\/wp-content\/uploads\/2026\/06\/taty-kici.webp?resize=350%2C200 1x, https:\/\/i0.wp.com\/www.24baires.com\/wp-content\/uploads\/2026\/06\/taty-kici.webp?resize=525%2C300 1.5x, https:\/\/i0.wp.com\/www.24baires.com\/wp-content\/uploads\/2026\/06\/taty-kici.webp?resize=700%2C400 2x"},"classes":[]},{"id":113777,"url":"http:\/\/www.24baires.com\/?p=113777","url_meta":{"origin":66500,"position":2},"title":"Los organismos de DDHH volvieron a ser recibidos en Casa Rosada","author":"AF","date":"13\/01\/2020","format":false,"excerpt":"Alberto Fern\u00e1ndez ratific\u00f3 su admiraci\u00f3n por la lucha de Madres, Abuelas e HIJOS y asegur\u00f3 que siempre tendr\u00e1n abiertas las puertas de la sede del Ejecutivo. El presidente Alberto Fern\u00e1ndez recibi\u00f3 este lunes en Casa Rosada a referentes de los organismos de Derechos Humanos. Tras el encuentro el mandatario destac\u00f3\u2026","rel":"","context":"En \u00abSociedad\u00bb","block_context":{"text":"Sociedad","link":"http:\/\/www.24baires.com\/?cat=1"},"img":{"alt_text":"","src":"https:\/\/i0.wp.com\/www.24baires.com\/wp-content\/uploads\/2020\/01\/0037302838-300x225.jpg?resize=350%2C200","width":350,"height":200},"classes":[]},{"id":51380,"url":"http:\/\/www.24baires.com\/?p=51380","url_meta":{"origin":66500,"position":3},"title":"\u00abEncontrar a Guido fue un premio para todos los argentinos\u00bb","author":"Grupo Sierra","date":"07\/08\/2014","format":false,"excerpt":"La Presidenta Cristina Fern\u00e1ndez de Kirchner habl\u00f3 sobre la aparici\u00f3n del nieto de Estela de Carlotto y se\u00f1al\u00f3: \"Sinceramente siento que nos pas\u00f3 a todos, es conmovedor\". En cadena nacional, Cristina cont\u00f3 su reacci\u00f3n cuando se enter\u00f3 de la noticia: \"Me corri\u00f3 fr\u00edo por el cuerpo, el pap\u00e1 de Guido\u2026","rel":"","context":"En \u00abSociedad\u00bb","block_context":{"text":"Sociedad","link":"http:\/\/www.24baires.com\/?cat=1"},"img":{"alt_text":"","src":"https:\/\/i0.wp.com\/www.24baires.com\/wp-content\/uploads\/2014\/08\/cristina-estela.jpg?resize=350%2C200","width":350,"height":200,"srcset":"https:\/\/i0.wp.com\/www.24baires.com\/wp-content\/uploads\/2014\/08\/cristina-estela.jpg?resize=350%2C200 1x, https:\/\/i0.wp.com\/www.24baires.com\/wp-content\/uploads\/2014\/08\/cristina-estela.jpg?resize=525%2C300 1.5x"},"classes":[]},{"id":103510,"url":"http:\/\/www.24baires.com\/?p=103510","url_meta":{"origin":66500,"position":4},"title":"\u201cEsperamos una marcha como la del 2&#215;1 para frenar este atropello a la democracia\u201d","author":"AF","date":"24\/07\/2018","format":false,"excerpt":"La titular de Abuelas de Plaza de Mayo, Estela de Carlotto, convoc\u00f3 a la movilizaci\u00f3n del jueves pr\u00f3ximo al Ministerio de Defensa para \"evitar que las Fuerzas Armadas vuelvan a las calles\" y asegur\u00f3 que \"no esperaba que el Gobierno se animara a tanto\". La titular de Abuelas de Plaza\u2026","rel":"","context":"En \u00abSociedad\u00bb","block_context":{"text":"Sociedad","link":"http:\/\/www.24baires.com\/?cat=1"},"img":{"alt_text":"","src":"https:\/\/i0.wp.com\/www.24baires.com\/wp-content\/uploads\/2017\/10\/carlotto-maldonado.jpg?resize=350%2C200","width":350,"height":200,"srcset":"https:\/\/i0.wp.com\/www.24baires.com\/wp-content\/uploads\/2017\/10\/carlotto-maldonado.jpg?resize=350%2C200 1x, https:\/\/i0.wp.com\/www.24baires.com\/wp-content\/uploads\/2017\/10\/carlotto-maldonado.jpg?resize=525%2C300 1.5x"},"classes":[]},{"id":42702,"url":"http:\/\/www.24baires.com\/?p=42702","url_meta":{"origin":66500,"position":5},"title":"\u00abLa democracia debe ser defendida con u\u00f1as y dientes\u00bb","author":"GB","date":"24\/03\/2014","format":false,"excerpt":"La presidenta de la Asociaci\u00f3n Abuelas de Plaza de Mayo, Estela de Carlotto, consider\u00f3 que \u201cla democracia debe ser defendida con u\u00f1as y dientes\u201d, durante la ceremonia en la que se inaugur\u00f3 la Casa de la Identidad que gestionar\u00e1 ese organismo de derechos humanos y que funcionar\u00e1 en el predio\u2026","rel":"","context":"En \u00abMemoria\u00bb","block_context":{"text":"Memoria","link":"http:\/\/www.24baires.com\/?cat=50"},"img":{"alt_text":"carloto y alak","src":"https:\/\/i0.wp.com\/www.24baires.com\/wp-content\/uploads\/2014\/03\/carloto-y-alak-300x199.jpg?resize=350%2C200","width":350,"height":200},"classes":[]}],"jetpack_sharing_enabled":true,"jetpack_likes_enabled":true,"jetpack_featured_media_url":"","_links":{"self":[{"href":"http:\/\/www.24baires.com\/index.php?rest_route=\/wp\/v2\/posts\/66500","targetHints":{"allow":["GET"]}}],"collection":[{"href":"http:\/\/www.24baires.com\/index.php?rest_route=\/wp\/v2\/posts"}],"about":[{"href":"http:\/\/www.24baires.com\/index.php?rest_route=\/wp\/v2\/types\/post"}],"author":[{"embeddable":true,"href":"http:\/\/www.24baires.com\/index.php?rest_route=\/wp\/v2\/users\/8"}],"replies":[{"embeddable":true,"href":"http:\/\/www.24baires.com\/index.php?rest_route=%2Fwp%2Fv2%2Fcomments&post=66500"}],"version-history":[{"count":3,"href":"http:\/\/www.24baires.com\/index.php?rest_route=\/wp\/v2\/posts\/66500\/revisions"}],"predecessor-version":[{"id":66505,"href":"http:\/\/www.24baires.com\/index.php?rest_route=\/wp\/v2\/posts\/66500\/revisions\/66505"}],"wp:attachment":[{"href":"http:\/\/www.24baires.com\/index.php?rest_route=%2Fwp%2Fv2%2Fmedia&parent=66500"}],"wp:term":[{"taxonomy":"category","embeddable":true,"href":"http:\/\/www.24baires.com\/index.php?rest_route=%2Fwp%2Fv2%2Fcategories&post=66500"},{"taxonomy":"post_tag","embeddable":true,"href":"http:\/\/www.24baires.com\/index.php?rest_route=%2Fwp%2Fv2%2Ftags&post=66500"}],"curies":[{"name":"wp","href":"https:\/\/api.w.org\/{rel}","templated":true}]}}