{"id":66490,"date":"2015-05-25T19:20:01","date_gmt":"2015-05-25T22:20:01","guid":{"rendered":"http:\/\/www.24baires.com\/?p=66490"},"modified":"2015-05-26T10:57:21","modified_gmt":"2015-05-26T13:57:21","slug":"este-es-un-proyecto-colectivo-no-puede-depender-de-una-sola-persona-depende-de-ustedes","status":"publish","type":"post","link":"http:\/\/www.24baires.com\/?p=66490","title":{"rendered":"\u00abNo tengan miedo por lo que va a pasar, ustedes son los verdaderos due\u00f1os de su destino\u00bb"},"content":{"rendered":"<p><img data-recalc-dims=\"1\" loading=\"lazy\" decoding=\"async\" class=\"aligncenter size-full wp-image-66491\" src=\"https:\/\/i0.wp.com\/www.24baires.com\/wp-content\/uploads\/2015\/05\/cristina-25de-mayo.jpg?resize=560%2C373\" alt=\"cristina 25de mayo\" width=\"560\" height=\"373\" srcset=\"https:\/\/i0.wp.com\/www.24baires.com\/wp-content\/uploads\/2015\/05\/cristina-25de-mayo.jpg?w=560 560w, https:\/\/i0.wp.com\/www.24baires.com\/wp-content\/uploads\/2015\/05\/cristina-25de-mayo.jpg?resize=300%2C200 300w\" sizes=\"auto, (max-width: 560px) 100vw, 560px\" \/>La presidenta de la naci\u00f3n habla ante una plaza repleta en el cierre de los festejos por la Semana de Mayo.<!--more--><\/p>\n<p>La presidenta Cristina Fern\u00e1ndez de Kirchner afirm\u00f3 esta noche que \u00abalgunos buitres\u00bb que quedaron afuera de la renegociaci\u00f3n de la deuda externa, \u00abmanejan medios de comunicaci\u00f3n y organizaciones que atacan al pa\u00eds\u00bb, pero advirti\u00f3 que los argentinos \u00abdeben estar tranquilos\u00bb porque ella va a seguir \u00abdefendiendo los intereses del pa\u00eds\u00bb.<\/p>\n<p>\u00abNo tengan miedo, pueden difamar a mi hija, atacar a mi hijo, pero qu\u00e9dense tranquilos que voy a seguir defendiendo los intereses del pa\u00eds, no tengo nada de que avergonzarme, no tengo cuentas en el exterior, al contrario otros tienen cuentas y no los investigan\u00bb, remarc\u00f3 Cristina.<\/p>\n<p>La jefa del Estado lo expres\u00f3 al hablar en la Plaza de Mayo ante una multitud que se dio cita en la clausura de los festejos por el 205 aniversario de la revoluci\u00f3n de mayo.<\/p>\n<p>En e comienzo de su discurso, Cristina hizo un repaso por la gesti\u00f3n de N\u00e9stro Kirchner y reivindic\u00f3 la figura del ex presidente al se\u00f1alar: \u00abQuisiera ver cuantos presidentes se plantan como se plant\u00f3 \u00e9l en 2005 en Mar del Plata -en la Cumbre de las Am\u00e9ricas- para decir en nombre de su pa\u00eds y de la regi\u00f3n, que en la integraci\u00f3n y no en la subordinaci\u00f3n estaba el futuro\u00bb.<\/p>\n<p>La Presidenta dijo que por luchas como \u00e9sta Kirchner \u00abdej\u00f3 cachos de su vida en el camino\u00bb, y que \u00abcuando arreciaban las criticas de afuera y de adentro se planto y obtuvo la reestructuraci\u00f3n de deuda soberana m\u00e1s importante en toda la historia del mundo\u00bb.<\/p>\n<p>&nbsp;<\/p>\n<p>&nbsp;<\/p>\n<p>&nbsp;<\/p>\n<p>&nbsp;<\/p>\n<p>&nbsp;<\/p>\n<p>&nbsp;<\/p>\n<p>&nbsp;<\/p>\n","protected":false},"excerpt":{"rendered":"<p>La presidenta de la naci\u00f3n habla ante una plaza repleta en el cierre de los festejos por la Semana de Mayo.<\/p>\n","protected":false},"author":8,"featured_media":0,"comment_status":"open","ping_status":"open","sticky":false,"template":"","format":"standard","meta":{"_jetpack_newsletter_access":"","_jetpack_dont_email_post_to_subs":false,"_jetpack_newsletter_tier_id":0,"_jetpack_memberships_contains_paywalled_content":false,"_jetpack_memberships_contains_paid_content":false,"footnotes":""},"categories":[51],"tags":[],"class_list":["post-66490","post","type-post","status-publish","format-standard","hentry","category-politica"],"jetpack_shortlink":"https:\/\/wp.me\/p2JWE0-hiq","jetpack-related-posts":[{"id":101002,"url":"http:\/\/www.24baires.com\/?p=101002","url_meta":{"origin":66490,"position":0},"title":"\u201cEstamos viviendo en una democracia tapada, en la que no tenemos Justicia\u00bb","author":"AF","date":"12\/03\/2018","format":false,"excerpt":"En una extensa entrevista radial, la dirigente detenida agreg\u00f3 adem\u00e1s que \"el problema grande va a ser cuando estos tipos se vayan, porque van a dejar endeudado el pa\u00eds y despu\u00e9s \u00bfc\u00f3mo lo levantamos?\". La dirigente popular detenida en Jujuy, Milagro Sala, referente de la organizaci\u00f3n Tupac Amaru, llam\u00f3 a\u2026","rel":"","context":"En \u00abPol\u00edtica\u00bb","block_context":{"text":"Pol\u00edtica","link":"http:\/\/www.24baires.com\/?cat=51"},"img":{"alt_text":"","src":"https:\/\/i0.wp.com\/www.24baires.com\/wp-content\/uploads\/2017\/10\/milagro-sala.jpg?resize=350%2C200","width":350,"height":200,"srcset":"https:\/\/i0.wp.com\/www.24baires.com\/wp-content\/uploads\/2017\/10\/milagro-sala.jpg?resize=350%2C200 1x, https:\/\/i0.wp.com\/www.24baires.com\/wp-content\/uploads\/2017\/10\/milagro-sala.jpg?resize=525%2C300 1.5x"},"classes":[]},{"id":111811,"url":"http:\/\/www.24baires.com\/?p=111811","url_meta":{"origin":66490,"position":1},"title":"Utilizaron una imagen de la Plaza de Mayo a favor de Cristina para ilustrar la concentraci\u00f3n en respaldo de Macri","author":"GB","date":"27\/08\/2019","format":false,"excerpt":"Un editor del diario La Naci\u00f3n poste\u00f3 una foto de la despedida de Cristina en 2015 e hizo referencia a la supuesta magnitud del apoyo al gobierno de Cambiemos. \u00bfFake news? Mir\u00e1 lo que hizo minutos despu\u00e9s de publicarla. Tras la derrota contundente en las PASO, el presidente Mauricio Macri\u2026","rel":"","context":"En \u00abPol\u00edtica\u00bb","block_context":{"text":"Pol\u00edtica","link":"http:\/\/www.24baires.com\/?cat=51"},"img":{"alt_text":"","src":"https:\/\/i0.wp.com\/www.24baires.com\/wp-content\/uploads\/2019\/08\/despedida-CFK.jpg?resize=350%2C200","width":350,"height":200,"srcset":"https:\/\/i0.wp.com\/www.24baires.com\/wp-content\/uploads\/2019\/08\/despedida-CFK.jpg?resize=350%2C200 1x, https:\/\/i0.wp.com\/www.24baires.com\/wp-content\/uploads\/2019\/08\/despedida-CFK.jpg?resize=525%2C300 1.5x"},"classes":[]},{"id":89776,"url":"http:\/\/www.24baires.com\/?p=89776","url_meta":{"origin":66490,"position":2},"title":"\u00abSi a Bonadio se le va la mano, tomamos Tribunales\u00bb, advirti\u00f3 Hebe","author":"GB","date":"13\/11\/2016","format":false,"excerpt":"La titular de Madres de Plaza de Mayo apunt\u00f3 contra el juez federal que investiga a Cristina Kirchner en el marco de la causa del d\u00f3lar futuro. Tambi\u00e9n, convoc\u00f3 a una nueva \"Marcha de la Resistencia\" para el 9 y 10 de diciembre. Luego de que se confirmara el procesamiento\u2026","rel":"","context":"En \u00abPol\u00edtica\u00bb","block_context":{"text":"Pol\u00edtica","link":"http:\/\/www.24baires.com\/?cat=51"},"img":{"alt_text":"hebe4","src":"https:\/\/i0.wp.com\/www.24baires.com\/wp-content\/uploads\/2013\/04\/hebe4-300x200.jpg?resize=350%2C200","width":350,"height":200},"classes":[]},{"id":66639,"url":"http:\/\/www.24baires.com\/?p=66639","url_meta":{"origin":66490,"position":3},"title":"\u00abEste no fue otro 25 de Mayo m\u00e1s\u00bb asegur\u00f3 el titular de ARBIA","author":"Grupo Sierra","date":"27\/05\/2015","format":false,"excerpt":"El titular de ARBIA (Asociaci\u00f3n Radiodifusoras Bonaerenses y del Interior de Argentina), Osvaldo Franc\u00e9s, reflexion\u00f3 sobre la movilizaci\u00f3n del 25 de mayo pasado, en la que la asociaci\u00f3n de radiodifusoras m\u00e1s importante de la Provincia de Buenos Aires concurri\u00f3 con su propia columna. Otra vez quedo reflejado que la plaza\u2026","rel":"","context":"En \u00abMedios\u00bb","block_context":{"text":"Medios","link":"http:\/\/www.24baires.com\/?cat=54"},"img":{"alt_text":"","src":"https:\/\/i0.wp.com\/www.24baires.com\/wp-content\/uploads\/2015\/05\/arbia.jpg?resize=350%2C200","width":350,"height":200,"srcset":"https:\/\/i0.wp.com\/www.24baires.com\/wp-content\/uploads\/2015\/05\/arbia.jpg?resize=350%2C200 1x, https:\/\/i0.wp.com\/www.24baires.com\/wp-content\/uploads\/2015\/05\/arbia.jpg?resize=525%2C300 1.5x"},"classes":[]},{"id":46726,"url":"http:\/\/www.24baires.com\/?p=46726","url_meta":{"origin":66490,"position":4},"title":"Cristina en la Fiesta Patria Popular: \u00abEl futuro vino y lleg\u00f3 para quedarse\u00bb","author":"AF","date":"25\/05\/2014","format":false,"excerpt":"Durante el discurso que pronunci\u00f3 durante los festejos por el 25 de Mayo que se celebraron en la Plaza de Mayo, la Presidenta afirm\u00f3: \"Tenemos fe y esperanzas en el futuro, pero tambi\u00e9n sabemos que tenemos que trabajar con m\u00e1s inclusi\u00f3n para cada vez m\u00e1s argentinos\". \"Quiero hacer hincapi\u00e9 en\u2026","rel":"","context":"En \u00abPol\u00edtica\u00bb","block_context":{"text":"Pol\u00edtica","link":"http:\/\/www.24baires.com\/?cat=51"},"img":{"alt_text":"","src":"https:\/\/i0.wp.com\/www.24baires.com\/wp-content\/uploads\/2014\/05\/plaza-25-mayo.jpg?resize=350%2C200","width":350,"height":200,"srcset":"https:\/\/i0.wp.com\/www.24baires.com\/wp-content\/uploads\/2014\/05\/plaza-25-mayo.jpg?resize=350%2C200 1x, https:\/\/i0.wp.com\/www.24baires.com\/wp-content\/uploads\/2014\/05\/plaza-25-mayo.jpg?resize=525%2C300 1.5x"},"classes":[]},{"id":45120,"url":"http:\/\/www.24baires.com\/?p=45120","url_meta":{"origin":66490,"position":5},"title":"Cristina: el 1\u00ba de mayo se celebra \u00ababriendo lugares de trabajo y no amenazando\u00bb","author":"AF","date":"02\/05\/2014","format":false,"excerpt":"Las afirmaciones de la Presidenta se conocieron horas despu\u00e9s de que desde las CGT disidentes que encabezan Hugo Moyano y Luis Barrionuevo, anunciaran una movilizaci\u00f3n para el pr\u00f3ximo 14 de mayo. \"As\u00ed se festejan los 1 de Mayo, abriendo lugares de trabajo no incitando, ni amenazando, ni agraviando sino trabajando\u2026","rel":"","context":"En \u00abPol\u00edtica\u00bb","block_context":{"text":"Pol\u00edtica","link":"http:\/\/www.24baires.com\/?cat=51"},"img":{"alt_text":"cristina churruca","src":"https:\/\/i0.wp.com\/www.24baires.com\/wp-content\/uploads\/2013\/06\/cristina-churruca.jpg?resize=350%2C200","width":350,"height":200,"srcset":"https:\/\/i0.wp.com\/www.24baires.com\/wp-content\/uploads\/2013\/06\/cristina-churruca.jpg?resize=350%2C200 1x, https:\/\/i0.wp.com\/www.24baires.com\/wp-content\/uploads\/2013\/06\/cristina-churruca.jpg?resize=525%2C300 1.5x"},"classes":[]}],"jetpack_sharing_enabled":true,"jetpack_likes_enabled":true,"jetpack_featured_media_url":"","_links":{"self":[{"href":"http:\/\/www.24baires.com\/index.php?rest_route=\/wp\/v2\/posts\/66490","targetHints":{"allow":["GET"]}}],"collection":[{"href":"http:\/\/www.24baires.com\/index.php?rest_route=\/wp\/v2\/posts"}],"about":[{"href":"http:\/\/www.24baires.com\/index.php?rest_route=\/wp\/v2\/types\/post"}],"author":[{"embeddable":true,"href":"http:\/\/www.24baires.com\/index.php?rest_route=\/wp\/v2\/users\/8"}],"replies":[{"embeddable":true,"href":"http:\/\/www.24baires.com\/index.php?rest_route=%2Fwp%2Fv2%2Fcomments&post=66490"}],"version-history":[{"count":2,"href":"http:\/\/www.24baires.com\/index.php?rest_route=\/wp\/v2\/posts\/66490\/revisions"}],"predecessor-version":[{"id":66494,"href":"http:\/\/www.24baires.com\/index.php?rest_route=\/wp\/v2\/posts\/66490\/revisions\/66494"}],"wp:attachment":[{"href":"http:\/\/www.24baires.com\/index.php?rest_route=%2Fwp%2Fv2%2Fmedia&parent=66490"}],"wp:term":[{"taxonomy":"category","embeddable":true,"href":"http:\/\/www.24baires.com\/index.php?rest_route=%2Fwp%2Fv2%2Fcategories&post=66490"},{"taxonomy":"post_tag","embeddable":true,"href":"http:\/\/www.24baires.com\/index.php?rest_route=%2Fwp%2Fv2%2Ftags&post=66490"}],"curies":[{"name":"wp","href":"https:\/\/api.w.org\/{rel}","templated":true}]}}