{"id":66483,"date":"2015-05-25T17:26:20","date_gmt":"2015-05-25T20:26:20","guid":{"rendered":"http:\/\/www.24baires.com\/?p=66483"},"modified":"2015-05-26T10:57:41","modified_gmt":"2015-05-26T13:57:41","slug":"una-multitud-colma-plaza-de-mayo-para-participar-de-los-festejos-patrios","status":"publish","type":"post","link":"http:\/\/www.24baires.com\/?p=66483","title":{"rendered":"Una multitud colma Plaza de Mayo para participar de los festejos patrios"},"content":{"rendered":"<p><img data-recalc-dims=\"1\" loading=\"lazy\" decoding=\"async\" class=\"aligncenter size-full wp-image-66484\" src=\"https:\/\/i0.wp.com\/www.24baires.com\/wp-content\/uploads\/2015\/05\/25-de-mayo-plaza.jpg?resize=560%2C373\" alt=\"25 de mayo plaza\" width=\"560\" height=\"373\" srcset=\"https:\/\/i0.wp.com\/www.24baires.com\/wp-content\/uploads\/2015\/05\/25-de-mayo-plaza.jpg?w=560 560w, https:\/\/i0.wp.com\/www.24baires.com\/wp-content\/uploads\/2015\/05\/25-de-mayo-plaza.jpg?resize=300%2C200 300w\" sizes=\"auto, (max-width: 560px) 100vw, 560px\" \/>Miles de personas llenaron la Plaza y sus inmediaciones, a la espera del inicio de la tercera y \u00faltima jornada de los festejos patrios. Pasadas as 16 empez\u00f3 el festival musical y luego hablar\u00e1 la Presidenta.<!--more--><\/p>\n<p>Miles de familias, militantes sociales y pol\u00edticos llenaron la Plaza de Mayo. Desde la 16 se lleva a cabo un festival musical y a las 19 se espera la palabra de la Presidenta de la Naci\u00f3n.<\/p>\n<p>Las delegaciones, principalmente las llegadas desde el interior del pa\u00eds, comenzaron a ocupar los lugares previstos para cada espacio en la cabecera de la plaza, donde se ubica el escenario al subir\u00e1n los artistas para el espect\u00e1culo cultural.<\/p>\n<p>En paralelo, familias y ciudadanos se fueron ubicando en diferentes sectores donde, acompa\u00f1ados por el buen clima, aguardan el inicio de la jornada e improvisan picnics, mientras los militantes pol\u00edticos terminan de colgar banderas de Kolina, de la Central de Trabajadores de Argentina (CTA), entre otras agrupaciones.<\/p>\n<p>Alejandro, un docente llegado desde Los Toldos \u201cen una combi que financiamos entre todos\u201d -aclar\u00f3-, coment\u00f3 a T\u00e9lam la intenci\u00f3n de \u201cacompa\u00f1ar a nuestra Presidenta porque, a partir de que N\u00e9stor descolg\u00f3 los cuadros, volvimos a confiar en nosotros y a poder festejar estas fechas que antes estaban asociadas a los milicos\u201d.<\/p>\n<p>Mientras tanto, el grueso de las organizaciones pol\u00edticas, sociales y gremiales, comenzaron concentrar a media ma\u00f1ana en diferentes puntos del centro porte\u00f1o: la Tupac, organizaci\u00f3n juje\u00f1a que conduce Milagros Sala ya se encontraba pasado el mediod\u00eda, marchando hacia la hist\u00f3rica plaza; La C\u00e1mpora concentraba en avenida de Mayo y 9 de julio, desde donde la columna parti\u00f3 a la plaza hacia las 14.<\/p>\n<p>El Movimiento Evita concentr\u00f3 a sus militantes en la diagonal Julio A. Roca, y desde all\u00ed llegaron ala plaza. La Uni\u00f3n de Personal Civil de la Naci\u00f3n (UPCN), la Uni\u00f3n de Obreros de la Construcci\u00f3n (UOCRA), los portuarios del SOMU y dem\u00e1s organizaciones gremiales tambi\u00e9n son parte de la multitud que colm\u00f3 la hist\u00f3rica plaza y sus alrededores..<\/p>\n<p>El cierre de acto ser\u00e1 encabezado por la presidenta de la Naci\u00f3n Cristina Fern\u00e1ndez de Kirchner, quien ofrecer\u00e1 un discurso que se espera para las 19 horas.<\/p>\n","protected":false},"excerpt":{"rendered":"<p>Miles de personas llenaron la Plaza y sus inmediaciones, a la espera del inicio de la tercera y \u00faltima jornada de los festejos patrios. Pasadas as 16 empez\u00f3 el festival musical y luego hablar\u00e1 la Presidenta.<\/p>\n","protected":false},"author":8,"featured_media":0,"comment_status":"open","ping_status":"open","sticky":false,"template":"","format":"standard","meta":{"_jetpack_newsletter_access":"","_jetpack_dont_email_post_to_subs":false,"_jetpack_newsletter_tier_id":0,"_jetpack_memberships_contains_paywalled_content":false,"_jetpack_memberships_contains_paid_content":false,"footnotes":""},"categories":[51],"tags":[],"class_list":["post-66483","post","type-post","status-publish","format-standard","hentry","category-politica"],"jetpack_shortlink":"https:\/\/wp.me\/p2JWE0-hij","jetpack-related-posts":[{"id":24345,"url":"http:\/\/www.24baires.com\/?p=24345","url_meta":{"origin":66483,"position":0},"title":"Fueron miles de personas las que llegaron a la plaza hist\u00f3rica","author":"Grupo Sierra","date":"25\/05\/2013","format":false,"excerpt":"Una multitud, en su mayor\u00eda j\u00f3venes organizados y tambi\u00e9n familias, llenan los espacios de la Plaza para participar de los festejos por el 203 aniversario de la Revoluci\u00f3n de Mayo y los diez a\u00f1os del proyecto pol\u00edtico iniciado por N\u00e9stor Kirchner. Desde temprano, las primeras columnas de manifestantes y organizaciones\u2026","rel":"","context":"En \u00abPol\u00edtica\u00bb","block_context":{"text":"Pol\u00edtica","link":"http:\/\/www.24baires.com\/?cat=51"},"img":{"alt_text":"","src":"","width":0,"height":0},"classes":[]},{"id":46642,"url":"http:\/\/www.24baires.com\/?p=46642","url_meta":{"origin":66483,"position":1},"title":"Cristina participar\u00e1 del Tedeum y de la fiesta patria popular en la Plaza","author":"AF","date":"24\/05\/2014","format":false,"excerpt":"La Presidenta participar\u00e1, ma\u00f1ana al mediod\u00eda, del Tedeum en la catedral metropolitana y por la tarde, hablar\u00e1 en la fiesta popular que se llevar\u00e1 a cabo en Plaza de Mayo por del 204\u00ba aniversario de la Revoluci\u00f3n de Mayo y los 11 a\u00f1os de la asunci\u00f3n de N\u00e9stor Kirchner como\u2026","rel":"","context":"En \u00abSociedad\u00bb","block_context":{"text":"Sociedad","link":"http:\/\/www.24baires.com\/?cat=1"},"img":{"alt_text":"","src":"https:\/\/i0.wp.com\/www.24baires.com\/wp-content\/uploads\/2014\/05\/Captura.jpg?resize=350%2C200","width":350,"height":200,"srcset":"https:\/\/i0.wp.com\/www.24baires.com\/wp-content\/uploads\/2014\/05\/Captura.jpg?resize=350%2C200 1x, https:\/\/i0.wp.com\/www.24baires.com\/wp-content\/uploads\/2014\/05\/Captura.jpg?resize=525%2C300 1.5x"},"classes":[]},{"id":113318,"url":"http:\/\/www.24baires.com\/?p=113318","url_meta":{"origin":66483,"position":2},"title":"Alberto y Cristina asumen el mando del pa\u00eds con un festival en Plaza de Mayo","author":"GB","date":"10\/12\/2019","format":false,"excerpt":"Ambos prestar\u00e1n juramento en la Asamblea Legislativa en la que el presidente saliente entregar\u00e1 el poder. Este jueves 10 de diciembre quedar\u00e1 en la historia tras el regreso del peronismo al poder luego de cuatro a\u00f1os de gobierno de Mauricio Macri. El presidente electo, Alberto Fern\u00e1ndez, asumir\u00e1 junto a la\u2026","rel":"","context":"En \u00abPol\u00edtica\u00bb","block_context":{"text":"Pol\u00edtica","link":"http:\/\/www.24baires.com\/?cat=51"},"img":{"alt_text":"","src":"https:\/\/i0.wp.com\/www.24baires.com\/wp-content\/uploads\/2019\/11\/cfk-alberto.jpg?resize=350%2C200","width":350,"height":200,"srcset":"https:\/\/i0.wp.com\/www.24baires.com\/wp-content\/uploads\/2019\/11\/cfk-alberto.jpg?resize=350%2C200 1x, https:\/\/i0.wp.com\/www.24baires.com\/wp-content\/uploads\/2019\/11\/cfk-alberto.jpg?resize=525%2C300 1.5x"},"classes":[]},{"id":8472,"url":"http:\/\/www.24baires.com\/?p=8472","url_meta":{"origin":66483,"position":3},"title":"Hubo una multitud en Plaza de Mayo disfrutando de la Fiesta de la Democracia","author":"AF","date":"09\/12\/2012","format":false,"excerpt":"Miles de personas se encuentraron en la Plaza de Mayo, donde Ignacio Copani abri\u00f3 a las 18.15 la \u201cFiesta Patria Popular\u201d por el D\u00eda de la Democracia de los Derechos Humanos. El cantautor Ignacio Copani, due\u00f1o de una palabra comprometida con su tiempo social, inaugur\u00f3 hoy el multitudinario \"Festival Patria\u2026","rel":"","context":"En \u00abPol\u00edtica\u00bb","block_context":{"text":"Pol\u00edtica","link":"http:\/\/www.24baires.com\/?cat=51"},"img":{"alt_text":"","src":"https:\/\/i0.wp.com\/www.24baires.com\/wp-content\/uploads\/2012\/12\/fiesta-popular1.jpg?resize=350%2C200","width":350,"height":200,"srcset":"https:\/\/i0.wp.com\/www.24baires.com\/wp-content\/uploads\/2012\/12\/fiesta-popular1.jpg?resize=350%2C200 1x, https:\/\/i0.wp.com\/www.24baires.com\/wp-content\/uploads\/2012\/12\/fiesta-popular1.jpg?resize=525%2C300 1.5x"},"classes":[]},{"id":45067,"url":"http:\/\/www.24baires.com\/?p=45067","url_meta":{"origin":66483,"position":4},"title":"Baile y alegr\u00eda con los Aut\u00e9nticos Decadentes en los 213 a\u00f1os de Ensenada","author":"Grupo Sierra","date":"30\/04\/2014","format":false,"excerpt":"El grupo participar\u00e1 de los festejos por el aniversario de fundaci\u00f3n de la ciudad bonaerense con un festival que se las trae. Este 5 de mayo se dar\u00e1 un programa de actividades libres y gratuitas. Las actividades conmemorativas dar\u00e1n inicio por la ma\u00f1ana, con el izamiento de la bandera en\u2026","rel":"","context":"En \u00abLocales\u00bb","block_context":{"text":"Locales","link":"http:\/\/www.24baires.com\/?cat=38"},"img":{"alt_text":"ensenada","src":"https:\/\/i0.wp.com\/www.24baires.com\/wp-content\/uploads\/2014\/04\/ensenada1-300x193.jpg?resize=350%2C200","width":350,"height":200},"classes":[]},{"id":58580,"url":"http:\/\/www.24baires.com\/?p=58580","url_meta":{"origin":66483,"position":5},"title":"A pesar de la lluvia, miles de personas celebran la Democracia","author":"Grupo Sierra","date":"13\/12\/2014","format":false,"excerpt":"Despu\u00e9s de soportar las primeras lluvias de la tarde y resguardarse en los laterales, los manifestantes vuelven a disfrutar de la jornada que ser\u00e1 cerrada cerca de las 20 con un discurso de la presidenta Cristina Fern\u00e1ndez de Kirchner. Miles de personas identificadas con banderas y pancartas de agrupaciones pol\u00edticas,\u2026","rel":"","context":"En \u00abSociedad\u00bb","block_context":{"text":"Sociedad","link":"http:\/\/www.24baires.com\/?cat=1"},"img":{"alt_text":"","src":"https:\/\/i0.wp.com\/www.24baires.com\/wp-content\/uploads\/2014\/12\/democracia-acto.jpg?resize=350%2C200","width":350,"height":200,"srcset":"https:\/\/i0.wp.com\/www.24baires.com\/wp-content\/uploads\/2014\/12\/democracia-acto.jpg?resize=350%2C200 1x, https:\/\/i0.wp.com\/www.24baires.com\/wp-content\/uploads\/2014\/12\/democracia-acto.jpg?resize=525%2C300 1.5x"},"classes":[]}],"jetpack_sharing_enabled":true,"jetpack_likes_enabled":true,"jetpack_featured_media_url":"","_links":{"self":[{"href":"http:\/\/www.24baires.com\/index.php?rest_route=\/wp\/v2\/posts\/66483","targetHints":{"allow":["GET"]}}],"collection":[{"href":"http:\/\/www.24baires.com\/index.php?rest_route=\/wp\/v2\/posts"}],"about":[{"href":"http:\/\/www.24baires.com\/index.php?rest_route=\/wp\/v2\/types\/post"}],"author":[{"embeddable":true,"href":"http:\/\/www.24baires.com\/index.php?rest_route=\/wp\/v2\/users\/8"}],"replies":[{"embeddable":true,"href":"http:\/\/www.24baires.com\/index.php?rest_route=%2Fwp%2Fv2%2Fcomments&post=66483"}],"version-history":[{"count":1,"href":"http:\/\/www.24baires.com\/index.php?rest_route=\/wp\/v2\/posts\/66483\/revisions"}],"predecessor-version":[{"id":66485,"href":"http:\/\/www.24baires.com\/index.php?rest_route=\/wp\/v2\/posts\/66483\/revisions\/66485"}],"wp:attachment":[{"href":"http:\/\/www.24baires.com\/index.php?rest_route=%2Fwp%2Fv2%2Fmedia&parent=66483"}],"wp:term":[{"taxonomy":"category","embeddable":true,"href":"http:\/\/www.24baires.com\/index.php?rest_route=%2Fwp%2Fv2%2Fcategories&post=66483"},{"taxonomy":"post_tag","embeddable":true,"href":"http:\/\/www.24baires.com\/index.php?rest_route=%2Fwp%2Fv2%2Ftags&post=66483"}],"curies":[{"name":"wp","href":"https:\/\/api.w.org\/{rel}","templated":true}]}}