{"id":66431,"date":"2015-05-23T18:35:06","date_gmt":"2015-05-23T21:35:06","guid":{"rendered":"http:\/\/www.24baires.com\/?p=66431"},"modified":"2015-05-23T18:35:06","modified_gmt":"2015-05-23T21:35:06","slug":"solo-un-militante-con-coraje-e-independencia-cuidara-los-logros-de-estos-12-anos","status":"publish","type":"post","link":"http:\/\/www.24baires.com\/?p=66431","title":{"rendered":"\u201cS\u00f3lo un militante con coraje e independencia cuidar\u00e1 los logros de estos 12 a\u00f1os\u00bb"},"content":{"rendered":"<p><img data-recalc-dims=\"1\" loading=\"lazy\" decoding=\"async\" src=\"https:\/\/i0.wp.com\/www.24baires.com\/wp-content\/uploads\/2014\/01\/randazzo-1.jpg?resize=560%2C333\" alt=\"randazzo 1\" width=\"560\" height=\"333\" class=\"aligncenter size-full wp-image-38437\" srcset=\"https:\/\/i0.wp.com\/www.24baires.com\/wp-content\/uploads\/2014\/01\/randazzo-1.jpg?w=560 560w, https:\/\/i0.wp.com\/www.24baires.com\/wp-content\/uploads\/2014\/01\/randazzo-1.jpg?resize=300%2C178 300w\" sizes=\"auto, (max-width: 560px) 100vw, 560px\" \/>El ministro del Interior y Transporte, Florencio Randazzo, visit\u00f3 la muestra popular Patria es Innovaci\u00f3n en el marco de los festejos por el 25 de mayo y destac\u00f3 que \u201cs\u00f3lo un militante, con coraje e independencia, como lo fue N\u00e9stor y lo es Cristina, ser\u00e1 capaz de cuidar los logros alcanzados por los argentinos en estos \u00faltimos 12 a\u00f1os\u201d.<!--more--><\/p>\n<p>Al recorrer la muestra instalada en la Avenida Diagonal Norte, Randazzo destac\u00f3 anoche que la fiesta patria est\u00e1 \u00ababierta a todos\u00bb y que los all\u00ed los visitantes tienen la posibilidad \u00abde conocer los adelantos que con mucho esfuerzo hemos alcanzado gracias a este gobierno, que todos los d\u00edas toma decisiones pensando \u00fanicamente en la gente\u201d.<\/p>\n<p>\u201cEntre otras cosas, se pueden visitar los modernos trenes 0 kil\u00f3metro que hemos adquirido gracias al esfuerzo de todos los argentinos y a una fuerte decisi\u00f3n pol\u00edtica de la presidenta Cristina Fern\u00e1ndez de Kirchner de renovar la totalidad de los trenes de pasajeros de nuestro pa\u00eds\u201d, detall\u00f3 el ministro.<\/p>\n<p>Randazzo dijo adem\u00e1s que \u201cel cari\u00f1o y el afecto que los visitantes manifiestan por la Presidenta, y este gobierno, sin duda muestra la voluntad de continuar por este camino, con este proyecto pol\u00edtico que ha transformado la vida de miles de argentinos\u201d.<\/p>\n","protected":false},"excerpt":{"rendered":"<p>El ministro del Interior y Transporte, Florencio Randazzo, visit\u00f3 la muestra popular Patria es Innovaci\u00f3n en el marco de los festejos por el 25 de mayo y destac\u00f3 que \u201cs\u00f3lo un militante, con coraje e independencia, como lo fue N\u00e9stor y lo es Cristina, ser\u00e1 capaz de cuidar los logros alcanzados por los argentinos en estos \u00faltimos 12 a\u00f1os\u201d.<\/p>\n","protected":false},"author":8,"featured_media":0,"comment_status":"open","ping_status":"open","sticky":false,"template":"","format":"standard","meta":{"_jetpack_newsletter_access":"","_jetpack_dont_email_post_to_subs":false,"_jetpack_newsletter_tier_id":0,"_jetpack_memberships_contains_paywalled_content":false,"_jetpack_memberships_contains_paid_content":false,"footnotes":""},"categories":[51],"tags":[],"class_list":["post-66431","post","type-post","status-publish","format-standard","hentry","category-politica"],"jetpack_shortlink":"https:\/\/wp.me\/p2JWE0-hht","jetpack-related-posts":[{"id":112373,"url":"http:\/\/www.24baires.com\/?p=112373","url_meta":{"origin":66431,"position":0},"title":"Fern\u00e1ndez tild\u00f3 al Gobierno de \u201cmalandras\u201d: \u00abAgarran el poder y lo usan para sus negocios\u00bb","author":"AF","date":"04\/10\/2019","format":false,"excerpt":"\u00a0JUN\u00cdN - \"Vamos a cumplir con las obligaciones que nos dejan estos malandras pero antes vamos a cumplir con nuestra gente\", sostuvo el candidato a presidente en su primer acto con Randazzo, a quien consider\u00f3 \"ministeriable\". De gira en la cuarta secci\u00f3n electoral, el candidato a presidente del Frente de\u2026","rel":"","context":"En \u00abPol\u00edtica\u00bb","block_context":{"text":"Pol\u00edtica","link":"http:\/\/www.24baires.com\/?cat=51"},"img":{"alt_text":"","src":"https:\/\/i0.wp.com\/www.24baires.com\/wp-content\/uploads\/2019\/10\/fern%C3%A1ndez-jun%C3%ADn.jpg?resize=350%2C200","width":350,"height":200,"srcset":"https:\/\/i0.wp.com\/www.24baires.com\/wp-content\/uploads\/2019\/10\/fern%C3%A1ndez-jun%C3%ADn.jpg?resize=350%2C200 1x, https:\/\/i0.wp.com\/www.24baires.com\/wp-content\/uploads\/2019\/10\/fern%C3%A1ndez-jun%C3%ADn.jpg?resize=525%2C300 1.5x"},"classes":[]},{"id":122660,"url":"http:\/\/www.24baires.com\/?p=122660","url_meta":{"origin":66431,"position":1},"title":"Gran remontada de La Libertad Avanza que se impuso por medio punto al peronismo en la Provincia","author":"GB","date":"27\/10\/2025","format":false,"excerpt":"Los libertarios lograron un fuerte repunte tras la derrota de septiembre. Pelea voto a voto con Fuerza Patria. La Libertad Avanza logr\u00f3 una sensible recuperaci\u00f3n tras la derrota de 13 puntos en el mes de septiembre en la provincia de Buenos Aires y se impuso este domingo por 0,5% al\u2026","rel":"","context":"En \u00abElecciones\u00bb","block_context":{"text":"Elecciones","link":"http:\/\/www.24baires.com\/?cat=316"},"img":{"alt_text":"","src":"https:\/\/i0.wp.com\/www.24baires.com\/wp-content\/uploads\/2025\/10\/lla.jpg?resize=350%2C200","width":350,"height":200,"srcset":"https:\/\/i0.wp.com\/www.24baires.com\/wp-content\/uploads\/2025\/10\/lla.jpg?resize=350%2C200 1x, https:\/\/i0.wp.com\/www.24baires.com\/wp-content\/uploads\/2025\/10\/lla.jpg?resize=525%2C300 1.5x, https:\/\/i0.wp.com\/www.24baires.com\/wp-content\/uploads\/2025\/10\/lla.jpg?resize=700%2C400 2x, https:\/\/i0.wp.com\/www.24baires.com\/wp-content\/uploads\/2025\/10\/lla.jpg?resize=1050%2C600 3x"},"classes":[]},{"id":103228,"url":"http:\/\/www.24baires.com\/?p=103228","url_meta":{"origin":66431,"position":2},"title":"Macri reconoci\u00f3 en Tucum\u00e1n que su propia gesti\u00f3n aport\u00f3 a la \u201ctormenta\u201d que hoy transita el pa\u00eds","author":"GB","date":"09\/07\/2018","format":false,"excerpt":"Sin el tradicional desfile militar en la avenida 9 de Julio, el Presidente hizo un viaje rel\u00e1mpago al norte del pa\u00eds. En su discurso por el D\u00eda de la Independencia, el Presidente acept\u00f3 el mal momento de Argentina y lo atribuy\u00f3 a su propio gobierno, las incidencias externas y gestiones\u2026","rel":"","context":"En \u00abPol\u00edtica\u00bb","block_context":{"text":"Pol\u00edtica","link":"http:\/\/www.24baires.com\/?cat=51"},"img":{"alt_text":"","src":"https:\/\/i0.wp.com\/www.24baires.com\/wp-content\/uploads\/2018\/07\/macri-tucuman.jpeg?resize=350%2C200","width":350,"height":200,"srcset":"https:\/\/i0.wp.com\/www.24baires.com\/wp-content\/uploads\/2018\/07\/macri-tucuman.jpeg?resize=350%2C200 1x, https:\/\/i0.wp.com\/www.24baires.com\/wp-content\/uploads\/2018\/07\/macri-tucuman.jpeg?resize=525%2C300 1.5x"},"classes":[]},{"id":62878,"url":"http:\/\/www.24baires.com\/?p=62878","url_meta":{"origin":66431,"position":3},"title":"Randazzo apoy\u00f3 la candidatura de Recalde para jefe de Gobierno porte\u00f1o","author":"GB","date":"09\/03\/2015","format":false,"excerpt":"El ministro de Interior y Transporte, Florencio Randazzo, expres\u00f3 hoy su apoyo al precandidato a jefe de gobierno porte\u00f1o por el Frente para la Victoria, Mariano Recalde, y asegur\u00f3 que \u201ces un buen compa\u00f1ero que acompa\u00f1a\u201d el proyecto de Cristina Fern\u00e1ndez de Kirchner. \u201cMe gusta mucho Mariano Recalde, es un\u2026","rel":"","context":"En \u00abElecciones 2015\u00bb","block_context":{"text":"Elecciones 2015","link":"http:\/\/www.24baires.com\/?cat=74"},"img":{"alt_text":"randazzo 1","src":"https:\/\/i0.wp.com\/www.24baires.com\/wp-content\/uploads\/2014\/01\/randazzo-1.jpg?resize=350%2C200","width":350,"height":200,"srcset":"https:\/\/i0.wp.com\/www.24baires.com\/wp-content\/uploads\/2014\/01\/randazzo-1.jpg?resize=350%2C200 1x, https:\/\/i0.wp.com\/www.24baires.com\/wp-content\/uploads\/2014\/01\/randazzo-1.jpg?resize=525%2C300 1.5x"},"classes":[]},{"id":100697,"url":"http:\/\/www.24baires.com\/?p=100697","url_meta":{"origin":66431,"position":4},"title":"Sol\u00e1: \u00abMassa va a tener que sumarse a la unidad del peronismo\u00bb","author":"GB","date":"23\/02\/2018","format":false,"excerpt":"El diputado nacional del FR sostuvo que \"lo importante es la unidad para enfrentar al neoliberalismo\". En medio de la discusi\u00f3n por la unidad del PJ de cara al 2019, el diputado nacional Felipe Sol\u00e1 presion\u00f3 a su actual jefe pol\u00edtico Sergio Massa para que haga a un lado sus\u2026","rel":"","context":"En \u00abPol\u00edtica\u00bb","block_context":{"text":"Pol\u00edtica","link":"http:\/\/www.24baires.com\/?cat=51"},"img":{"alt_text":"","src":"https:\/\/i0.wp.com\/www.24baires.com\/wp-content\/uploads\/2014\/07\/felipe-sol%C3%A1.jpg?resize=350%2C200","width":350,"height":200,"srcset":"https:\/\/i0.wp.com\/www.24baires.com\/wp-content\/uploads\/2014\/07\/felipe-sol%C3%A1.jpg?resize=350%2C200 1x, https:\/\/i0.wp.com\/www.24baires.com\/wp-content\/uploads\/2014\/07\/felipe-sol%C3%A1.jpg?resize=525%2C300 1.5x"},"classes":[]},{"id":120603,"url":"http:\/\/www.24baires.com\/?p=120603","url_meta":{"origin":66431,"position":5},"title":"Cristina, de cara al balotaje: \u00abDe ac\u00e1 al 19 pongamos todo el esfuerzo\u00bb","author":"GB","date":"30\/10\/2023","format":false,"excerpt":"Ante el cruce que tendr\u00e1 como protagonistas a Sergio Massa y Javier Milei, la referente del kirchnerismo inst\u00f3 a la militancia a luchar por \"el triunfo de Uni\u00f3n por la Patria\". De cara al balotaje del pr\u00f3ximo 19 de noviembre, la vicepresidenta Cristina Kirchner pidi\u00f3 a la militancia que haga\u2026","rel":"","context":"En \u00abElecciones\u00bb","block_context":{"text":"Elecciones","link":"http:\/\/www.24baires.com\/?cat=316"},"img":{"alt_text":"","src":"https:\/\/i0.wp.com\/www.24baires.com\/wp-content\/uploads\/2022\/09\/cristinakirchnerjpg.jpg?resize=350%2C200","width":350,"height":200,"srcset":"https:\/\/i0.wp.com\/www.24baires.com\/wp-content\/uploads\/2022\/09\/cristinakirchnerjpg.jpg?resize=350%2C200 1x, https:\/\/i0.wp.com\/www.24baires.com\/wp-content\/uploads\/2022\/09\/cristinakirchnerjpg.jpg?resize=525%2C300 1.5x, https:\/\/i0.wp.com\/www.24baires.com\/wp-content\/uploads\/2022\/09\/cristinakirchnerjpg.jpg?resize=700%2C400 2x"},"classes":[]}],"jetpack_sharing_enabled":true,"jetpack_likes_enabled":true,"jetpack_featured_media_url":"","_links":{"self":[{"href":"http:\/\/www.24baires.com\/index.php?rest_route=\/wp\/v2\/posts\/66431","targetHints":{"allow":["GET"]}}],"collection":[{"href":"http:\/\/www.24baires.com\/index.php?rest_route=\/wp\/v2\/posts"}],"about":[{"href":"http:\/\/www.24baires.com\/index.php?rest_route=\/wp\/v2\/types\/post"}],"author":[{"embeddable":true,"href":"http:\/\/www.24baires.com\/index.php?rest_route=\/wp\/v2\/users\/8"}],"replies":[{"embeddable":true,"href":"http:\/\/www.24baires.com\/index.php?rest_route=%2Fwp%2Fv2%2Fcomments&post=66431"}],"version-history":[{"count":1,"href":"http:\/\/www.24baires.com\/index.php?rest_route=\/wp\/v2\/posts\/66431\/revisions"}],"predecessor-version":[{"id":66432,"href":"http:\/\/www.24baires.com\/index.php?rest_route=\/wp\/v2\/posts\/66431\/revisions\/66432"}],"wp:attachment":[{"href":"http:\/\/www.24baires.com\/index.php?rest_route=%2Fwp%2Fv2%2Fmedia&parent=66431"}],"wp:term":[{"taxonomy":"category","embeddable":true,"href":"http:\/\/www.24baires.com\/index.php?rest_route=%2Fwp%2Fv2%2Fcategories&post=66431"},{"taxonomy":"post_tag","embeddable":true,"href":"http:\/\/www.24baires.com\/index.php?rest_route=%2Fwp%2Fv2%2Ftags&post=66431"}],"curies":[{"name":"wp","href":"https:\/\/api.w.org\/{rel}","templated":true}]}}