{"id":66428,"date":"2015-05-23T16:58:28","date_gmt":"2015-05-23T19:58:28","guid":{"rendered":"http:\/\/www.24baires.com\/?p=66428"},"modified":"2015-05-23T16:58:28","modified_gmt":"2015-05-23T19:58:28","slug":"scioli-elogio-a-recalde-y-dijo-que-expresa-la-busqueda-de-la-igualdad-en-la-ciudad","status":"publish","type":"post","link":"http:\/\/www.24baires.com\/?p=66428","title":{"rendered":"Scioli elogi\u00f3 a Recalde y dijo que \u00abexpresa la b\u00fasqueda de la igualdad\u00bb en la Ciudad"},"content":{"rendered":"<p><img data-recalc-dims=\"1\" loading=\"lazy\" decoding=\"async\" class=\"aligncenter size-full wp-image-62506\" src=\"https:\/\/i0.wp.com\/www.24baires.com\/wp-content\/uploads\/2015\/03\/scioli-congreso.png?resize=560%2C314\" alt=\"scioli congreso\" width=\"560\" height=\"314\" srcset=\"https:\/\/i0.wp.com\/www.24baires.com\/wp-content\/uploads\/2015\/03\/scioli-congreso.png?w=560 560w, https:\/\/i0.wp.com\/www.24baires.com\/wp-content\/uploads\/2015\/03\/scioli-congreso.png?resize=300%2C168 300w\" sizes=\"auto, (max-width: 560px) 100vw, 560px\" \/>El gobernador Bonaerense y precandidato a presidente por el FpV particip\u00f3 de una recorrida por Lugano junto a Mariano Recalde y se\u00f1al\u00f3 al titular de Aerol\u00edneas Argentinas como \u00abel que expresa es la b\u00fasqueda de la igualdad, de las oportunidades, del mejoramiento de lo publico, de la vivienda y el transporte\u00bb.<!--more--><\/p>\n<p>Los dirigentes kirchneristas recorrieron este mediod\u00eda los complejos Lugano I y II, para luego visitar las instalaciones del vecino Club Yupanqui, y en ese contexto destacaron la necesidad de complentar acciones entre la Ciudad y la Provincia en lo llamaron como una \u00abagenda metropolitana\u00bb.<\/p>\n<p>Al ser consultado por la interna en la que competir\u00e1 Scioli contra el ministro de Interior Florencio Randazzo, Recalde afirm\u00f3 que el kirchnerismo busca \u00abseguir gobernando para profundizar y no volver nunca mas a los 90\u00bb y explic\u00f3 que en las PASO va votar \u00abdentro del Frente\u00bb para luego \u00abacompa\u00f1ar al que gane las primarias\u00bb.<\/p>\n<p>Durante la recorrida por los complejos habitacionales, el mandatario bonaerense record\u00f3 que ese lugar fue el escenario de su lanzamiento pol\u00edtico y se mostr\u00f3 sorprendido por que \u00abno ha cambiado mucho\u00bb respecto de aquellos a\u00f1os.<\/p>\n<p>\u00ab(Proponemos) un rol social activo del Estado que buscamos que se proyecte en la Ciudad\u00bb, se\u00f1al\u00f3 Scioli, quien adem\u00e1s ponder\u00f3 la gesti\u00f3n de Recalde en Aerol\u00edneas: \u00abMariano es un hombre que viene demostrando a trav\u00e9s de su gesti\u00f3n un compromiso con la integraci\u00f3n, con la b\u00fasqueda de eficiencia. Yo sufr\u00eda cuando era secretario de Turismo la falta de conectividad que significaba tener menos turistas y menos trabajo\u00bb.<\/p>\n<p>El precandidato presidencial evit\u00f3 referirse a las situaciones de otros partidos y dijo que kirchnerismo es el \u00abespacio m\u00e1s coherente\u00bb.<\/p>\n<p>Momentos despu\u00e9s, mientras recorr\u00edan el Club Yupanqui, los dirigentes ponderaron el accionar de ese tipo de instituciones para mejorar la vida de los habitantes del lugar.<\/p>\n<p>\u00abLos clubes son un instrumento fundamental para la integraci\u00f3n social, para la formaci\u00f3n. Venimos recorriendo tambi\u00e9n los centros culturales, las escuelas, porque queremos tener una opini\u00f3n directa de lo que esta sucediendo, para mejorar nuestra propuesta\u00bb, explic\u00f3 Recalde.<\/p>\n<p>Al ser consultado por la relaci\u00f3n entre la Ciudad y la Provincia en materia sanitaria, el candidato dijo que \u00abno tiene nada que ver un limite geogr\u00e1fico o pol\u00edtico con la atenci\u00f3n de la salud, porque es un tema que no reconoce fronteras\u00bb.<\/p>\n<p>Acompa\u00f1ando a Scioli y a Recalde se encontraba el ministro de Trabajo y candidato a primer legislador, Carlos Tomada, qui\u00e9n se refiri\u00f3 al sur de la Ciudad como ese espacio \u00abdonde se vuelve constantemente, que convoca a los peronistas porque evoca todas las tradiciones y las carencias\u00bb.<\/p>\n<p>\u00abEste barrio es de los que no aparecen en las publicidades, que no aparece pintado de amarillo, que parece que fuera invisible para una pol\u00edtica que ha &#8216;sectarizado&#8217; a la Ciudad de Buenos Aires. Pensamos que desde la legislatura podemos dar respuestas\u00bb, concluy\u00f3.<\/p>\n<p>&nbsp;<\/p>\n<p>&nbsp;<\/p>\n<p>&nbsp;<\/p>\n<p>&nbsp;<\/p>\n<p>&nbsp;<\/p>\n<p>&nbsp;<\/p>\n<p>&nbsp;<\/p>\n<p>&nbsp;<\/p>\n<p>&nbsp;<\/p>\n<p>&nbsp;<\/p>\n<p>&nbsp;<\/p>\n<p>&nbsp;<\/p>\n<p>&nbsp;<\/p>\n<p>&nbsp;<\/p>\n<p>&nbsp;<\/p>\n<p>&nbsp;<\/p>\n<p>&nbsp;<\/p>\n","protected":false},"excerpt":{"rendered":"<p>El gobernador Bonaerense y precandidato a presidente por el FpV particip\u00f3 de una recorrida por Lugano junto a Mariano Recalde y se\u00f1al\u00f3 al titular de Aerol\u00edneas Argentinas como \u00abel que expresa es la b\u00fasqueda de la igualdad, de las oportunidades, del mejoramiento de lo publico, de la vivienda y el transporte\u00bb.<\/p>\n","protected":false},"author":8,"featured_media":0,"comment_status":"open","ping_status":"open","sticky":false,"template":"","format":"standard","meta":{"_jetpack_newsletter_access":"","_jetpack_dont_email_post_to_subs":false,"_jetpack_newsletter_tier_id":0,"_jetpack_memberships_contains_paywalled_content":false,"_jetpack_memberships_contains_paid_content":false,"footnotes":""},"categories":[51],"tags":[],"class_list":["post-66428","post","type-post","status-publish","format-standard","hentry","category-politica"],"jetpack_shortlink":"https:\/\/wp.me\/p2JWE0-hhq","jetpack-related-posts":[{"id":68491,"url":"http:\/\/www.24baires.com\/?p=68491","url_meta":{"origin":66428,"position":0},"title":"Cristina y Recalde visitaron la Villa 20 de Lugano","author":"GB","date":"02\/07\/2015","format":false,"excerpt":"Junto al candidato a jefe de Gobierno porte\u00f1o, Cristina recorri\u00f3 un centro de \"Proyecto de Comunidad\" y dialog\u00f3 con los ni\u00f1os y j\u00f3venes que participan del programa \"Rob\u00f3tica para Educar\", relacionado con la apropiaci\u00f3n popular de la tecnolog\u00eda. Cristina Fern\u00e1ndez de Kirchner recorri\u00f3 la Villa 20 de la Ciudad de\u2026","rel":"","context":"En \u00abPol\u00edtica\u00bb","block_context":{"text":"Pol\u00edtica","link":"http:\/\/www.24baires.com\/?cat=51"},"img":{"alt_text":"","src":"https:\/\/i0.wp.com\/www.24baires.com\/wp-content\/uploads\/2015\/07\/cristina-recalde.jpg?resize=350%2C200","width":350,"height":200,"srcset":"https:\/\/i0.wp.com\/www.24baires.com\/wp-content\/uploads\/2015\/07\/cristina-recalde.jpg?resize=350%2C200 1x, https:\/\/i0.wp.com\/www.24baires.com\/wp-content\/uploads\/2015\/07\/cristina-recalde.jpg?resize=525%2C300 1.5x"},"classes":[]},{"id":62858,"url":"http:\/\/www.24baires.com\/?p=62858","url_meta":{"origin":66428,"position":1},"title":"El Gobernador neg\u00f3 que desde el kirchnerismo hayan \u00abbajado\u00bb a Marangoni","author":"AF","date":"09\/03\/2015","format":false,"excerpt":"El gobernador bonaerense, Daniel Scioli, evit\u00f3 confrontar con el kirchnerismo, luego que en el cierre de listas en la Ciudad de Buenos Aires, el FpV decidiera marginar la candidatura del presidente del Banco Provincia, Gustavo Marangoni, que ni siquiera logr\u00f3 un lugar en la n\u00f3mina de legisladores. \"Marangoni, que es\u2026","rel":"","context":"En \u00abPol\u00edtica\u00bb","block_context":{"text":"Pol\u00edtica","link":"http:\/\/www.24baires.com\/?cat=51"},"img":{"alt_text":"","src":"","width":0,"height":0},"classes":[]},{"id":68523,"url":"http:\/\/www.24baires.com\/?p=68523","url_meta":{"origin":66428,"position":2},"title":"Candidatos a jefe de gobierno porte\u00f1o cerraron sus campa\u00f1as","author":"GB","date":"02\/07\/2015","format":false,"excerpt":"Los cinco candidatos a jefe de gobierno porte\u00f1o -Horacio Rodriguez Larreta (PRO), Mariano Recalde (FpV), Mart\u00edn Lousteau (ECO), Myriam Bregman (FIT) y Luis Zamora (AyL)- cerraron hoy sus respectivas campa\u00f1as proselitistas de cara a las elecciones del pr\u00f3ximo domingo para las que est\u00e1n habilitados para votar m\u00e1s de dos millones\u2026","rel":"","context":"En \u00abElecciones 2015\u00bb","block_context":{"text":"Elecciones 2015","link":"http:\/\/www.24baires.com\/?cat=74"},"img":{"alt_text":"","src":"","width":0,"height":0},"classes":[]},{"id":63158,"url":"http:\/\/www.24baires.com\/?p=63158","url_meta":{"origin":66428,"position":3},"title":"Recalde: \u00abSomos una fuerza muy homog\u00e9nea, con una identidad clara\u00bb","author":"GB","date":"15\/03\/2015","format":false,"excerpt":"El precandidato a jefe de Gobierno porte\u00f1o por el FPV, Mariano Recalde, destac\u00f3 la \u201cdiversidad y pluralidad\u201d que compone al kirchnerismo local. \"Soy el que m\u00e1s fuerza tiene para darle pelea al macrismo\", agreg\u00f3. El precandidato a jefe de Gobierno porte\u00f1o por el Frente para la Victoria, Mariano Recalde destac\u00f3\u2026","rel":"","context":"En \u00abElecciones 2015\u00bb","block_context":{"text":"Elecciones 2015","link":"http:\/\/www.24baires.com\/?cat=74"},"img":{"alt_text":"cristina recalde avi\u00f3n aerol\u00edneas","src":"https:\/\/i0.wp.com\/www.24baires.com\/wp-content\/uploads\/2015\/03\/cristina-recalde-avi%C3%B3n-aerol%C3%ADneas.jpg?resize=350%2C200","width":350,"height":200,"srcset":"https:\/\/i0.wp.com\/www.24baires.com\/wp-content\/uploads\/2015\/03\/cristina-recalde-avi%C3%B3n-aerol%C3%ADneas.jpg?resize=350%2C200 1x, https:\/\/i0.wp.com\/www.24baires.com\/wp-content\/uploads\/2015\/03\/cristina-recalde-avi%C3%B3n-aerol%C3%ADneas.jpg?resize=525%2C300 1.5x"},"classes":[]},{"id":62976,"url":"http:\/\/www.24baires.com\/?p=62976","url_meta":{"origin":66428,"position":4},"title":"Recalde: \u00abScioli y Randazzo pueden continuar con este proyecto pol\u00edtico\u00bb","author":"AF","date":"11\/03\/2015","format":false,"excerpt":"El precandidato a jefe de Gobierno porte\u00f1o por el Frente para la Victoria afirm\u00f3 hoy que La C\u00e1mpora no va a \"emitir opini\u00f3n\" sobre qui\u00e9n debe ser el candidato presidencial del kirchnerismo. \"Esa es nuestra postura por ahora. No vamos a emitir una opini\u00f3n si Cristina no lo hace primero\",\u2026","rel":"","context":"En \u00abPol\u00edtica\u00bb","block_context":{"text":"Pol\u00edtica","link":"http:\/\/www.24baires.com\/?cat=51"},"img":{"alt_text":"recalde hijo","src":"https:\/\/i0.wp.com\/www.24baires.com\/wp-content\/uploads\/2013\/07\/recalde-hijo-300x180.jpg?resize=350%2C200","width":350,"height":200},"classes":[]},{"id":68642,"url":"http:\/\/www.24baires.com\/?p=68642","url_meta":{"origin":66428,"position":5},"title":"Recalde: \u201cEl FpV va seguir creciendo para profundizar este camino\u00bb","author":"GB","date":"05\/07\/2015","format":false,"excerpt":"El candidato a jefe de Gobierno por el FpV destac\u00f3 el resultado electoral y se\u00f1al\u00f3 que \u2013si bien- le hubiera gustado \u201ctener m\u00e1s tiempo para un balotaje distinto, esta la fuerza pol\u00edtica que muchos quer\u00edan dar por muerta va a seguir creciendo\u201d. El candidato a jefe de Gobierno porte\u00f1o del\u2026","rel":"","context":"En \u00abElecciones 2015\u00bb","block_context":{"text":"Elecciones 2015","link":"http:\/\/www.24baires.com\/?cat=74"},"img":{"alt_text":"mariano recalde","src":"https:\/\/i0.wp.com\/www.24baires.com\/wp-content\/uploads\/2015\/07\/mariano-recalde.jpg?resize=350%2C200","width":350,"height":200},"classes":[]}],"jetpack_sharing_enabled":true,"jetpack_likes_enabled":true,"jetpack_featured_media_url":"","_links":{"self":[{"href":"http:\/\/www.24baires.com\/index.php?rest_route=\/wp\/v2\/posts\/66428","targetHints":{"allow":["GET"]}}],"collection":[{"href":"http:\/\/www.24baires.com\/index.php?rest_route=\/wp\/v2\/posts"}],"about":[{"href":"http:\/\/www.24baires.com\/index.php?rest_route=\/wp\/v2\/types\/post"}],"author":[{"embeddable":true,"href":"http:\/\/www.24baires.com\/index.php?rest_route=\/wp\/v2\/users\/8"}],"replies":[{"embeddable":true,"href":"http:\/\/www.24baires.com\/index.php?rest_route=%2Fwp%2Fv2%2Fcomments&post=66428"}],"version-history":[{"count":1,"href":"http:\/\/www.24baires.com\/index.php?rest_route=\/wp\/v2\/posts\/66428\/revisions"}],"predecessor-version":[{"id":66429,"href":"http:\/\/www.24baires.com\/index.php?rest_route=\/wp\/v2\/posts\/66428\/revisions\/66429"}],"wp:attachment":[{"href":"http:\/\/www.24baires.com\/index.php?rest_route=%2Fwp%2Fv2%2Fmedia&parent=66428"}],"wp:term":[{"taxonomy":"category","embeddable":true,"href":"http:\/\/www.24baires.com\/index.php?rest_route=%2Fwp%2Fv2%2Fcategories&post=66428"},{"taxonomy":"post_tag","embeddable":true,"href":"http:\/\/www.24baires.com\/index.php?rest_route=%2Fwp%2Fv2%2Ftags&post=66428"}],"curies":[{"name":"wp","href":"https:\/\/api.w.org\/{rel}","templated":true}]}}