{"id":66396,"date":"2015-05-22T19:20:32","date_gmt":"2015-05-22T22:20:32","guid":{"rendered":"http:\/\/www.24baires.com\/?p=66396"},"modified":"2015-05-24T11:13:00","modified_gmt":"2015-05-24T14:13:00","slug":"putin-envio-una-carta-a-cristina-destacando-los-logros-de-argentina","status":"publish","type":"post","link":"http:\/\/www.24baires.com\/?p=66396","title":{"rendered":"Putin envi\u00f3 una carta a Cristina destacando los \u00ablogros\u00bb de Argentina"},"content":{"rendered":"<p><img data-recalc-dims=\"1\" loading=\"lazy\" decoding=\"async\" class=\"aligncenter size-full wp-image-49741\" src=\"https:\/\/i0.wp.com\/www.24baires.com\/wp-content\/uploads\/2014\/07\/putin-cristina.jpg?resize=560%2C371\" alt=\"putin cristina\" width=\"560\" height=\"371\" srcset=\"https:\/\/i0.wp.com\/www.24baires.com\/wp-content\/uploads\/2014\/07\/putin-cristina.jpg?w=560 560w, https:\/\/i0.wp.com\/www.24baires.com\/wp-content\/uploads\/2014\/07\/putin-cristina.jpg?resize=300%2C198 300w\" sizes=\"auto, (max-width: 560px) 100vw, 560px\" \/>El presidente de la Federaci\u00f3n Rusa, Vladimir Putin, felicit\u00f3 a la presidenta Cristina Fern\u00e1ndez de Kirchner por el aniversario de la Revoluci\u00f3n de Mayo, que se cumple el lunes pr\u00f3ximo, y destac\u00f3 que \u00ablos logros de la Argentina en los campos econ\u00f3mico-social y cient\u00edfico-t\u00e9cnico, son generalmente reconocidos\u00bb.<!--more--><\/p>\n<p>Adem\u00e1s, Putin resalt\u00f3 que Argentina \u00abdesempe\u00f1a un papel creciente en soluci\u00f3n de temas actuales de la agenda global y regional\u00bb.<\/p>\n<p>El texto enviado por el jefe de Estado ruso, es el siguiente:<\/p>\n<p>\u00abExcelent\u00edsima Se\u00f1ora Presidente: La felicito cordialmente a Usted con motivo de la Fiesta Nacional &#8211; el D\u00eda de la Revoluci\u00f3n de Mayo.<\/p>\n<p>Los logros de Argentina en los campos econ\u00f3mico-social y cient\u00edfico-t\u00e9cnico son generalmente reconocidos. Su pa\u00eds desempe\u00f1a un papel creciente en soluci\u00f3n de temas actuales de la agenda global y regional.<\/p>\n<p>Las relaciones ruso-argentinas est\u00e1n en muy alto nivel que confirmaron integralmente los resultados de Su \u00faltima visita a Mosc\u00fa.<\/p>\n<p>Estoy convencido de que garantizaremos con esfuerzos mancomunados la intensificaci\u00f3n ulterior de la cooperaci\u00f3n bilateral constructiva en todos los sentidos, as\u00ed como la coordinaci\u00f3n eficaz de los esfuerzos en asuntos internacionales. Ello corresponde a los intereses fundamentales de nuestros pueblos amistosos, viene en el curso del fortalecimiento de estabilidad y seguridad en Am\u00e9rica Latina y el mundo entero.<\/p>\n<p>Con toda mi alma le deseo salud y nuevos \u00e9xitos, y a todos sus compatriotas- bienestar y prosperidad. Atentamente, V.Putin\u00bb.<\/p>\n","protected":false},"excerpt":{"rendered":"<p>El presidente de la Federaci\u00f3n Rusa, Vladimir Putin, felicit\u00f3 a la presidenta Cristina Fern\u00e1ndez de Kirchner por el aniversario de la Revoluci\u00f3n de Mayo, que se cumple el lunes pr\u00f3ximo, y destac\u00f3 que \u00ablos logros de la Argentina en los campos econ\u00f3mico-social y cient\u00edfico-t\u00e9cnico, son generalmente reconocidos\u00bb.<\/p>\n","protected":false},"author":8,"featured_media":0,"comment_status":"open","ping_status":"open","sticky":false,"template":"","format":"standard","meta":{"_jetpack_newsletter_access":"","_jetpack_dont_email_post_to_subs":false,"_jetpack_newsletter_tier_id":0,"_jetpack_memberships_contains_paywalled_content":false,"_jetpack_memberships_contains_paid_content":false,"footnotes":""},"categories":[51],"tags":[],"class_list":["post-66396","post","type-post","status-publish","format-standard","hentry","category-politica"],"jetpack_shortlink":"https:\/\/wp.me\/p2JWE0-hgU","jetpack-related-posts":[{"id":103555,"url":"http:\/\/www.24baires.com\/?p=103555","url_meta":{"origin":66396,"position":0},"title":"Macri se manifest\u00f3 en contra de las marchas contra la militarizaci\u00f3n del pa\u00eds","author":"AF","date":"26\/07\/2018","format":false,"excerpt":"El presidente ratific\u00f3 esta tarde el decreto para modificar las funciones de las Fuerzas Armadas.\"Queda claro que las Fuerzas Armadas no van a participar en la seguridad interior\", reiter\u00f3. El presidente Mauricio Macri ratific\u00f3 esta tarde el decreto para modificar las funciones de las Fuerzas Armadas y dijo que lo\u2026","rel":"","context":"En \u00abPol\u00edtica\u00bb","block_context":{"text":"Pol\u00edtica","link":"http:\/\/www.24baires.com\/?cat=51"},"img":{"alt_text":"","src":"https:\/\/i0.wp.com\/www.24baires.com\/wp-content\/uploads\/2018\/05\/macri-olivos.jpg?resize=350%2C200","width":350,"height":200,"srcset":"https:\/\/i0.wp.com\/www.24baires.com\/wp-content\/uploads\/2018\/05\/macri-olivos.jpg?resize=350%2C200 1x, https:\/\/i0.wp.com\/www.24baires.com\/wp-content\/uploads\/2018\/05\/macri-olivos.jpg?resize=525%2C300 1.5x"},"classes":[]},{"id":118457,"url":"http:\/\/www.24baires.com\/?p=118457","url_meta":{"origin":66396,"position":1},"title":"Alberto Fern\u00e1ndez viajar\u00e1 a Rusia y a China en febrero","author":"AF","date":"14\/01\/2022","format":false,"excerpt":"El Presidente realizar\u00e1 la gira el 3 y 4 de febrero pr\u00f3ximos. Primero visitar\u00e1 al l\u00edder ruso, tras lo cual se trasladar\u00e1 a China para asistir a la inauguraci\u00f3n de los Juegos Ol\u00edmpicos de Invierno en ese pa\u00eds. El presidente Alberto Fern\u00e1ndez mantendr\u00e1 una reuni\u00f3n con su par de Rusia,\u2026","rel":"","context":"En \u00abPol\u00edtica\u00bb","block_context":{"text":"Pol\u00edtica","link":"http:\/\/www.24baires.com\/?cat=51"},"img":{"alt_text":"","src":"https:\/\/i0.wp.com\/www.24baires.com\/wp-content\/uploads\/2022\/01\/61b3e113f3a2e_900.jpg?resize=350%2C200","width":350,"height":200,"srcset":"https:\/\/i0.wp.com\/www.24baires.com\/wp-content\/uploads\/2022\/01\/61b3e113f3a2e_900.jpg?resize=350%2C200 1x, https:\/\/i0.wp.com\/www.24baires.com\/wp-content\/uploads\/2022\/01\/61b3e113f3a2e_900.jpg?resize=525%2C300 1.5x"},"classes":[]},{"id":117687,"url":"http:\/\/www.24baires.com\/?p=117687","url_meta":{"origin":66396,"position":2},"title":"Argentina arranca la producci\u00f3n de Sputnik-Vida","author":"GB","date":"04\/06\/2021","format":false,"excerpt":"En Videconferencia conjunta, el presidente Alberto Fern\u00e1ndez y su par rusa, Vladimir Putin, brindar\u00e1n detalles sobre el acuerdo. El laboratorio Argentino Richmond logr\u00f3 la aprobaci\u00f3n del instituto Gamaleya y a partir de este fin de semana comenzar\u00e1 la producci\u00f3n local de la vacuna Sputnik-Vida, que utilizar\u00e1 la mimsa tecnolog\u00eda y\u2026","rel":"","context":"En \u00abPol\u00edtica\u00bb","block_context":{"text":"Pol\u00edtica","link":"http:\/\/www.24baires.com\/?cat=51"},"img":{"alt_text":"","src":"https:\/\/i0.wp.com\/www.24baires.com\/wp-content\/uploads\/2021\/06\/20210604072215_el-laboratorio-le-informo-al-presidente-el-plan-inversion-us80-millones.jpg?resize=350%2C200","width":350,"height":200,"srcset":"https:\/\/i0.wp.com\/www.24baires.com\/wp-content\/uploads\/2021\/06\/20210604072215_el-laboratorio-le-informo-al-presidente-el-plan-inversion-us80-millones.jpg?resize=350%2C200 1x, https:\/\/i0.wp.com\/www.24baires.com\/wp-content\/uploads\/2021\/06\/20210604072215_el-laboratorio-le-informo-al-presidente-el-plan-inversion-us80-millones.jpg?resize=525%2C300 1.5x"},"classes":[]},{"id":49740,"url":"http:\/\/www.24baires.com\/?p=49740","url_meta":{"origin":66396,"position":3},"title":"\u00abLos acuerdos firmados revelan el car\u00e1cter estrat\u00e9gico de nuestra relaci\u00f3n\u00bb","author":"AF","date":"12\/07\/2014","format":false,"excerpt":"La presidenta Cristina Fern\u00e1ndez de Kirchner afirm\u00f3 hoy que los acuerdos \"firmados revelan el car\u00e1cter estrat\u00e9gico de la relaci\u00f3n\" de la Argentina con la Federaci\u00f3n Rusa, y consider\u00f3 que \"los acontecimientos actuales revelan el acierto\" de las posturas que ambos pa\u00edses compartieron en la \u00faltima reuni\u00f3n del G20. Acompa\u00f1ada por\u2026","rel":"","context":"En \u00abInternacionales\u00bb","block_context":{"text":"Internacionales","link":"http:\/\/www.24baires.com\/?cat=73"},"img":{"alt_text":"","src":"https:\/\/i0.wp.com\/www.24baires.com\/wp-content\/uploads\/2014\/07\/putin-cristina.jpg?resize=350%2C200","width":350,"height":200,"srcset":"https:\/\/i0.wp.com\/www.24baires.com\/wp-content\/uploads\/2014\/07\/putin-cristina.jpg?resize=350%2C200 1x, https:\/\/i0.wp.com\/www.24baires.com\/wp-content\/uploads\/2014\/07\/putin-cristina.jpg?resize=525%2C300 1.5x"},"classes":[]},{"id":117695,"url":"http:\/\/www.24baires.com\/?p=117695","url_meta":{"origin":66396,"position":4},"title":"Este domingo llega el principio activo para comenzar la producci\u00f3n argentina de la Sputnik V","author":"AF","date":"05\/06\/2021","format":false,"excerpt":"Los dos mandatarios anunciaron la producci\u00f3n en Argentina de la vacuna rusa a trav\u00e9s de una videoconferencia realizada este viernes. \"Rusia ayud\u00f3 a Argentina a conseguir vacunas cuando el mundo no las estaba dando\", asegur\u00f3 Fern\u00e1ndez. Alberto Fern\u00e1ndez y su par de la Federaci\u00f3n Rusa, Vladimir Putin, anunciaron oficialmente el\u2026","rel":"","context":"En \u00abSociedad\u00bb","block_context":{"text":"Sociedad","link":"http:\/\/www.24baires.com\/?cat=1"},"img":{"alt_text":"","src":"https:\/\/i0.wp.com\/www.24baires.com\/wp-content\/uploads\/2021\/06\/60ba736e87a1f_1004x565.jpg?resize=350%2C200","width":350,"height":200,"srcset":"https:\/\/i0.wp.com\/www.24baires.com\/wp-content\/uploads\/2021\/06\/60ba736e87a1f_1004x565.jpg?resize=350%2C200 1x, https:\/\/i0.wp.com\/www.24baires.com\/wp-content\/uploads\/2021\/06\/60ba736e87a1f_1004x565.jpg?resize=525%2C300 1.5x"},"classes":[]},{"id":50111,"url":"http:\/\/www.24baires.com\/?p=50111","url_meta":{"origin":66396,"position":5},"title":"Putin, el socio clave","author":"AF","date":"17\/07\/2014","format":false,"excerpt":"En estos \u00faltimos d\u00edas el pa\u00eds recibi\u00f3 la visita de Vladimir Putin, que pas\u00f3 un poco desapercibida, no porque no revistiera de una importancia may\u00fascula, sino porque coincidi\u00f3 con la Final del Mundial. Y hay que destacar algunos puntos sobresalientes de este encuentro del primer mandatario ruso y nuestra presidenta,\u2026","rel":"","context":"En \u00abOpini\u00f3n\u00bb","block_context":{"text":"Opini\u00f3n","link":"http:\/\/www.24baires.com\/?cat=64"},"img":{"alt_text":"putin cristina","src":"https:\/\/i0.wp.com\/www.24baires.com\/wp-content\/uploads\/2014\/07\/putin-cristina.jpg?resize=350%2C200","width":350,"height":200,"srcset":"https:\/\/i0.wp.com\/www.24baires.com\/wp-content\/uploads\/2014\/07\/putin-cristina.jpg?resize=350%2C200 1x, https:\/\/i0.wp.com\/www.24baires.com\/wp-content\/uploads\/2014\/07\/putin-cristina.jpg?resize=525%2C300 1.5x"},"classes":[]}],"jetpack_sharing_enabled":true,"jetpack_likes_enabled":true,"jetpack_featured_media_url":"","_links":{"self":[{"href":"http:\/\/www.24baires.com\/index.php?rest_route=\/wp\/v2\/posts\/66396","targetHints":{"allow":["GET"]}}],"collection":[{"href":"http:\/\/www.24baires.com\/index.php?rest_route=\/wp\/v2\/posts"}],"about":[{"href":"http:\/\/www.24baires.com\/index.php?rest_route=\/wp\/v2\/types\/post"}],"author":[{"embeddable":true,"href":"http:\/\/www.24baires.com\/index.php?rest_route=\/wp\/v2\/users\/8"}],"replies":[{"embeddable":true,"href":"http:\/\/www.24baires.com\/index.php?rest_route=%2Fwp%2Fv2%2Fcomments&post=66396"}],"version-history":[{"count":1,"href":"http:\/\/www.24baires.com\/index.php?rest_route=\/wp\/v2\/posts\/66396\/revisions"}],"predecessor-version":[{"id":66397,"href":"http:\/\/www.24baires.com\/index.php?rest_route=\/wp\/v2\/posts\/66396\/revisions\/66397"}],"wp:attachment":[{"href":"http:\/\/www.24baires.com\/index.php?rest_route=%2Fwp%2Fv2%2Fmedia&parent=66396"}],"wp:term":[{"taxonomy":"category","embeddable":true,"href":"http:\/\/www.24baires.com\/index.php?rest_route=%2Fwp%2Fv2%2Fcategories&post=66396"},{"taxonomy":"post_tag","embeddable":true,"href":"http:\/\/www.24baires.com\/index.php?rest_route=%2Fwp%2Fv2%2Ftags&post=66396"}],"curies":[{"name":"wp","href":"https:\/\/api.w.org\/{rel}","templated":true}]}}