{"id":66392,"date":"2015-05-22T18:48:28","date_gmt":"2015-05-22T21:48:28","guid":{"rendered":"http:\/\/www.24baires.com\/?p=66392"},"modified":"2015-05-22T18:48:28","modified_gmt":"2015-05-22T21:48:28","slug":"para-el-candidato-del-pro-en-la-plata-a-travestis-hay-que-darles-ayuda-psicologica","status":"publish","type":"post","link":"http:\/\/www.24baires.com\/?p=66392","title":{"rendered":"Para el candidato del PRO en La Plata, a travestis hay que darles \u00abayuda psicol\u00f3gica\u00bb"},"content":{"rendered":"<p><img data-recalc-dims=\"1\" loading=\"lazy\" decoding=\"async\" class=\"aligncenter size-full wp-image-66393\" src=\"https:\/\/i0.wp.com\/www.24baires.com\/wp-content\/uploads\/2015\/05\/candidato-lp-pro.jpg?resize=560%2C498\" alt=\"candidato lp pro\" width=\"560\" height=\"498\" srcset=\"https:\/\/i0.wp.com\/www.24baires.com\/wp-content\/uploads\/2015\/05\/candidato-lp-pro.jpg?w=560 560w, https:\/\/i0.wp.com\/www.24baires.com\/wp-content\/uploads\/2015\/05\/candidato-lp-pro.jpg?resize=300%2C267 300w\" sizes=\"auto, (max-width: 560px) 100vw, 560px\" \/>Julio Garro, el elegido por Mauricio Macri para disputar la intendencia de La Plata, asegur\u00f3 adem\u00e1s que reconocer las identidades y expresiones de g\u00e9nero trans ser\u00eda como \u00abavalar a los delincuentes\u00bb.<!--more--><\/p>\n<p>La Federaci\u00f3n Argentina Lesbianas, Gays, Bisexuales y Trans (FALGBT) y la Asociaci\u00f3n de travestis, transexuales y transg\u00e9neros de Argentina (ATTTA) denunciaron este viernes al precandidato del PRO a la intendencia de La Plata por sus \u00abdichos discriminatorios y agraviantes\u00bb.<\/p>\n<p>El representante del macrismo en la disputa por la intendencia de la capital bonaerense, Julio Garro, asegur\u00f3 en declaraciones a 221 Radio que jam\u00e1s se le ocurrir\u00eda ofrecerle un trabajo a los travestis, aunque s\u00ed los ayudar\u00eda \u00abdesde lo psicol\u00f3gico, desde lo m\u00e9dico\u00bb.<\/p>\n<p>\u00abA lo mejor (podemos) ayudarlos desde lo psicol\u00f3gico, desde lo m\u00e9dico, pero no se me ocurre darle un trabajo a un travesti cuando hay muchas madres y padres con hijos con hambre en la ciudad, ser\u00eda una locura\u00bb asegur\u00f3 el elegido por Mauricio Macri para disputarle la intendencia de La Plata al kirchnerismo.<\/p>\n<p>Lejos de quedarse ah\u00ed tambi\u00e9n vincul\u00f3 a ese colectivo al narcotr\u00e1fico. \u00abYo he pasado muchas veces por ah\u00ed con mis hijas y est\u00e1n los travestis en bolas, es una cosa&#8230; aparte no es eso s\u00f3lo, es todo lo que eso conlleva, la droga, venden droga, a la gente que vive en ese barrio le orinan las puertas de las casas\u00bb dispar\u00f3 Garro y hasta emparent\u00f3 la diversidad sexual con la delincuencia.<\/p>\n<p>En ese sentido asegur\u00f3, cuando fue consultado acerca de las identidades y expresiones de g\u00e9nero trans: \u00abSi avalo eso tendr\u00eda que avalar a los delincuentes\u00bb.<\/p>\n<p>Esteban Paul\u00f3n, presidente de la FALGBT repudi\u00f3 las expresiones de Garro y advirti\u00f3 que ese tipo de declaraciones \u00abno hace otra cosa que discriminar e incitar al odio y la exclusi\u00f3n. Conceptos como estos, en boca de un dirigente pol\u00edtico que aspira a gobernar la ciudad de La Plata, son realmente preocupantes y deben mantenernos en alerta frente a las y los candidatos para las pr\u00f3ximas elecciones, a fin de garantizar que quienes aspiren a dirigir los destinos p\u00fablicos no propongan recetas de retroceso alguno en materia de derechos\u00bb.<\/p>\n<p>En la misma l\u00ednea la secretaria general de ATTTA, Marcela Romero, consider\u00f3 que \u00abparece mentira que a 3 a\u00f1os de la aprobaci\u00f3n de la ley de Identidad de G\u00e9nero tengamos que seguir escuchando este tipo de agresiones que en nada contribuyen a la inclusi\u00f3n y la igualdad. Sin lugar a dudas las personas trans seguimos siendo las olvidadas de la democracia. Y para algunos sectores no s\u00f3lo somos olvidadas sino que ni siquiera merecemos oportunidades para incluirnos y acceder a la ciudadan\u00eda.\u00bb<\/p>\n<p>Y advirti\u00f3: \u00abNos preocupan enormemente este tipo de expresiones y m\u00e1s a\u00fan en boca de quienes pretenden acceder al Gobierno. Esto es enormemente peligroso para la seguridad e integridad de nuestro colectivo. Pensar que Garro con estos conceptos pudiera ser Intendente de La Plata nos genera estupor. Rechazamos fuertemente estas declaraciones que vuelven a estigmatizar a nuestro colectivo, vincul\u00e1ndolo al delito y negando de plano cualquier alternativa de inclusi\u00f3n laboral.\u00bb<\/p>\n<p>&nbsp;<\/p>\n<p>&nbsp;<\/p>\n<p>&nbsp;<\/p>\n<p>&nbsp;<\/p>\n<p>&nbsp;<\/p>\n<p>&nbsp;<\/p>\n<p>&nbsp;<\/p>\n<p>&nbsp;<\/p>\n<p>&nbsp;<\/p>\n<p>&nbsp;<\/p>\n<p>&nbsp;<\/p>\n<p>&nbsp;<\/p>\n<p>&nbsp;<\/p>\n<p>&nbsp;<\/p>\n","protected":false},"excerpt":{"rendered":"<p>Julio Garro, el elegido por Mauricio Macri para disputar la intendencia de La Plata, asegur\u00f3 adem\u00e1s que reconocer las identidades y expresiones de g\u00e9nero trans ser\u00eda como \u00abavalar a los delincuentes\u00bb.<\/p>\n","protected":false},"author":8,"featured_media":0,"comment_status":"open","ping_status":"open","sticky":false,"template":"","format":"standard","meta":{"_jetpack_newsletter_access":"","_jetpack_dont_email_post_to_subs":false,"_jetpack_newsletter_tier_id":0,"_jetpack_memberships_contains_paywalled_content":false,"_jetpack_memberships_contains_paid_content":false,"footnotes":""},"categories":[51],"tags":[],"class_list":["post-66392","post","type-post","status-publish","format-standard","hentry","category-politica"],"jetpack_shortlink":"https:\/\/wp.me\/p2JWE0-hgQ","jetpack-related-posts":[{"id":31191,"url":"http:\/\/www.24baires.com\/?p=31191","url_meta":{"origin":66392,"position":0},"title":"La Plata: movilizaci\u00f3n por la persecuci\u00f3n policial y judicial a travestis y trans","author":"GB","date":"02\/09\/2013","format":false,"excerpt":"Integrantes de la Organizaci\u00f3n de Transexuales de La Plata (Otrans) se movilizaron a los Tribunales penales platenses para denunciar la \u201cpersecuci\u00f3n policial y judicial\u201d de la que son v\u00edctimas desde hace semanas, seg\u00fan denunciaron p\u00fablicamente. En el marco de la movilizaci\u00f3n, Andrea, la representante de Otrans, acus\u00f3 a la polic\u00eda\u2026","rel":"","context":"En \u00abSociedad\u00bb","block_context":{"text":"Sociedad","link":"http:\/\/www.24baires.com\/?cat=1"},"img":{"alt_text":"","src":"https:\/\/i0.wp.com\/www.24baires.com\/wp-content\/uploads\/2013\/09\/marcha-transexuales.jpg?resize=350%2C200","width":350,"height":200},"classes":[]},{"id":115979,"url":"http:\/\/www.24baires.com\/?p=115979","url_meta":{"origin":66392,"position":1},"title":"Tigre adhiri\u00f3 a la ley provincial de cupo laboral trans","author":"GB","date":"18\/08\/2020","format":false,"excerpt":"Es la ley provincial 14.783\/15, que establece el cupo laboral de al menos el 1% del plantel estatal, para las personas travestis, transexuales y transg\u00e9nero. El Ejecutivo tigrense enviar\u00e1 el decreto de adhesi\u00f3n al Deliberativo. Desde la comuna indicaron que la adhesi\u00f3n apunta a promover la igualdad de oportunidades en\u2026","rel":"","context":"En \u00abMunicipios\u00bb","block_context":{"text":"Municipios","link":"http:\/\/www.24baires.com\/?cat=44"},"img":{"alt_text":"","src":"https:\/\/i0.wp.com\/www.24baires.com\/wp-content\/uploads\/2019\/11\/trans-300x148.jpg?resize=350%2C200","width":350,"height":200},"classes":[]},{"id":32264,"url":"http:\/\/www.24baires.com\/?p=32264","url_meta":{"origin":66392,"position":2},"title":"Florencia Saintout recibir\u00e1 un premio de ONG Trans de La Plata","author":"Grupo Sierra","date":"22\/09\/2013","format":false,"excerpt":"La candidata a concejal de La Plata por el Frente Social, Florencia Saintout, recibir\u00e1 el martes el premio Claudia P\u00eda Baudracco por su compromiso con los Derechos Humanos de las personas travestis, transexuales y transg\u00e9neros (TLGBIQ). El reconocimiento ser\u00e1 entregado a Saintout, decana de la Facultad de Periodismo de La\u2026","rel":"","context":"En \u00abSociedad\u00bb","block_context":{"text":"Sociedad","link":"http:\/\/www.24baires.com\/?cat=1"},"img":{"alt_text":"","src":"","width":0,"height":0},"classes":[]},{"id":91109,"url":"http:\/\/www.24baires.com\/?p=91109","url_meta":{"origin":66392,"position":3},"title":"El HCD de Tres de Febrero aprob\u00f3 el cupo laboral trans","author":"GB","date":"27\/12\/2016","format":false,"excerpt":"Los concejales sancionaron de forma un\u00e1nime la adhesi\u00f3n a la Ley Provincial 14.783, m\u00e1s conocida como \u201cAmancay Diana Sacay\u00e1n\u201d. El Concejo Deliberante de Tres de Febrero aprob\u00f3 de forma un\u00e1nime la ordenanza para adherir a la Ley Provincial 14.783 de cupo laboral trans, m\u00e1s conocida como \u201cAmancay Diana Sacay\u00e1n\u201d, en\u2026","rel":"","context":"En \u00abLocales\u00bb","block_context":{"text":"Locales","link":"http:\/\/www.24baires.com\/?cat=38"},"img":{"alt_text":"","src":"https:\/\/i0.wp.com\/www.24baires.com\/wp-content\/uploads\/2016\/12\/tres-de-febrero.jpg?resize=350%2C200","width":350,"height":200,"srcset":"https:\/\/i0.wp.com\/www.24baires.com\/wp-content\/uploads\/2016\/12\/tres-de-febrero.jpg?resize=350%2C200 1x, https:\/\/i0.wp.com\/www.24baires.com\/wp-content\/uploads\/2016\/12\/tres-de-febrero.jpg?resize=525%2C300 1.5x"},"classes":[]},{"id":28311,"url":"http:\/\/www.24baires.com\/?p=28311","url_meta":{"origin":66392,"position":4},"title":"Proponen establecer una ley de cupos para que haya un porcentaje trans a emplear","author":"AF","date":"15\/07\/2013","format":false,"excerpt":"Es la prioridad de la docente trans y candidata a concejal de Bah\u00eda Blanca por el Frente Social, Mar\u00eda Eva Rossi, en caso de acceder a una banca. La intenci\u00f3n es que la prostituci\u00f3n no sea \"la \u00fanica salida laboral, que haya verdaderas opciones\". La docente trans y candidata a\u2026","rel":"","context":"En \u00abSociedad\u00bb","block_context":{"text":"Sociedad","link":"http:\/\/www.24baires.com\/?cat=1"},"img":{"alt_text":"mar\u00eda eva rossi","src":"https:\/\/i0.wp.com\/www.24baires.com\/wp-content\/uploads\/2013\/07\/mar%C3%ADa-eva-rossi-300x225.jpg?resize=350%2C200","width":350,"height":200},"classes":[]},{"id":47642,"url":"http:\/\/www.24baires.com\/?p=47642","url_meta":{"origin":66392,"position":5},"title":"Contin\u00faa en La Plata el conflicto por la reubicaci\u00f3n de una zona roja","author":"AF","date":"08\/06\/2014","format":false,"excerpt":"El colectivo trans, la municipalidad y los vecinos firmaron un acuerdo para reubicar una zona roja. Fue la salida que encontraron para \u201ctrabajar en la seguridad de trans y travestis\", dijo Claudia V\u00e1zquez Haro, de Otrans. Los plazos vencieron y a\u00fan no se concret\u00f3, por las quejas de dos colegios\u2026","rel":"","context":"En \u00abLocales\u00bb","block_context":{"text":"Locales","link":"http:\/\/www.24baires.com\/?cat=38"},"img":{"alt_text":"claudia v\u00e1zquez haro","src":"https:\/\/i0.wp.com\/www.24baires.com\/wp-content\/uploads\/2014\/06\/claudia-v%C3%A1zquez-haro-300x199.jpg?resize=350%2C200","width":350,"height":200},"classes":[]}],"jetpack_sharing_enabled":true,"jetpack_likes_enabled":true,"jetpack_featured_media_url":"","_links":{"self":[{"href":"http:\/\/www.24baires.com\/index.php?rest_route=\/wp\/v2\/posts\/66392","targetHints":{"allow":["GET"]}}],"collection":[{"href":"http:\/\/www.24baires.com\/index.php?rest_route=\/wp\/v2\/posts"}],"about":[{"href":"http:\/\/www.24baires.com\/index.php?rest_route=\/wp\/v2\/types\/post"}],"author":[{"embeddable":true,"href":"http:\/\/www.24baires.com\/index.php?rest_route=\/wp\/v2\/users\/8"}],"replies":[{"embeddable":true,"href":"http:\/\/www.24baires.com\/index.php?rest_route=%2Fwp%2Fv2%2Fcomments&post=66392"}],"version-history":[{"count":1,"href":"http:\/\/www.24baires.com\/index.php?rest_route=\/wp\/v2\/posts\/66392\/revisions"}],"predecessor-version":[{"id":66394,"href":"http:\/\/www.24baires.com\/index.php?rest_route=\/wp\/v2\/posts\/66392\/revisions\/66394"}],"wp:attachment":[{"href":"http:\/\/www.24baires.com\/index.php?rest_route=%2Fwp%2Fv2%2Fmedia&parent=66392"}],"wp:term":[{"taxonomy":"category","embeddable":true,"href":"http:\/\/www.24baires.com\/index.php?rest_route=%2Fwp%2Fv2%2Fcategories&post=66392"},{"taxonomy":"post_tag","embeddable":true,"href":"http:\/\/www.24baires.com\/index.php?rest_route=%2Fwp%2Fv2%2Ftags&post=66392"}],"curies":[{"name":"wp","href":"https:\/\/api.w.org\/{rel}","templated":true}]}}