{"id":66389,"date":"2015-05-22T18:02:41","date_gmt":"2015-05-22T21:02:41","guid":{"rendered":"http:\/\/www.24baires.com\/?p=66389"},"modified":"2015-05-22T18:02:41","modified_gmt":"2015-05-22T21:02:41","slug":"el-gobernador-insto-a-municipios-a-adherir-a-la-policia-local","status":"publish","type":"post","link":"http:\/\/www.24baires.com\/?p=66389","title":{"rendered":"El gobernador inst\u00f3 a municipios a adherir a la Polic\u00eda Local"},"content":{"rendered":"<p><img data-recalc-dims=\"1\" loading=\"lazy\" decoding=\"async\" class=\"aligncenter size-full wp-image-60813\" src=\"https:\/\/i0.wp.com\/www.24baires.com\/wp-content\/uploads\/2015\/01\/scioli-1.jpg?resize=560%2C306\" alt=\"scioli 1\" width=\"560\" height=\"306\" srcset=\"https:\/\/i0.wp.com\/www.24baires.com\/wp-content\/uploads\/2015\/01\/scioli-1.jpg?w=560 560w, https:\/\/i0.wp.com\/www.24baires.com\/wp-content\/uploads\/2015\/01\/scioli-1.jpg?resize=300%2C164 300w\" sizes=\"auto, (max-width: 560px) 100vw, 560px\" \/>Fue en un recorrido por la Escuela de Polic\u00eda Local de Jos\u00e9 C. Paz acompa\u00f1ado por el intendente Carlos Urquiaga.<!--more--><\/p>\n<p>En el establecimiento, Scioli tom\u00f3 contacto con los alumnos que cumplen los cursos de formaci\u00f3n para integrarse a la nueva fuerza de seguridad y convoc\u00f3 a los distritos que a\u00fan no han adherido a la construcci\u00f3n de la nueva Polic\u00eda para que \u201cno se pierdan esta oportunidad que contribuye a la prevenci\u00f3n\u201d.<\/p>\n<p>En el lugar, el gobernador observ\u00f3 la preparaci\u00f3n de los postulantes, recorri\u00f3 la obra en construcci\u00f3n de la nueva sede de la escuela donde este a\u00f1o se recibir\u00e1n m\u00e1s de 250 cadetes, resalt\u00f3 la importancia de la Polic\u00eda Local como salida laboral y destac\u00f3 que \u201ctiene un gran impacto social\u201d.<\/p>\n<p>Adem\u00e1s, Scioli mencion\u00f3 que \u00abuna de las postulantes a integrar la Polic\u00eda de Jos\u00e9 C. Paz del barrio Sarmiento nos hac\u00eda referencia a su nivel de compromiso\u00bb, y a\u00f1adi\u00f3 que \u00ablos vecinos la conocen a ella y ella a los vecinos, por lo que esto en la pr\u00e1ctica significa mejores resultados\u201d.<\/p>\n<p>En tal aspecto, se\u00f1al\u00f3 que \u201chemos generado 25 mil nuevos puestos de trabajo directos y 50 mil indirectos porque al polic\u00eda hay acompa\u00f1arlo con su uniforme, con la renovaci\u00f3n de patrulleros y todo lo que significa el apoyo log\u00edstico para abordar el delito que estamos enfrentando\u201d.<\/p>\n<p>&nbsp;<\/p>\n<p>&nbsp;<\/p>\n<p>&nbsp;<\/p>\n<p>&nbsp;<\/p>\n<p>&nbsp;<\/p>\n<p>&nbsp;<\/p>\n<p>&nbsp;<\/p>\n<p>&nbsp;<\/p>\n<p>&nbsp;<\/p>\n<p>&nbsp;<\/p>\n<p>&nbsp;<\/p>\n<p>&nbsp;<\/p>\n<p>&nbsp;<\/p>\n<p>&nbsp;<\/p>\n","protected":false},"excerpt":{"rendered":"<p>Fue en un recorrido por la Escuela de Polic\u00eda Local de Jos\u00e9 C. Paz acompa\u00f1ado por el intendente Carlos Urquiaga.<\/p>\n","protected":false},"author":8,"featured_media":0,"comment_status":"open","ping_status":"open","sticky":false,"template":"","format":"standard","meta":{"_jetpack_newsletter_access":"","_jetpack_dont_email_post_to_subs":false,"_jetpack_newsletter_tier_id":0,"_jetpack_memberships_contains_paywalled_content":false,"_jetpack_memberships_contains_paid_content":false,"footnotes":""},"categories":[51],"tags":[],"class_list":["post-66389","post","type-post","status-publish","format-standard","hentry","category-politica"],"jetpack_shortlink":"https:\/\/wp.me\/p2JWE0-hgN","jetpack-related-posts":[{"id":62029,"url":"http:\/\/www.24baires.com\/?p=62029","url_meta":{"origin":66389,"position":0},"title":"Scioli inici\u00f3 el ciclo lectivo de la Polc\u00eda Local en Jos\u00e9 C. Paz","author":"GB","date":"20\/02\/2015","format":false,"excerpt":"El Gobernador Daniel Scioli inici\u00f3 el ciclo lectivo de la Polic\u00eda Local, en Leandro N. Alem y Altube. Jose C. Paz; previamente recorrer\u00e1 las obras del nuevo edificio de la escuela de Policia Local. La formaci\u00f3n de los pr\u00f3ximos polic\u00edas sigue los lineamientos universitarios planteados para 15 mil aspirantes de\u2026","rel":"","context":"En \u00abLocales\u00bb","block_context":{"text":"Locales","link":"http:\/\/www.24baires.com\/?cat=38"},"img":{"alt_text":"scioli 1","src":"https:\/\/i0.wp.com\/www.24baires.com\/wp-content\/uploads\/2015\/01\/scioli-1.jpg?resize=350%2C200","width":350,"height":200,"srcset":"https:\/\/i0.wp.com\/www.24baires.com\/wp-content\/uploads\/2015\/01\/scioli-1.jpg?resize=350%2C200 1x, https:\/\/i0.wp.com\/www.24baires.com\/wp-content\/uploads\/2015\/01\/scioli-1.jpg?resize=525%2C300 1.5x"},"classes":[]},{"id":54884,"url":"http:\/\/www.24baires.com\/?p=54884","url_meta":{"origin":66389,"position":1},"title":"Jos\u00e9 C. Paz se suma a la Polic\u00eda Local de Scioli","author":"GB","date":"06\/10\/2014","format":false,"excerpt":"Con Daniel Scioli encabezando el acto en la Municipalidad, una nueva comuna se suma a la flamante fuerza de seguridad que impulsa la propia Gobernaci\u00f3n. El Gobernador de la provincia, Daniel Scioli, firma el convenio de adhesi\u00f3n a la Polic\u00eda Local con el municipio de Jos\u00e9 C. Paz y entrega\u2026","rel":"","context":"En \u00abLocales\u00bb","block_context":{"text":"Locales","link":"http:\/\/www.24baires.com\/?cat=38"},"img":{"alt_text":"polic\u00eda municipal","src":"https:\/\/i0.wp.com\/www.24baires.com\/wp-content\/uploads\/2014\/07\/polic%C3%ADa-municipal.jpg?resize=350%2C200","width":350,"height":200,"srcset":"https:\/\/i0.wp.com\/www.24baires.com\/wp-content\/uploads\/2014\/07\/polic%C3%ADa-municipal.jpg?resize=350%2C200 1x, https:\/\/i0.wp.com\/www.24baires.com\/wp-content\/uploads\/2014\/07\/polic%C3%ADa-municipal.jpg?resize=525%2C300 1.5x"},"classes":[]},{"id":103162,"url":"http:\/\/www.24baires.com\/?p=103162","url_meta":{"origin":66389,"position":2},"title":"Berisso es el primer municipio en eliminar la Polic\u00eda Local","author":"AF","date":"04\/07\/2018","format":false,"excerpt":"La municipalidad de Berisso se convirti\u00f3 en la primera comuna de la provincia en fusionar la Polic\u00eda Local con la bonaerense, siguiendo los planes del Gobierno provincial para eliminar la fuerza creada durante la gesti\u00f3n de Daniel Scioli. El intendente de Berisso, Jorge Nedela, firm\u00f3 ayer un convenio con el\u2026","rel":"","context":"En \u00abLocales\u00bb","block_context":{"text":"Locales","link":"http:\/\/www.24baires.com\/?cat=38"},"img":{"alt_text":"","src":"https:\/\/i0.wp.com\/www.24baires.com\/wp-content\/uploads\/2015\/10\/policia-local-mdp.jpg?resize=350%2C200","width":350,"height":200,"srcset":"https:\/\/i0.wp.com\/www.24baires.com\/wp-content\/uploads\/2015\/10\/policia-local-mdp.jpg?resize=350%2C200 1x, https:\/\/i0.wp.com\/www.24baires.com\/wp-content\/uploads\/2015\/10\/policia-local-mdp.jpg?resize=525%2C300 1.5x"},"classes":[]},{"id":48191,"url":"http:\/\/www.24baires.com\/?p=48191","url_meta":{"origin":66389,"position":3},"title":"Scioli inaugur\u00f3 una nueva Escuela Descentralizada de Polic\u00eda en Mor\u00f3n","author":"GB","date":"17\/06\/2014","format":false,"excerpt":"El gobernador Daniel Scioli inaugur\u00f3 en Mor\u00f3n una nueva escuela descentralizada de polic\u00edas. Es la n\u00famero 29 y el mandatario provincial anunci\u00f3 que esa semana \u201cse concretar\u00e1 la n\u00famero 30\u201d. Scioli destac\u00f3 la importancia de aumentar el n\u00famero de agentes para \u201cfortalecer la prevenci\u00f3n\u201d y lograr tener una polic\u00eda m\u00e1s\u2026","rel":"","context":"En \u00abLocales\u00bb","block_context":{"text":"Locales","link":"http:\/\/www.24baires.com\/?cat=38"},"img":{"alt_text":"scioli","src":"https:\/\/i0.wp.com\/www.24baires.com\/wp-content\/uploads\/2014\/03\/scioli.jpg?resize=350%2C200","width":350,"height":200,"srcset":"https:\/\/i0.wp.com\/www.24baires.com\/wp-content\/uploads\/2014\/03\/scioli.jpg?resize=350%2C200 1x, https:\/\/i0.wp.com\/www.24baires.com\/wp-content\/uploads\/2014\/03\/scioli.jpg?resize=525%2C300 1.5x"},"classes":[]},{"id":48176,"url":"http:\/\/www.24baires.com\/?p=48176","url_meta":{"origin":66389,"position":4},"title":"Scioli inaugura la 29\u00aa Escuela descentralizada de Polic\u00edas en el Conurbano","author":"AF","date":"17\/06\/2014","format":false,"excerpt":"El gobernador Daniel Scioli destac\u00f3 que se busca aumentar la dotaci\u00f3n de polic\u00edas para lograr \u201cm\u00e1s seguridad y m\u00e1s justicia\u201d. El gobernador Daniel Scioli inaugur\u00f3 en Mor\u00f3n una nueva escuela descentralizada de polic\u00edas. Es la n\u00famero 29 y el mandatario provincial anunci\u00f3 que esa semana \u201cse concretar\u00e1 la n\u00famero 30\u201d.\u2026","rel":"","context":"En \u00abLocales\u00bb","block_context":{"text":"Locales","link":"http:\/\/www.24baires.com\/?cat=38"},"img":{"alt_text":"escuela de polic\u00eda","src":"https:\/\/i0.wp.com\/www.24baires.com\/wp-content\/uploads\/2013\/02\/escuela-de-polic%C3%ADa.jpeg?resize=350%2C200","width":350,"height":200},"classes":[]},{"id":101122,"url":"http:\/\/www.24baires.com\/?p=101122","url_meta":{"origin":66389,"position":5},"title":"Indagar\u00e1n a Scioli por irregularidades en la construcci\u00f3n de las UPA 24","author":"AF","date":"17\/03\/2018","format":false,"excerpt":"El ex gobernador Daniel Scioli y quien fuera su ministro de Salud, Alejandro Collia, fueron imputados y citados a prestar declaraci\u00f3n indagatoria en el marco de una causa que investiga presuntas irregularidades en la adjudicaci\u00f3n de ocho Unidades de Pronta Atenci\u00f3n (UPA 24) para las que se destinaron m\u00e1s de\u2026","rel":"","context":"En \u00abJUDICIALES\u00bb","block_context":{"text":"JUDICIALES","link":"http:\/\/www.24baires.com\/?cat=68"},"img":{"alt_text":"","src":"https:\/\/i0.wp.com\/www.24baires.com\/wp-content\/uploads\/2014\/05\/Daniel-Scioli.jpg?resize=350%2C200","width":350,"height":200,"srcset":"https:\/\/i0.wp.com\/www.24baires.com\/wp-content\/uploads\/2014\/05\/Daniel-Scioli.jpg?resize=350%2C200 1x, https:\/\/i0.wp.com\/www.24baires.com\/wp-content\/uploads\/2014\/05\/Daniel-Scioli.jpg?resize=525%2C300 1.5x"},"classes":[]}],"jetpack_sharing_enabled":true,"jetpack_likes_enabled":true,"jetpack_featured_media_url":"","_links":{"self":[{"href":"http:\/\/www.24baires.com\/index.php?rest_route=\/wp\/v2\/posts\/66389","targetHints":{"allow":["GET"]}}],"collection":[{"href":"http:\/\/www.24baires.com\/index.php?rest_route=\/wp\/v2\/posts"}],"about":[{"href":"http:\/\/www.24baires.com\/index.php?rest_route=\/wp\/v2\/types\/post"}],"author":[{"embeddable":true,"href":"http:\/\/www.24baires.com\/index.php?rest_route=\/wp\/v2\/users\/8"}],"replies":[{"embeddable":true,"href":"http:\/\/www.24baires.com\/index.php?rest_route=%2Fwp%2Fv2%2Fcomments&post=66389"}],"version-history":[{"count":1,"href":"http:\/\/www.24baires.com\/index.php?rest_route=\/wp\/v2\/posts\/66389\/revisions"}],"predecessor-version":[{"id":66390,"href":"http:\/\/www.24baires.com\/index.php?rest_route=\/wp\/v2\/posts\/66389\/revisions\/66390"}],"wp:attachment":[{"href":"http:\/\/www.24baires.com\/index.php?rest_route=%2Fwp%2Fv2%2Fmedia&parent=66389"}],"wp:term":[{"taxonomy":"category","embeddable":true,"href":"http:\/\/www.24baires.com\/index.php?rest_route=%2Fwp%2Fv2%2Fcategories&post=66389"},{"taxonomy":"post_tag","embeddable":true,"href":"http:\/\/www.24baires.com\/index.php?rest_route=%2Fwp%2Fv2%2Ftags&post=66389"}],"curies":[{"name":"wp","href":"https:\/\/api.w.org\/{rel}","templated":true}]}}