{"id":66327,"date":"2015-05-21T18:07:33","date_gmt":"2015-05-21T21:07:33","guid":{"rendered":"http:\/\/www.24baires.com\/?p=66327"},"modified":"2015-05-22T10:21:31","modified_gmt":"2015-05-22T13:21:31","slug":"cristina-inaugura-el-centro-cultural-nestor-kirchner","status":"publish","type":"post","link":"http:\/\/www.24baires.com\/?p=66327","title":{"rendered":"\u201cEstamos poniendo en marcha el centro cultural m\u00e1s importante de Latinoam\u00e9rica\u201d"},"content":{"rendered":"<p><img data-recalc-dims=\"1\" loading=\"lazy\" decoding=\"async\" class=\"aligncenter size-full wp-image-66337\" src=\"https:\/\/i0.wp.com\/www.24baires.com\/wp-content\/uploads\/2015\/05\/cristina-de-vido.jpg?resize=560%2C313\" alt=\"cristina de vido\" width=\"560\" height=\"313\" srcset=\"https:\/\/i0.wp.com\/www.24baires.com\/wp-content\/uploads\/2015\/05\/cristina-de-vido.jpg?w=560 560w, https:\/\/i0.wp.com\/www.24baires.com\/wp-content\/uploads\/2015\/05\/cristina-de-vido.jpg?resize=300%2C168 300w\" sizes=\"auto, (max-width: 560px) 100vw, 560px\" \/>La Presidenta encabeza desde las 18 el acto de puesta en funcionamiento del centro, que funcionar\u00e1 en el hist\u00f3rico edificio del palacio declarado Monumento Hist\u00f3rico Nacional desde 1997.<!--more--><\/p>\n<p>Durante el discurso la Presidenta recalc\u00f3 que \u00abel auge de la cultura tiene que ver con el auge econ\u00f3mico, porque cuando la Argentina explot\u00f3, la \u00fanica cultura que qued\u00f3 era la del truque y la del sobrevivir\u00bb.<\/p>\n<p>En ese sentido la jefa de Estado enfatiz\u00f3 que el Gobierno invirti\u00f3 \u00abm\u00e1s de 24.000 millones de pesos en Cultura, sin contar el INCAA\u00bb, una inversi\u00f3n \u00abcomo nunca se dio en Argentina\u00bb.<br \/>\nCristina destac\u00f3 tambi\u00e9n que \u00abla cultura es trabajo, no solo divertimento y esparcimiento\u00bb.<\/p>\n<p>Durante su discurso por Cadena Nacional la mandataria record\u00f3 que la puesta en marcha de un centro cultural en el viejo edificio del Correo Central era \u00abes un viejo sue\u00f1o\u00bb del ex presidente Kirchner para quien \u00abel correo no solamente era una obra cultural\u00bb.<\/p>\n<p>\u00abFormaba parte de su infancia. Su padre, trabajador del correo empez\u00f3 siendo cartero y termin\u00f3 siendo tesorero del correo de Santa Cruz\u00bb, relat\u00f3 la mandataria.<\/p>\n<p>La ceremonia de inauguraci\u00f3n se realiza en el marco de las celebraciones por un nuevo aniversario de la Revoluci\u00f3n de Mayo que tendr\u00e1 lugar a partir de las 18.30, y tiene que ver con la obra que puso en valor arquitect\u00f3nico el edificio cl\u00e1sico y contempor\u00e1neo con el emprendimiento de infraestructura cultural m\u00e1s importante de Latinoam\u00e9rica, con una superficie total de 100.000 metros cuadrados.<\/p>\n<p>El Centro Cultural N\u00e9stor Kirchner se un trabajo mancomunado de los ministerios de Cultura y de Planificaci\u00f3n Federal, Inversi\u00f3n P\u00fablica y Servicios de la Naci\u00f3n, en el marco del Plan Nacional Igualdad Cultural, y se traduce en un proyecto que pone de manifiesto el valor arquitect\u00f3nico del edificio, con un proyecto en el que se combinan los estilos cl\u00e1sico y moderno.<\/p>\n<p>La inauguraci\u00f3n incluy\u00f3 una recorrida por los sectores m\u00e1s representativos del predio: La Plaza Seca, La Ballena Azul, La Gran L\u00e1mpara y La C\u00fapula, permitiendo valorizar la concepci\u00f3n hist\u00f3rica, social y cultural del edificio.<br \/>\n&nbsp;<\/p>\n<p>&nbsp;<\/p>\n<p>&nbsp;<\/p>\n<p>&nbsp;<\/p>\n<p>&nbsp;<\/p>\n<p>&nbsp;<\/p>\n<p>&nbsp;<\/p>\n<p>&nbsp;<\/p>\n<p>&nbsp;<\/p>\n","protected":false},"excerpt":{"rendered":"<p>La Presidenta encabeza desde las 18 el acto de puesta en funcionamiento del centro, que funcionar\u00e1 en el hist\u00f3rico edificio del palacio declarado Monumento Hist\u00f3rico Nacional desde 1997.<\/p>\n","protected":false},"author":8,"featured_media":0,"comment_status":"open","ping_status":"open","sticky":false,"template":"","format":"standard","meta":{"_jetpack_newsletter_access":"","_jetpack_dont_email_post_to_subs":false,"_jetpack_newsletter_tier_id":0,"_jetpack_memberships_contains_paywalled_content":false,"_jetpack_memberships_contains_paid_content":false,"footnotes":""},"categories":[51],"tags":[],"class_list":["post-66327","post","type-post","status-publish","format-standard","hentry","category-politica"],"jetpack_shortlink":"https:\/\/wp.me\/p2JWE0-hfN","jetpack-related-posts":[{"id":66305,"url":"http:\/\/www.24baires.com\/?p=66305","url_meta":{"origin":66327,"position":0},"title":"Cristina inaugurar\u00e1 el Centro Cultural N\u00e9stor Kirchner en el Palacio de Correos","author":"AF","date":"21\/05\/2015","format":false,"excerpt":"La Presidenta encabezar\u00e1 este jueves a las 18.30 el acto de puesta en funcionamiento del centro, que funcionar\u00e1 en el hist\u00f3rico edificio del palacio declarado Monumento Hist\u00f3rico Nacional desde 1997. La ceremonia de inauguraci\u00f3n se realizar\u00e1 en el marco de las celebraciones por un nuevo aniversario de la Revoluci\u00f3n de\u2026","rel":"","context":"En \u00abSociedad\u00bb","block_context":{"text":"Sociedad","link":"http:\/\/www.24baires.com\/?cat=1"},"img":{"alt_text":"cristina23","src":"https:\/\/i0.wp.com\/www.24baires.com\/wp-content\/uploads\/2014\/10\/cristina23.jpg?resize=350%2C200","width":350,"height":200,"srcset":"https:\/\/i0.wp.com\/www.24baires.com\/wp-content\/uploads\/2014\/10\/cristina23.jpg?resize=350%2C200 1x, https:\/\/i0.wp.com\/www.24baires.com\/wp-content\/uploads\/2014\/10\/cristina23.jpg?resize=525%2C300 1.5x"},"classes":[]},{"id":6722,"url":"http:\/\/www.24baires.com\/?p=6722","url_meta":{"origin":66327,"position":1},"title":"Extienden hasta el 30 la inscripci\u00f3n a los Concursos \u00abIgualdad Cultural\u00bb","author":"Grupo Sierra","date":"25\/11\/2012","format":false,"excerpt":"En respuesta a la gran cantidad de inscriptos y a las numerosas consultas recibidas, el Plan Nacional Igualdad Cultural informa que los concursos destinados al fomento de la producci\u00f3n cultural en todo el pa\u00eds extienden su convocatoria hasta el 30 de noviembre. Dirigidos a productores, artistas y hacedores culturales, los\u2026","rel":"","context":"En \u00abSociedad\u00bb","block_context":{"text":"Sociedad","link":"http:\/\/www.24baires.com\/?cat=1"},"img":{"alt_text":"","src":"","width":0,"height":0},"classes":[]},{"id":65100,"url":"http:\/\/www.24baires.com\/?p=65100","url_meta":{"origin":66327,"position":2},"title":"Debaten para modificar la ordenanza que regula centros culturales alternativos","author":"AF","date":"29\/04\/2015","format":false,"excerpt":"La actividad llevada a cabo en la Facultad de Bellas Artes, se constituy\u00f3 en un multitudinario espacio colectivo de intercambio con gestores culturales y artistas de La Plata. El bloque del Frente para la Victoria Nacional y Popular que integra Florencia Saintout, llevar\u00e1 la discusi\u00f3n al Concejo Deliberante. Esta tarde,\u2026","rel":"","context":"En \u00abLocales\u00bb","block_context":{"text":"Locales","link":"http:\/\/www.24baires.com\/?cat=38"},"img":{"alt_text":"","src":"https:\/\/i0.wp.com\/www.24baires.com\/wp-content\/uploads\/2015\/04\/centro-culturales-alternativos.jpg?resize=350%2C200","width":350,"height":200,"srcset":"https:\/\/i0.wp.com\/www.24baires.com\/wp-content\/uploads\/2015\/04\/centro-culturales-alternativos.jpg?resize=350%2C200 1x, https:\/\/i0.wp.com\/www.24baires.com\/wp-content\/uploads\/2015\/04\/centro-culturales-alternativos.jpg?resize=525%2C300 1.5x"},"classes":[]},{"id":66115,"url":"http:\/\/www.24baires.com\/?p=66115","url_meta":{"origin":66327,"position":3},"title":"Cristina inaugurar\u00e1 el Sitio de Memoria en la ex ESMA","author":"AF","date":"18\/05\/2015","format":false,"excerpt":"La presidenta Cristina Fern\u00e1ndez de Kirchner encabezar\u00e1 ma\u00f1ana al mediod\u00eda el acto de inauguraci\u00f3n del Sitio de Memoria emplazado en el edificio del ex Casino de Oficiales que funciona dentro del Espacio de la Memoria en las instalaciones del ex centro clandestino de detenci\u00f3n de la Escuela de Mec\u00e1nica de\u2026","rel":"","context":"En \u00abMemoria\u00bb","block_context":{"text":"Memoria","link":"http:\/\/www.24baires.com\/?cat=50"},"img":{"alt_text":"","src":"","width":0,"height":0},"classes":[]},{"id":23860,"url":"http:\/\/www.24baires.com\/?p=23860","url_meta":{"origin":66327,"position":4},"title":"Mariotto inaugur\u00f3 el Centro Cultural Padre Mugica en Mar del Plata","author":"Grupo Sierra","date":"19\/05\/2013","format":false,"excerpt":"Alrededor de 500 personas se hicieron presentes en las instalaciones del Centro Cultural ubicado en Dorrego 1464 de la ciudad balnearia, en el marco de la inauguraci\u00f3n de este espacio en el que se presentaron muestras fotogr\u00e1ficas, de pinturas, esculturas y dem\u00e1s ramas art\u00edsticas. El Vicegobernador Gabriel Mariotto particip\u00f3 junto\u2026","rel":"","context":"En \u00abPol\u00edtica\u00bb","block_context":{"text":"Pol\u00edtica","link":"http:\/\/www.24baires.com\/?cat=51"},"img":{"alt_text":"mariotto mdp mugica 2","src":"https:\/\/i0.wp.com\/www.24baires.com\/wp-content\/uploads\/2013\/05\/mariotto-mdp-mugica-2-300x297.jpg?resize=350%2C200","width":350,"height":200},"classes":[]},{"id":119288,"url":"http:\/\/www.24baires.com\/?p=119288","url_meta":{"origin":66327,"position":5},"title":"Multitudinarias marchas en todo el pa\u00eds luego del ataque a Cristina","author":"AF","date":"03\/09\/2022","format":false,"excerpt":"Movilizaciones en diferentes ciudades argentinas tuvieron lugar este viernes a ra\u00edz de los hechos violentos sufridos por la Vicepresidenta en la noche de este jueves, con un acto central celebrado en la porte\u00f1a e hist\u00f3rica Plaza de Mayo. Multitudinarias manifestaciones se llevaron a cabo este viernes en todo el pa\u00eds\u2026","rel":"","context":"En \u00abSociedad\u00bb","block_context":{"text":"Sociedad","link":"http:\/\/www.24baires.com\/?cat=1"},"img":{"alt_text":"","src":"https:\/\/i0.wp.com\/www.24baires.com\/wp-content\/uploads\/2022\/09\/plaza-de-mayo.jpg?resize=350%2C200","width":350,"height":200,"srcset":"https:\/\/i0.wp.com\/www.24baires.com\/wp-content\/uploads\/2022\/09\/plaza-de-mayo.jpg?resize=350%2C200 1x, https:\/\/i0.wp.com\/www.24baires.com\/wp-content\/uploads\/2022\/09\/plaza-de-mayo.jpg?resize=525%2C300 1.5x, https:\/\/i0.wp.com\/www.24baires.com\/wp-content\/uploads\/2022\/09\/plaza-de-mayo.jpg?resize=700%2C400 2x"},"classes":[]}],"jetpack_sharing_enabled":true,"jetpack_likes_enabled":true,"jetpack_featured_media_url":"","_links":{"self":[{"href":"http:\/\/www.24baires.com\/index.php?rest_route=\/wp\/v2\/posts\/66327","targetHints":{"allow":["GET"]}}],"collection":[{"href":"http:\/\/www.24baires.com\/index.php?rest_route=\/wp\/v2\/posts"}],"about":[{"href":"http:\/\/www.24baires.com\/index.php?rest_route=\/wp\/v2\/types\/post"}],"author":[{"embeddable":true,"href":"http:\/\/www.24baires.com\/index.php?rest_route=\/wp\/v2\/users\/8"}],"replies":[{"embeddable":true,"href":"http:\/\/www.24baires.com\/index.php?rest_route=%2Fwp%2Fv2%2Fcomments&post=66327"}],"version-history":[{"count":4,"href":"http:\/\/www.24baires.com\/index.php?rest_route=\/wp\/v2\/posts\/66327\/revisions"}],"predecessor-version":[{"id":66342,"href":"http:\/\/www.24baires.com\/index.php?rest_route=\/wp\/v2\/posts\/66327\/revisions\/66342"}],"wp:attachment":[{"href":"http:\/\/www.24baires.com\/index.php?rest_route=%2Fwp%2Fv2%2Fmedia&parent=66327"}],"wp:term":[{"taxonomy":"category","embeddable":true,"href":"http:\/\/www.24baires.com\/index.php?rest_route=%2Fwp%2Fv2%2Fcategories&post=66327"},{"taxonomy":"post_tag","embeddable":true,"href":"http:\/\/www.24baires.com\/index.php?rest_route=%2Fwp%2Fv2%2Ftags&post=66327"}],"curies":[{"name":"wp","href":"https:\/\/api.w.org\/{rel}","templated":true}]}}