{"id":66228,"date":"2015-05-20T12:15:14","date_gmt":"2015-05-20T15:15:14","guid":{"rendered":"http:\/\/www.24baires.com\/?p=66228"},"modified":"2015-05-21T10:21:02","modified_gmt":"2015-05-21T13:21:02","slug":"cristina-encabezara-un-acto-por-la-recuperacion-del-sistema-ferroviario","status":"publish","type":"post","link":"http:\/\/www.24baires.com\/?p=66228","title":{"rendered":"\u201cNo se puede gobernar con encuestas, hay que gobernar con acciones\u201d"},"content":{"rendered":"<p><img data-recalc-dims=\"1\" loading=\"lazy\" decoding=\"async\" src=\"https:\/\/i0.wp.com\/www.24baires.com\/wp-content\/uploads\/2015\/05\/cristina-randazzo.jpg?resize=560%2C313\" alt=\"cristina randazzo\" width=\"560\" height=\"313\" class=\"aligncenter size-full wp-image-66243\" srcset=\"https:\/\/i0.wp.com\/www.24baires.com\/wp-content\/uploads\/2015\/05\/cristina-randazzo.jpg?w=560 560w, https:\/\/i0.wp.com\/www.24baires.com\/wp-content\/uploads\/2015\/05\/cristina-randazzo.jpg?resize=300%2C168 300w\" sizes=\"auto, (max-width: 560px) 100vw, 560px\" \/>La Presidenta record\u00f3 que cuando N\u00e9stor Kirchner lleg\u00f3 a la casa de Gobierno \u201cno le importaron las encuestas\u201d. La jefa de Estado encabeza el acto por la recuperaci\u00f3n del Sistema Ferroviario Nacional, como parte de los festejos por la Semana de Mayo.<!--more--><\/p>\n<p>&nbsp;Est\u00e1 acompa\u00f1ada por el Ministro del Interior y Transporte, Florencio Randazzo, miembros del gabinete, gobernadores, intendentes y por miles de trabajadores ferroviarios.<\/p>\n<p>En las instalaciones de la estaci\u00f3n hay intervenciones art\u00edsticas y se exhibir\u00e1n formaciones de corta y larga distancia recientemente incorporadas por el Estado Nacional.<\/p>\n<p>El pasado 15 de abril de este a\u00f1o el Congreso de la Naci\u00f3n sancion\u00f3 la Ley que cre\u00f3 la empresa Ferrocarriles Argentinos y declar\u00f3 de \u2018Inter\u00e9s P\u00fablico Nacional\u2019 y \u2018Objetivo prioritario de la rep\u00fablica Argentina\u2019 a la \u2018pol\u00edtica de reactivaci\u00f3n de los ferrocarriles de pasajeros y de cargas\u2019.<\/p>\n<p>Esta acto se desarrollar\u00e1 como parte de las celebraciones por la semana de mayo que tendr\u00e1 puntos m\u00e1s relevantes en la inauguraci\u00f3n del Centro Cultural N\u00e9stor Kirchner, que se llevar\u00e1 a cabo el jueves 21 de mayo en el ex palacio del Correo.<\/p>\n<p>Las celebraciones concluir\u00e1n con la realizaci\u00f3n del Festival Popular \u2018La Patria es el Otro\u2019 que se desarrollar\u00e1 en Plazo de Mayo el lunes 25 con la participaci\u00f3n de decenas de artistas nacionales e internacionales.<\/p>\n<p>&nbsp;<\/p>\n<p>&nbsp;<\/p>\n<p>&nbsp;<\/p>\n<p>&nbsp;<\/p>\n<p>&nbsp;<\/p>\n<p>&nbsp;<\/p>\n<p>&nbsp;<\/p>\n<p>&nbsp;<\/p>\n<p>&nbsp;<\/p>\n<p>&nbsp;<\/p>\n","protected":false},"excerpt":{"rendered":"<p>La Presidenta record\u00f3 que cuando N\u00e9stor Kirchner lleg\u00f3 a la casa de Gobierno \u201cno le importaron las encuestas\u201d. La jefa de Estado encabeza el acto por la recuperaci\u00f3n del Sistema Ferroviario Nacional, como parte de los festejos por la Semana de Mayo.<\/p>\n","protected":false},"author":8,"featured_media":0,"comment_status":"open","ping_status":"open","sticky":false,"template":"","format":"standard","meta":{"_jetpack_newsletter_access":"","_jetpack_dont_email_post_to_subs":false,"_jetpack_newsletter_tier_id":0,"_jetpack_memberships_contains_paywalled_content":false,"_jetpack_memberships_contains_paid_content":false,"footnotes":""},"categories":[51],"tags":[],"class_list":["post-66228","post","type-post","status-publish","format-standard","hentry","category-politica"],"jetpack_shortlink":"https:\/\/wp.me\/p2JWE0-hec","jetpack-related-posts":[{"id":111457,"url":"http:\/\/www.24baires.com\/?p=111457","url_meta":{"origin":66228,"position":0},"title":"Vidal us\u00f3 la tragedia de Once para hacer campa\u00f1a","author":"AF","date":"05\/08\/2019","format":false,"excerpt":"Ante las cifras que dan al oficialismo abajo en las encuestas, la gobernadora bonaerense no dud\u00f3 en manosear la memoria de las v\u00edctimas del siniestro ferroviario. Hay temor a perder el poder en la alianza oficialista Cambiemos. Y peor, hay desesperaci\u00f3n por la posibilidad cierta de que eso suceda no\u2026","rel":"","context":"En \u00abPol\u00edtica\u00bb","block_context":{"text":"Pol\u00edtica","link":"http:\/\/www.24baires.com\/?cat=51"},"img":{"alt_text":"","src":"https:\/\/i0.wp.com\/www.24baires.com\/wp-content\/uploads\/2019\/03\/vidal.jpg?resize=350%2C200","width":350,"height":200,"srcset":"https:\/\/i0.wp.com\/www.24baires.com\/wp-content\/uploads\/2019\/03\/vidal.jpg?resize=350%2C200 1x, https:\/\/i0.wp.com\/www.24baires.com\/wp-content\/uploads\/2019\/03\/vidal.jpg?resize=525%2C300 1.5x"},"classes":[]},{"id":100096,"url":"http:\/\/www.24baires.com\/?p=100096","url_meta":{"origin":66228,"position":1},"title":"Vidal decret\u00f3 el cierre de Ferrobaires y los trenes pasan a Naci\u00f3n","author":"AF","date":"22\/01\/2018","format":false,"excerpt":"La Unidad Ejecutora del Programa Ferroviario bonaerense dejar\u00e1 de existir el 15 de marzo pr\u00f3ximo. Desde el 2016 comenz\u00f3 el traspaso a la \u00f3rbita nacional, pero hay algunos ramales que no funcionan y peligran muchos puestos de trabajo. La gobernadora de Buenos Aires, Mar\u00eda Eugenia Vidal, le puso fecha al\u2026","rel":"","context":"En \u00abJUDICIALES\u00bb","block_context":{"text":"JUDICIALES","link":"http:\/\/www.24baires.com\/?cat=68"},"img":{"alt_text":"","src":"https:\/\/i0.wp.com\/www.24baires.com\/wp-content\/uploads\/2017\/06\/ferovaires-tren.jpg?resize=350%2C200","width":350,"height":200,"srcset":"https:\/\/i0.wp.com\/www.24baires.com\/wp-content\/uploads\/2017\/06\/ferovaires-tren.jpg?resize=350%2C200 1x, https:\/\/i0.wp.com\/www.24baires.com\/wp-content\/uploads\/2017\/06\/ferovaires-tren.jpg?resize=525%2C300 1.5x"},"classes":[]},{"id":111164,"url":"http:\/\/www.24baires.com\/?p=111164","url_meta":{"origin":66228,"position":2},"title":"Vidal y Macri se mostraron en La Plata: \u00abEsta revoluci\u00f3n no puede parar\u00bb","author":"AF","date":"13\/07\/2019","format":false,"excerpt":"El presidente y la gobernadora inauguraron un taller ferroviario. Adem\u00e1s presentaron a los candidatos bonaerenses de Juntos por el Cambio. El presidente Mauricio Macri se mostr\u00f3 este s\u00e1bado con la gobernadora bonaerense, Mar\u00eda Eugenia Vidal, en la inauguraci\u00f3n de un taller ferroviario en el partido de La Plata y remarc\u00f3\u2026","rel":"","context":"En \u00abPol\u00edtica\u00bb","block_context":{"text":"Pol\u00edtica","link":"http:\/\/www.24baires.com\/?cat=51"},"img":{"alt_text":"","src":"https:\/\/i0.wp.com\/www.24baires.com\/wp-content\/uploads\/2019\/07\/vidal-macri.jpg?resize=350%2C200","width":350,"height":200,"srcset":"https:\/\/i0.wp.com\/www.24baires.com\/wp-content\/uploads\/2019\/07\/vidal-macri.jpg?resize=350%2C200 1x, https:\/\/i0.wp.com\/www.24baires.com\/wp-content\/uploads\/2019\/07\/vidal-macri.jpg?resize=525%2C300 1.5x"},"classes":[]},{"id":111295,"url":"http:\/\/www.24baires.com\/?p=111295","url_meta":{"origin":66228,"position":3},"title":"Cristina lidera el r\u00e1nking de imagen positiva entre j\u00f3venes de 18 a 22 a\u00f1os","author":"AF","date":"23\/07\/2019","format":false,"excerpt":"Detr\u00e1s de la senadora, que tiene 43 puntos, se ubica Mar\u00eda Eugenia Vidal, con 32 puntos. Seg\u00fan un relevamiento de Ipsos Argentina, Mauricio Macri es el de peor reputaci\u00f3n. La precandidata a vice del Frente de Todos, Cristina Kirchner, es la dirigente con mayor imagen positiva entre los j\u00f3venes de\u2026","rel":"","context":"En \u00abPol\u00edtica\u00bb","block_context":{"text":"Pol\u00edtica","link":"http:\/\/www.24baires.com\/?cat=51"},"img":{"alt_text":"","src":"https:\/\/i0.wp.com\/www.24baires.com\/wp-content\/uploads\/2019\/07\/Cristina.jpg?resize=350%2C200","width":350,"height":200,"srcset":"https:\/\/i0.wp.com\/www.24baires.com\/wp-content\/uploads\/2019\/07\/Cristina.jpg?resize=350%2C200 1x, https:\/\/i0.wp.com\/www.24baires.com\/wp-content\/uploads\/2019\/07\/Cristina.jpg?resize=525%2C300 1.5x"},"classes":[]},{"id":116025,"url":"http:\/\/www.24baires.com\/?p=116025","url_meta":{"origin":66228,"position":4},"title":"Fern\u00e1ndez asegura que el Gobierno nacional est\u00e1 dando \u00abotro paso\u00bb despu\u00e9s \u00abde dos pandemias\u00bb","author":"AF","date":"21\/08\/2020","format":false,"excerpt":"El Presidente anunci\u00f3 obras de infraestructura para los partidos bonaerenses de San Fernando, Escobar y Malvinas Argentinas, por una inversi\u00f3n de casi 2.600 millones de pesos. El presidente Alberto Fern\u00e1ndez present\u00f3 como \"otro paso\" para \"poner de pie a la Argentina\" las mejoras en el servicio de Ferrocarriles que hoy\u2026","rel":"","context":"En \u00abPol\u00edtica\u00bb","block_context":{"text":"Pol\u00edtica","link":"http:\/\/www.24baires.com\/?cat=51"},"img":{"alt_text":"","src":"https:\/\/i0.wp.com\/www.24baires.com\/wp-content\/uploads\/2020\/08\/alberto-fern%C3%A1ndez.jpg?resize=350%2C200","width":350,"height":200,"srcset":"https:\/\/i0.wp.com\/www.24baires.com\/wp-content\/uploads\/2020\/08\/alberto-fern%C3%A1ndez.jpg?resize=350%2C200 1x, https:\/\/i0.wp.com\/www.24baires.com\/wp-content\/uploads\/2020\/08\/alberto-fern%C3%A1ndez.jpg?resize=525%2C300 1.5x"},"classes":[]},{"id":102928,"url":"http:\/\/www.24baires.com\/?p=102928","url_meta":{"origin":66228,"position":5},"title":"A pesar de las presiones del Gobierno, UTA y ferroviarios confirmaron que no se bajan del paro","author":"GB","date":"22\/06\/2018","format":false,"excerpt":"Desde el oficialismo tentaron a uno de los sindicatos con la adjudicaci\u00f3n de un predio, sin embargo todos aseguraron que el lunes la adhesi\u00f3n del transporte ser\u00e1 total. Todos los detalles. El paro nacional convocado por la CGT para el pr\u00f3ximo lunes ser\u00e1 total. Tanto la UTA, el gremio que\u2026","rel":"","context":"En \u00abPol\u00edtica\u00bb","block_context":{"text":"Pol\u00edtica","link":"http:\/\/www.24baires.com\/?cat=51"},"img":{"alt_text":"","src":"https:\/\/i0.wp.com\/www.24baires.com\/wp-content\/uploads\/2017\/06\/ferovaires-tren.jpg?resize=350%2C200","width":350,"height":200,"srcset":"https:\/\/i0.wp.com\/www.24baires.com\/wp-content\/uploads\/2017\/06\/ferovaires-tren.jpg?resize=350%2C200 1x, https:\/\/i0.wp.com\/www.24baires.com\/wp-content\/uploads\/2017\/06\/ferovaires-tren.jpg?resize=525%2C300 1.5x"},"classes":[]}],"jetpack_sharing_enabled":true,"jetpack_likes_enabled":true,"jetpack_featured_media_url":"","_links":{"self":[{"href":"http:\/\/www.24baires.com\/index.php?rest_route=\/wp\/v2\/posts\/66228","targetHints":{"allow":["GET"]}}],"collection":[{"href":"http:\/\/www.24baires.com\/index.php?rest_route=\/wp\/v2\/posts"}],"about":[{"href":"http:\/\/www.24baires.com\/index.php?rest_route=\/wp\/v2\/types\/post"}],"author":[{"embeddable":true,"href":"http:\/\/www.24baires.com\/index.php?rest_route=\/wp\/v2\/users\/8"}],"replies":[{"embeddable":true,"href":"http:\/\/www.24baires.com\/index.php?rest_route=%2Fwp%2Fv2%2Fcomments&post=66228"}],"version-history":[{"count":3,"href":"http:\/\/www.24baires.com\/index.php?rest_route=\/wp\/v2\/posts\/66228\/revisions"}],"predecessor-version":[{"id":66244,"href":"http:\/\/www.24baires.com\/index.php?rest_route=\/wp\/v2\/posts\/66228\/revisions\/66244"}],"wp:attachment":[{"href":"http:\/\/www.24baires.com\/index.php?rest_route=%2Fwp%2Fv2%2Fmedia&parent=66228"}],"wp:term":[{"taxonomy":"category","embeddable":true,"href":"http:\/\/www.24baires.com\/index.php?rest_route=%2Fwp%2Fv2%2Fcategories&post=66228"},{"taxonomy":"post_tag","embeddable":true,"href":"http:\/\/www.24baires.com\/index.php?rest_route=%2Fwp%2Fv2%2Ftags&post=66228"}],"curies":[{"name":"wp","href":"https:\/\/api.w.org\/{rel}","templated":true}]}}