{"id":66215,"date":"2015-05-20T10:09:11","date_gmt":"2015-05-20T13:09:11","guid":{"rendered":"http:\/\/www.24baires.com\/?p=66215"},"modified":"2015-05-20T20:15:52","modified_gmt":"2015-05-20T23:15:52","slug":"anibal-hablo-sobre-el-paro-es-politico-y-busca-impactar-en-este-ano-electoral","status":"publish","type":"post","link":"http:\/\/www.24baires.com\/?p=66215","title":{"rendered":"An\u00edbal habl\u00f3 sobre el paro: \u00abes pol\u00edtico y busca impactar en este a\u00f1o electoral\u00bb"},"content":{"rendered":"<p><img data-recalc-dims=\"1\" loading=\"lazy\" decoding=\"async\" class=\"aligncenter size-full wp-image-63981\" src=\"https:\/\/i0.wp.com\/www.24baires.com\/wp-content\/uploads\/2015\/04\/anibal-conferencia.jpg?resize=560%2C379\" alt=\"anibal conferencia\" width=\"560\" height=\"379\" srcset=\"https:\/\/i0.wp.com\/www.24baires.com\/wp-content\/uploads\/2015\/04\/anibal-conferencia.jpg?w=560 560w, https:\/\/i0.wp.com\/www.24baires.com\/wp-content\/uploads\/2015\/04\/anibal-conferencia.jpg?resize=300%2C203 300w\" sizes=\"auto, (max-width: 560px) 100vw, 560px\" \/>El jefe de Gabinete consider\u00f3 que no hay motivos para una medida de fuerza en el sector del transporte \u00abporque las paritarias se cerraron ayer\u00bb.<!--more--><\/p>\n<p>\u00ab\u00bfPor qu\u00e9 se va a llevar a cabo el paro si se arrib\u00f3 a las paritarias?\u00bb, se pregunt\u00f3 el jefe de Gabinete, y de inmediato opin\u00f3 que \u00abese paro no tiene vocaci\u00f3n en t\u00e9rminos de esta paritaria, porque hasta ayer yo escuch\u00e9 a varios de sus referentes sindicales que se hac\u00eda un paro porque no se cerraban las paritarias. Bueno, las paritarias se cerraron, entonces esa vocaci\u00f3n definida por algunos sindicalistas ha perdido el objeto; ya no est\u00e1 m\u00e1s ese objeto\u00bb.<\/p>\n<p>Como es habitual, el jefe de Gabinete habl\u00f3 esta ma\u00f1ana con la prensa, minutos antes de ingresar a su despacho en la Casa de Gobierno.<\/p>\n<p>En ese mismo sentido, Fern\u00e1ndez dijo despu\u00e9s que \u00ablos otros motivos de los sindicalistas es otra cosa&#8230;Y si se quiere seguir adelante con un paro de actividades, entonces, \u00bfsaben qu\u00e9? Lo que hay ac\u00e1 es un paro pol\u00edtico. Est\u00e1n buscando alguna conclusi\u00f3n pol\u00edtica, porque quieren participar del clima de la elecci\u00f3n, del clima del a\u00f1o electoral, y eso es lo que uno no puede estar prest\u00e1ndole atenci\u00f3n\u00bb.<\/p>\n<p>Ante la insistencia period\u00edstica y consultado sobre si el paro convocado busca impactar en las elecciones de este a\u00f1o, Fern\u00e1ndez contest\u00f3: \u00abS\u00ed claro, no tengo dudas. Si no deme la explicaci\u00f3n de cu\u00e1l es la raz\u00f3n por la cual lo van a sostener\u00bb.<\/p>\n<p>\u00abPor ejemplo, la UTA no tiene pr\u00e1cticamente trabajadores que est\u00e9n alcanzados por el impuesto a las Ganancias -a\u00f1adi\u00f3 Fern\u00e1ndez-, porque el porcentaje de trabajadores del sector, que rozaba entre el 7 y el 8 por ciento de la totalidad de la masa de sus trabajadores que era alcanzado por el impuesto, con las correcciones que se hicieron en las \u00faltimas semanas por parte del Ministerio de Econom\u00eda, y, por supuesto, por orden de la Presidenta, muestra a las claras que pr\u00e1cticamente no tiene trabajadores que les impacte el impuesto a las Ganancias\u00bb.<\/p>\n<p>\u00abEste argumento de medida de fuerza es una utilizaci\u00f3n para beneficio propio o ll\u00e1mele como se les ocurra, pero que nada tiene que ver con los intereses de los defendidos y de sus representados\u00bb, concluy\u00f3 el jefe de Gabinete.<\/p>\n","protected":false},"excerpt":{"rendered":"<p>El jefe de Gabinete consider\u00f3 que no hay motivos para una medida de fuerza en el sector del transporte \u00abporque las paritarias se cerraron ayer\u00bb.<\/p>\n","protected":false},"author":8,"featured_media":0,"comment_status":"open","ping_status":"open","sticky":false,"template":"","format":"standard","meta":{"_jetpack_newsletter_access":"","_jetpack_dont_email_post_to_subs":false,"_jetpack_newsletter_tier_id":0,"_jetpack_memberships_contains_paywalled_content":false,"_jetpack_memberships_contains_paid_content":false,"footnotes":""},"categories":[51],"tags":[],"class_list":["post-66215","post","type-post","status-publish","format-standard","hentry","category-politica"],"jetpack_shortlink":"https:\/\/wp.me\/p2JWE0-hdZ","jetpack-related-posts":[{"id":121223,"url":"http:\/\/www.24baires.com\/?p=121223","url_meta":{"origin":66215,"position":0},"title":"La CGT anunci\u00f3 un paro general para el 9 de mayo","author":"GB","date":"12\/04\/2024","format":false,"excerpt":"Tras una reuni\u00f3n en Casa Rosada en la jornada de ayer, los l\u00edderes de la CGT decidieron convocar a un paro general para el pr\u00f3ximo 9 de mayo. La Confederaci\u00f3n General del Trabajo (CGT) finalmente decidi\u00f3 convocar a un nuevo paro general contra el gobierno de Javier Milei y le\u2026","rel":"","context":"En \u00abPol\u00edtica\u00bb","block_context":{"text":"Pol\u00edtica","link":"http:\/\/www.24baires.com\/?cat=51"},"img":{"alt_text":"","src":"https:\/\/i0.wp.com\/www.24baires.com\/wp-content\/uploads\/2024\/04\/cgt1.webp?resize=350%2C200","width":350,"height":200,"srcset":"https:\/\/i0.wp.com\/www.24baires.com\/wp-content\/uploads\/2024\/04\/cgt1.webp?resize=350%2C200 1x, https:\/\/i0.wp.com\/www.24baires.com\/wp-content\/uploads\/2024\/04\/cgt1.webp?resize=525%2C300 1.5x, https:\/\/i0.wp.com\/www.24baires.com\/wp-content\/uploads\/2024\/04\/cgt1.webp?resize=700%2C400 2x"},"classes":[]},{"id":56985,"url":"http:\/\/www.24baires.com\/?p=56985","url_meta":{"origin":66215,"position":1},"title":"Docentes de la Provincia llevan a cabo su segundo d\u00eda de paro","author":"AF","date":"12\/11\/2014","format":false,"excerpt":"La huelga de los maestros nucleados en el Frente Gremial Docente Bonaerense que comenz\u00f3 ayer se sinti\u00f3 en la mayor\u00eda de los establecimientos escolares, con un acatamiento que alcanz\u00f3 m\u00e1s del 90 por ciento, seg\u00fan detallaron los referentes sindicales. Desde el gobierno bonaerense, el jefe de Gabinete, Alberto P\u00e9rez, afirm\u00f3\u2026","rel":"","context":"En \u00abSociedad\u00bb","block_context":{"text":"Sociedad","link":"http:\/\/www.24baires.com\/?cat=1"},"img":{"alt_text":"aula vac\u00eda","src":"https:\/\/i0.wp.com\/www.24baires.com\/wp-content\/uploads\/2014\/03\/aula-vac%C3%ADa.jpg?resize=350%2C200","width":350,"height":200,"srcset":"https:\/\/i0.wp.com\/www.24baires.com\/wp-content\/uploads\/2014\/03\/aula-vac%C3%ADa.jpg?resize=350%2C200 1x, https:\/\/i0.wp.com\/www.24baires.com\/wp-content\/uploads\/2014\/03\/aula-vac%C3%ADa.jpg?resize=525%2C300 1.5x"},"classes":[]},{"id":103014,"url":"http:\/\/www.24baires.com\/?p=103014","url_meta":{"origin":66215,"position":2},"title":"El Gobierno reconoci\u00f3 que se vienen \u00abmeses\u00bb de recesi\u00f3n econ\u00f3mica","author":"GB","date":"27\/06\/2018","format":false,"excerpt":"El d\u00edas despu\u00e9s del masivo paro general encabezado por la CGT, el Gobierno reiter\u00f3 que no habr\u00e1 convocatoria a la c\u00fapula cegetista y s\u00ed debates \"sector por sector\" en la discusi\u00f3n paritaria. La preocupaci\u00f3n, hoy por hoy, pasa por la econom\u00eda, aunque el mismo jefe de gabinete Marcos Pe\u00f1a, reconoci\u00f3\u2026","rel":"","context":"En \u00abEconom\u00eda\u00bb","block_context":{"text":"Econom\u00eda","link":"http:\/\/www.24baires.com\/?cat=45"},"img":{"alt_text":"","src":"https:\/\/i0.wp.com\/www.24baires.com\/wp-content\/uploads\/2018\/05\/pe%C3%B1a.jpg?resize=350%2C200","width":350,"height":200,"srcset":"https:\/\/i0.wp.com\/www.24baires.com\/wp-content\/uploads\/2018\/05\/pe%C3%B1a.jpg?resize=350%2C200 1x, https:\/\/i0.wp.com\/www.24baires.com\/wp-content\/uploads\/2018\/05\/pe%C3%B1a.jpg?resize=525%2C300 1.5x"},"classes":[]},{"id":92750,"url":"http:\/\/www.24baires.com\/?p=92750","url_meta":{"origin":66215,"position":3},"title":"Vidal aclar\u00f3 que no cerrar\u00e1 paritaria docente por decreto","author":"AF","date":"02\/03\/2017","format":false,"excerpt":"La gobernadora bonaerense, Mar\u00eda Eugenia Vidal, convoc\u00f3 a una nueva reuni\u00f3n con los gremios docentes para \u201cseguir dialogando a\u00fan con el paro convocado\u201d para los d\u00edas 6 y 7 de marzo. La gobernadora bonaerense, Mar\u00eda Eugencia Vidal, convocar\u00e1 a una nueva reuni\u00f3n con los gremios docentes para \"seguir dialogando a\u00fan\u2026","rel":"","context":"En \u00abProvincia\u00bb","block_context":{"text":"Provincia","link":"http:\/\/www.24baires.com\/?cat=40"},"img":{"alt_text":"","src":"https:\/\/i0.wp.com\/www.24baires.com\/wp-content\/uploads\/2016\/12\/vidall.jpg?resize=350%2C200","width":350,"height":200,"srcset":"https:\/\/i0.wp.com\/www.24baires.com\/wp-content\/uploads\/2016\/12\/vidall.jpg?resize=350%2C200 1x, https:\/\/i0.wp.com\/www.24baires.com\/wp-content\/uploads\/2016\/12\/vidall.jpg?resize=525%2C300 1.5x"},"classes":[]},{"id":100018,"url":"http:\/\/www.24baires.com\/?p=100018","url_meta":{"origin":66215,"position":4},"title":"Schmid: \u201cEl 15% de las paritarias es una fantas\u00eda\u201d","author":"GB","date":"18\/01\/2018","format":false,"excerpt":"Luego de que el Jefe de Gabinete pidiera \"compromiso\" para cumplir con le meta inflacionaria del 15 por ciento, el secretario general de la CGT indic\u00f3 que esa cifra \u201cno la va a aceptar ninguna organizaci\u00f3n sindical\u201d. \u201cCada vez tenemos menos confianza en lo que dice el Ejecutivo\u201d, indic\u00f3 el\u2026","rel":"","context":"En \u00abPol\u00edtica\u00bb","block_context":{"text":"Pol\u00edtica","link":"http:\/\/www.24baires.com\/?cat=51"},"img":{"alt_text":"","src":"https:\/\/i0.wp.com\/www.24baires.com\/wp-content\/uploads\/2016\/08\/nueva-cgt.jpg?resize=350%2C200","width":350,"height":200,"srcset":"https:\/\/i0.wp.com\/www.24baires.com\/wp-content\/uploads\/2016\/08\/nueva-cgt.jpg?resize=350%2C200 1x, https:\/\/i0.wp.com\/www.24baires.com\/wp-content\/uploads\/2016\/08\/nueva-cgt.jpg?resize=525%2C300 1.5x"},"classes":[]},{"id":57220,"url":"http:\/\/www.24baires.com\/?p=57220","url_meta":{"origin":66215,"position":5},"title":"Capitanich: \u00abNo es posible ning\u00fan tipo de reapertura de paritarias\u00bb","author":"AF","date":"17\/11\/2014","format":false,"excerpt":"El jefe de Gabinete recalc\u00f3 adem\u00e1s que \u201ctampoco forma parte del proceso de discusi\u00f3n\u201d cualquier modificaci\u00f3n a Ganancias. Fue al ser consultado por la reuni\u00f3n que mantendr\u00e1 junto a Tomada con gremios del transporte. As\u00ed lo se\u00f1al\u00f3 esta ma\u00f1ana en su habitual conferencia de prensa en la Casa de Gobierno,\u2026","rel":"","context":"En \u00abPol\u00edtica\u00bb","block_context":{"text":"Pol\u00edtica","link":"http:\/\/www.24baires.com\/?cat=51"},"img":{"alt_text":"capitanich","src":"https:\/\/i0.wp.com\/www.24baires.com\/wp-content\/uploads\/2014\/09\/capitanich1.jpg?resize=350%2C200","width":350,"height":200,"srcset":"https:\/\/i0.wp.com\/www.24baires.com\/wp-content\/uploads\/2014\/09\/capitanich1.jpg?resize=350%2C200 1x, https:\/\/i0.wp.com\/www.24baires.com\/wp-content\/uploads\/2014\/09\/capitanich1.jpg?resize=525%2C300 1.5x"},"classes":[]}],"jetpack_sharing_enabled":true,"jetpack_likes_enabled":true,"jetpack_featured_media_url":"","_links":{"self":[{"href":"http:\/\/www.24baires.com\/index.php?rest_route=\/wp\/v2\/posts\/66215","targetHints":{"allow":["GET"]}}],"collection":[{"href":"http:\/\/www.24baires.com\/index.php?rest_route=\/wp\/v2\/posts"}],"about":[{"href":"http:\/\/www.24baires.com\/index.php?rest_route=\/wp\/v2\/types\/post"}],"author":[{"embeddable":true,"href":"http:\/\/www.24baires.com\/index.php?rest_route=\/wp\/v2\/users\/8"}],"replies":[{"embeddable":true,"href":"http:\/\/www.24baires.com\/index.php?rest_route=%2Fwp%2Fv2%2Fcomments&post=66215"}],"version-history":[{"count":1,"href":"http:\/\/www.24baires.com\/index.php?rest_route=\/wp\/v2\/posts\/66215\/revisions"}],"predecessor-version":[{"id":66216,"href":"http:\/\/www.24baires.com\/index.php?rest_route=\/wp\/v2\/posts\/66215\/revisions\/66216"}],"wp:attachment":[{"href":"http:\/\/www.24baires.com\/index.php?rest_route=%2Fwp%2Fv2%2Fmedia&parent=66215"}],"wp:term":[{"taxonomy":"category","embeddable":true,"href":"http:\/\/www.24baires.com\/index.php?rest_route=%2Fwp%2Fv2%2Fcategories&post=66215"},{"taxonomy":"post_tag","embeddable":true,"href":"http:\/\/www.24baires.com\/index.php?rest_route=%2Fwp%2Fv2%2Ftags&post=66215"}],"curies":[{"name":"wp","href":"https:\/\/api.w.org\/{rel}","templated":true}]}}