{"id":66198,"date":"2015-05-19T20:17:52","date_gmt":"2015-05-19T23:17:52","guid":{"rendered":"http:\/\/www.24baires.com\/?p=66198"},"modified":"2015-05-19T20:17:52","modified_gmt":"2015-05-19T23:17:52","slug":"ratifican-paro-para-el-9-de-junio","status":"publish","type":"post","link":"http:\/\/www.24baires.com\/?p=66198","title":{"rendered":"Ratifican paro para el 9 de junio"},"content":{"rendered":"<p><img data-recalc-dims=\"1\" loading=\"lazy\" decoding=\"async\" class=\"aligncenter size-full wp-image-66199\" src=\"https:\/\/i0.wp.com\/www.24baires.com\/wp-content\/uploads\/2015\/05\/paro.jpg?resize=560%2C372\" alt=\"paro\" width=\"560\" height=\"372\" srcset=\"https:\/\/i0.wp.com\/www.24baires.com\/wp-content\/uploads\/2015\/05\/paro.jpg?w=560 560w, https:\/\/i0.wp.com\/www.24baires.com\/wp-content\/uploads\/2015\/05\/paro.jpg?resize=300%2C199 300w\" sizes=\"auto, (max-width: 560px) 100vw, 560px\" \/>El titular de la CTA opositora, Pablo Micheli, confirm\u00f3 que la medida de fuerza no incluir\u00e1 un acto de todos los sectores involucrados frente a la Casa Rosada. Ratificaron adem\u00e1s el 9 de junio como la fecha para la medida de 24 horas tal como hab\u00eda propuesto la Confederaci\u00f3n Argentina de Trabajadores del Transporte (CATT).<!--more--><\/p>\n<p>El l\u00edder del sector de la Central de Trabajadores de la Argentina (CTA) m\u00e1s alejado del gobierno nacional, Pablo Micheli, confirm\u00f3 este martes que el paro nacional del sindicalismo opositor se realizar\u00e1 el 9 de junio, \u00absin movilizaci\u00f3n\u00bb a Plaza de Mayo, en reclamo de modificaciones en la escala del Impuesto a las Ganancias, entre otras demandas.<\/p>\n<p>Micheli formul\u00f3 estas declaraciones luego de reunirse con las centrales opositoras que comandan Hugo Moyano y Luis Barrionuevo en la sede de la Confederaci\u00f3n Argentina de Trabajadores del Transporte, en Jujuy 1074 de esta capital.<\/p>\n<p>En esa misma l\u00ednea, Moyano destac\u00f3 que \u00abhubo coincidencia plena\u00bb en las centrales sindicales opositoras para que la medida de fuerza se realizara el 9 de junio en coincidencia con la propuesta de la Confederaci\u00f3n Argentina de Trabajadores del Transporte (CATT).<\/p>\n<p>&nbsp;<\/p>\n<p>&nbsp;<\/p>\n<p>&nbsp;<\/p>\n<p>&nbsp;<\/p>\n<p>&nbsp;<\/p>\n<p>&nbsp;<\/p>\n<p>&nbsp;<\/p>\n<p>&nbsp;<\/p>\n<p>&nbsp;<\/p>\n<p>&nbsp;<\/p>\n<p>&nbsp;<\/p>\n<p>&nbsp;<\/p>\n<p>&nbsp;<\/p>\n","protected":false},"excerpt":{"rendered":"<p>El titular de la CTA opositora, Pablo Micheli, confirm\u00f3 que la medida de fuerza no incluir\u00e1 un acto de todos los sectores involucrados frente a la Casa Rosada. Ratificaron adem\u00e1s el 9 de junio como la fecha para la medida de 24 horas tal como hab\u00eda propuesto la Confederaci\u00f3n Argentina de Trabajadores del Transporte (CATT).<\/p>\n","protected":false},"author":8,"featured_media":0,"comment_status":"open","ping_status":"open","sticky":false,"template":"","format":"standard","meta":{"_jetpack_newsletter_access":"","_jetpack_dont_email_post_to_subs":false,"_jetpack_newsletter_tier_id":0,"_jetpack_memberships_contains_paywalled_content":false,"_jetpack_memberships_contains_paid_content":false,"footnotes":""},"categories":[51],"tags":[],"class_list":["post-66198","post","type-post","status-publish","format-standard","hentry","category-politica"],"jetpack_shortlink":"https:\/\/wp.me\/p2JWE0-hdI","jetpack-related-posts":[{"id":66107,"url":"http:\/\/www.24baires.com\/?p=66107","url_meta":{"origin":66198,"position":0},"title":"El nuevo paro nacional del transporte ser\u00e1 el 9 de junio","author":"GB","date":"18\/05\/2015","format":false,"excerpt":"Lo adelant\u00f3 este lunes el secretario general del gremio de Dragado y Balizamiento, Juan Carlos Schmid. Se espera que se sumen a la medida de fuerza la CTA opositora, el resto de los gremios nucleados en la CGT de Moyano y agrupaciones de izquierda. El secretario general de la Confederaci\u00f3n\u2026","rel":"","context":"En \u00abSociedad\u00bb","block_context":{"text":"Sociedad","link":"http:\/\/www.24baires.com\/?cat=1"},"img":{"alt_text":"","src":"","width":0,"height":0},"classes":[]},{"id":104614,"url":"http:\/\/www.24baires.com\/?p=104614","url_meta":{"origin":66198,"position":1},"title":"Las CTA comienzan el paro nacional con distintos actos","author":"GB","date":"24\/09\/2018","format":false,"excerpt":"En una semana que se prev\u00e9 conflictiva por el llamado a huelga de las centrales sindicales y la participaci\u00f3n de movimientos sociales, los sectores opositores empiezan una medida por 36 horas. Desde las 10 habr\u00e1 un acto en Puente Pueyrred\u00f3n y a las 15 se realizar\u00e1 otro en Plaza de\u2026","rel":"","context":"En \u00abPol\u00edtica\u00bb","block_context":{"text":"Pol\u00edtica","link":"http:\/\/www.24baires.com\/?cat=51"},"img":{"alt_text":"","src":"https:\/\/i0.wp.com\/www.24baires.com\/wp-content\/uploads\/2017\/12\/marcha-mar-del-plata.png?resize=350%2C200","width":350,"height":200,"srcset":"https:\/\/i0.wp.com\/www.24baires.com\/wp-content\/uploads\/2017\/12\/marcha-mar-del-plata.png?resize=350%2C200 1x, https:\/\/i0.wp.com\/www.24baires.com\/wp-content\/uploads\/2017\/12\/marcha-mar-del-plata.png?resize=525%2C300 1.5x"},"classes":[]},{"id":83364,"url":"http:\/\/www.24baires.com\/?p=83364","url_meta":{"origin":66198,"position":2},"title":"Yasky y Micheli ratificar\u00e1n el paro del pr\u00f3ximo jueves","author":"AF","date":"01\/06\/2016","format":false,"excerpt":"Ser\u00e1 a trav\u00e9s de una conferencia de prensa con los secretarios generales de la CTA de los Trabajadores y la CTA Aut\u00f3noma, donde ampliar\u00e1n detalles de la movilizaci\u00f3n y el acto en la Plaza de Mayo. Los secretarios generales de la CTA de los Trabajadores y CTA Aut\u00f3noma Hugo Yasky\u2026","rel":"","context":"En \u00abSociedad\u00bb","block_context":{"text":"Sociedad","link":"http:\/\/www.24baires.com\/?cat=1"},"img":{"alt_text":"yasky micheli","src":"https:\/\/i0.wp.com\/www.24baires.com\/wp-content\/uploads\/2014\/10\/yasky-micheli.jpg?resize=350%2C200","width":350,"height":200,"srcset":"https:\/\/i0.wp.com\/www.24baires.com\/wp-content\/uploads\/2014\/10\/yasky-micheli.jpg?resize=350%2C200 1x, https:\/\/i0.wp.com\/www.24baires.com\/wp-content\/uploads\/2014\/10\/yasky-micheli.jpg?resize=525%2C300 1.5x"},"classes":[]},{"id":106187,"url":"http:\/\/www.24baires.com\/?p=106187","url_meta":{"origin":66198,"position":3},"title":"Camioneros y la CTA preparan medidas de fuerza contra los tarifazos","author":"GB","date":"03\/01\/2019","format":false,"excerpt":"Los gremios de los Moyano, Pablo Micheli y Hugo Yasky brindar\u00e1n una conferencia de prensa para anunciar la primera movilizaci\u00f3n del 2019. La CTA de los Trabajadores de Hugo Yasky, la CTA Aut\u00f3noma de Pablo Micheli y el sindicato de Camioneros de Hugo y Pablo Moyano brindar\u00e1n este jueves una\u2026","rel":"","context":"En \u00abPol\u00edtica\u00bb","block_context":{"text":"Pol\u00edtica","link":"http:\/\/www.24baires.com\/?cat=51"},"img":{"alt_text":"","src":"https:\/\/i0.wp.com\/www.24baires.com\/wp-content\/uploads\/2016\/11\/acto-cta.jpg?resize=350%2C200","width":350,"height":200,"srcset":"https:\/\/i0.wp.com\/www.24baires.com\/wp-content\/uploads\/2016\/11\/acto-cta.jpg?resize=350%2C200 1x, https:\/\/i0.wp.com\/www.24baires.com\/wp-content\/uploads\/2016\/11\/acto-cta.jpg?resize=525%2C300 1.5x"},"classes":[]},{"id":93053,"url":"http:\/\/www.24baires.com\/?p=93053","url_meta":{"origin":66198,"position":4},"title":"Las dos CTA anunciaron un paro general para el 30 de marzo","author":"GB","date":"14\/03\/2017","format":false,"excerpt":"Tanto la Central de Trabajadores de la Argentina (CTA) que dirige Pablo Micheli como la que conduce Hugo Yastki anunciaron hoy un paro general para el pr\u00f3ximo 30 de marzo, decisi\u00f3n que se anticipa a la Confederaci\u00f3n General del Trabajo. Las dos centrales obreras convocaron hoy a un paro general\u2026","rel":"","context":"En \u00abSociedad\u00bb","block_context":{"text":"Sociedad","link":"http:\/\/www.24baires.com\/?cat=1"},"img":{"alt_text":"","src":"https:\/\/i0.wp.com\/www.24baires.com\/wp-content\/uploads\/2012\/11\/yasky-hugo.jpg?resize=350%2C200","width":350,"height":200,"srcset":"https:\/\/i0.wp.com\/www.24baires.com\/wp-content\/uploads\/2012\/11\/yasky-hugo.jpg?resize=350%2C200 1x, https:\/\/i0.wp.com\/www.24baires.com\/wp-content\/uploads\/2012\/11\/yasky-hugo.jpg?resize=525%2C300 1.5x"},"classes":[]},{"id":52791,"url":"http:\/\/www.24baires.com\/?p=52791","url_meta":{"origin":66198,"position":5},"title":"Micheli reconoci\u00f3 la poca adhesi\u00f3n al paro","author":"Grupo Sierra","date":"31\/08\/2014","format":false,"excerpt":"\"Comparando con el 10 de abril el paro tuvo menos cantidad pero m\u00e1s calidad\", declar\u00f3. El titular de la CTA opositora, Pablo Micheli, admiti\u00f3 que el paro nacional del jueves convocado por las centrales de trabajadores opositoras tuvo una adhesi\u00f3n menor que el realizado el 10 de abril pasado. \u201cComparando\u2026","rel":"","context":"En \u00abPol\u00edtica\u00bb","block_context":{"text":"Pol\u00edtica","link":"http:\/\/www.24baires.com\/?cat=51"},"img":{"alt_text":"micheli-moyano","src":"https:\/\/i0.wp.com\/www.24baires.com\/wp-content\/uploads\/2012\/12\/micheli-moyano.jpg?resize=350%2C200","width":350,"height":200,"srcset":"https:\/\/i0.wp.com\/www.24baires.com\/wp-content\/uploads\/2012\/12\/micheli-moyano.jpg?resize=350%2C200 1x, https:\/\/i0.wp.com\/www.24baires.com\/wp-content\/uploads\/2012\/12\/micheli-moyano.jpg?resize=525%2C300 1.5x"},"classes":[]}],"jetpack_sharing_enabled":true,"jetpack_likes_enabled":true,"jetpack_featured_media_url":"","_links":{"self":[{"href":"http:\/\/www.24baires.com\/index.php?rest_route=\/wp\/v2\/posts\/66198","targetHints":{"allow":["GET"]}}],"collection":[{"href":"http:\/\/www.24baires.com\/index.php?rest_route=\/wp\/v2\/posts"}],"about":[{"href":"http:\/\/www.24baires.com\/index.php?rest_route=\/wp\/v2\/types\/post"}],"author":[{"embeddable":true,"href":"http:\/\/www.24baires.com\/index.php?rest_route=\/wp\/v2\/users\/8"}],"replies":[{"embeddable":true,"href":"http:\/\/www.24baires.com\/index.php?rest_route=%2Fwp%2Fv2%2Fcomments&post=66198"}],"version-history":[{"count":1,"href":"http:\/\/www.24baires.com\/index.php?rest_route=\/wp\/v2\/posts\/66198\/revisions"}],"predecessor-version":[{"id":66200,"href":"http:\/\/www.24baires.com\/index.php?rest_route=\/wp\/v2\/posts\/66198\/revisions\/66200"}],"wp:attachment":[{"href":"http:\/\/www.24baires.com\/index.php?rest_route=%2Fwp%2Fv2%2Fmedia&parent=66198"}],"wp:term":[{"taxonomy":"category","embeddable":true,"href":"http:\/\/www.24baires.com\/index.php?rest_route=%2Fwp%2Fv2%2Fcategories&post=66198"},{"taxonomy":"post_tag","embeddable":true,"href":"http:\/\/www.24baires.com\/index.php?rest_route=%2Fwp%2Fv2%2Ftags&post=66198"}],"curies":[{"name":"wp","href":"https:\/\/api.w.org\/{rel}","templated":true}]}}