{"id":66086,"date":"2015-05-18T11:00:25","date_gmt":"2015-05-18T14:00:25","guid":{"rendered":"http:\/\/www.24baires.com\/?p=66086"},"modified":"2015-05-18T10:58:41","modified_gmt":"2015-05-18T13:58:41","slug":"berni-pidio-intervenir-la-afa-por-seis-meses","status":"publish","type":"post","link":"http:\/\/www.24baires.com\/?p=66086","title":{"rendered":"Berni pidi\u00f3 intervenir la AFA por seis meses"},"content":{"rendered":"<p><img data-recalc-dims=\"1\" loading=\"lazy\" decoding=\"async\" class=\"aligncenter size-full wp-image-62280\" src=\"https:\/\/i0.wp.com\/www.24baires.com\/wp-content\/uploads\/2015\/02\/berni.jpg?resize=560%2C314\" alt=\"berni\" width=\"560\" height=\"314\" srcset=\"https:\/\/i0.wp.com\/www.24baires.com\/wp-content\/uploads\/2015\/02\/berni.jpg?w=560 560w, https:\/\/i0.wp.com\/www.24baires.com\/wp-content\/uploads\/2015\/02\/berni.jpg?resize=300%2C168 300w\" sizes=\"auto, (max-width: 560px) 100vw, 560px\" \/>El secretario de Seguridad, Sergio Berni, no se baja de la carrera por la Gobernaci\u00f3n bonaerense, y por el contrario, apuesta a levantar su perfil de candidato por el Frente para la Victoria (FpV) al asegurar que puede terminar con la violencia en el f\u00fatbol, para lo que solicit\u00f3 \u201cintervenir la AFA por seis meses\u201d.<!--more--><\/p>\n<p>\u00abNo tengo ninguna duda, porque esto est\u00e1 todo podrido. Yo se lo digo todos los d\u00edas a los dirigentes: intervengamos la AFA seis meses\u00bb, se\u00f1al\u00f3 anoche en declaraciones televisivas, luego de los incidentes ocurridos el jueves en la cancha del Club Boca Juniors. E insisti\u00f3: \u00abEsto es una cuesti\u00f3n integral, si quieren se lo soluciono. Cuando a m\u00ed me dicen &#8216;h\u00e1gase cargo de la seguridad&#8217;, yo les digo &#8216;dame la AFA, yo te la manejo y lo soluciono'\u00bb, insisti\u00f3 Berni.<\/p>\n<p>El funcionario asegur\u00f3 adem\u00e1s que el problema \u00abno es social\u00bb, y lo relacion\u00f3 con la relaci\u00f3n de la dirigencia con las barras bravas: \u00abEs un conjunto de pol\u00edticas que se pueden hacer factiblemente. Y creo que tiene que venir alguien de afuera. No pueden ser los mismos apasionados que est\u00e1n enroscados en la pasi\u00f3n, en los negocios, en toda la cadena de responsabilidades. Esto se soluciona f\u00e1cil, no se necesita ning\u00fan extraterrestre que lo venga a solucionar, porque esto no es un problema social\u00bb, asever\u00f3.<\/p>\n<p>El secretario advirti\u00f3 adem\u00e1s que los dirigentes, \u00abpor acci\u00f3n u omisi\u00f3n, son responsables\u00bb de lo que ocurre en las canchas, y dijo que \u00abtiene que haber una decisi\u00f3n\u00bb para enfrentar el problema. \u00abSe\u00f1ores, no hay problemas, yo me hago cargo. Denme la posibilidad del derecho de admisi\u00f3n, la tecnolog\u00eda del AFA Plus, y no tengan ninguna duda de que esto se soluciona. Tiene que haber una decisi\u00f3n\u00bb, afirm\u00f3.<\/p>\n<p>&nbsp;<\/p>\n<p>&nbsp;<\/p>\n<p>&nbsp;<\/p>\n<p>&nbsp;<\/p>\n<p>&nbsp;<\/p>\n<p>&nbsp;<\/p>\n<p>&nbsp;<\/p>\n<p>&nbsp;<\/p>\n<p>&nbsp;<\/p>\n<p>&nbsp;<\/p>\n<p>&nbsp;<\/p>\n<p>&nbsp;<\/p>\n<p>&nbsp;<\/p>\n<p>&nbsp;<\/p>\n<p>&nbsp;<\/p>\n<p>&nbsp;<\/p>\n","protected":false},"excerpt":{"rendered":"<p>El secretario de Seguridad, Sergio Berni, no se baja de la carrera por la Gobernaci\u00f3n bonaerense, y por el contrario, apuesta a levantar su perfil de candidato por el Frente para la Victoria (FpV) al asegurar que puede terminar con la violencia en el f\u00fatbol, para lo que solicit\u00f3 \u201cintervenir la AFA por seis meses\u201d.<\/p>\n","protected":false},"author":8,"featured_media":0,"comment_status":"open","ping_status":"open","sticky":false,"template":"","format":"standard","meta":{"_jetpack_newsletter_access":"","_jetpack_dont_email_post_to_subs":false,"_jetpack_newsletter_tier_id":0,"_jetpack_memberships_contains_paywalled_content":false,"_jetpack_memberships_contains_paid_content":false,"footnotes":""},"categories":[51],"tags":[],"class_list":["post-66086","post","type-post","status-publish","format-standard","hentry","category-politica"],"jetpack_shortlink":"https:\/\/wp.me\/p2JWE0-hbU","jetpack-related-posts":[{"id":25194,"url":"http:\/\/www.24baires.com\/?p=25194","url_meta":{"origin":66086,"position":0},"title":"River recibir\u00e1 a Independiente a las 14 \u00abpor seguridad\u00bb","author":"Grupo Sierra","date":"05\/06\/2013","format":false,"excerpt":"El secretario de Seguridad, Sergio Berni, dijo, al salir de la AFA, que hay que \"asegurar la integridad de los espectadores\". San Lorenzo y Argentinos jugar\u00e1n el lunes a las 16. Boca-Racing el domingo a las 21.30 horas. La AFA reprogram\u00f3 esta noche los horarios de tres partidos del pr\u00f3ximo\u2026","rel":"","context":"En \u00abDeportes\u00bb","block_context":{"text":"Deportes","link":"http:\/\/www.24baires.com\/?cat=12"},"img":{"alt_text":"","src":"https:\/\/i0.wp.com\/www.24baires.com\/wp-content\/uploads\/2013\/06\/berni-river-independiente.jpg?resize=350%2C200","width":350,"height":200},"classes":[]},{"id":59316,"url":"http:\/\/www.24baires.com\/?p=59316","url_meta":{"origin":66086,"position":1},"title":"Se eval\u00faa el regreso del p\u00fablico visitante a las canchas","author":"Grupo Sierra","date":"29\/12\/2014","format":false,"excerpt":"El gobernador Daniel Scioli admiti\u00f3 hoy que estudian el regreso del p\u00fablico visitante a las canchas de f\u00fatbol en el pr\u00f3ximo campeonato de la AFA, aunque dijo que esa determinaci\u00f3n \"depender\u00e1 de la colaboraci\u00f3n de las hinchadas, la dirigencia del f\u00fatbol y las disponibilidades log\u00edsticas\" de su gobierno. Luego de\u2026","rel":"","context":"En \u00abDeportes\u00bb","block_context":{"text":"Deportes","link":"http:\/\/www.24baires.com\/?cat=12"},"img":{"alt_text":"cancha vac\u00eda","src":"https:\/\/i0.wp.com\/www.24baires.com\/wp-content\/uploads\/2013\/09\/cancha-vac%C3%ADa.jpg?resize=350%2C200","width":350,"height":200,"srcset":"https:\/\/i0.wp.com\/www.24baires.com\/wp-content\/uploads\/2013\/09\/cancha-vac%C3%ADa.jpg?resize=350%2C200 1x, https:\/\/i0.wp.com\/www.24baires.com\/wp-content\/uploads\/2013\/09\/cancha-vac%C3%ADa.jpg?resize=525%2C300 1.5x"},"classes":[]},{"id":32426,"url":"http:\/\/www.24baires.com\/?p=32426","url_meta":{"origin":66086,"position":2},"title":"Finalmente, el f\u00fatbol seguir\u00e1 sin p\u00fablico visitante en las canchas","author":"AF","date":"25\/09\/2013","format":false,"excerpt":"El f\u00fatbol argentino continuar\u00e1 sin hinchas visitantes por tiempo indeterminado, confirm\u00f3 anoche el vicepresidente de la AFA, Luis Segura. \u201cVa a seguir todo igual, no va a haber modificaciones y no hay plazos para que vuelvan los visitantes\u201d, precis\u00f3 Segura. Esta resoluci\u00f3n de seguir sin p\u00fablica visitante en los escenarios\u2026","rel":"","context":"En \u00abSociedad\u00bb","block_context":{"text":"Sociedad","link":"http:\/\/www.24baires.com\/?cat=1"},"img":{"alt_text":"sede afa","src":"https:\/\/i0.wp.com\/www.24baires.com\/wp-content\/uploads\/2013\/06\/sede-afa.jpg?resize=350%2C200","width":350,"height":200,"srcset":"https:\/\/i0.wp.com\/www.24baires.com\/wp-content\/uploads\/2013\/06\/sede-afa.jpg?resize=350%2C200 1x, https:\/\/i0.wp.com\/www.24baires.com\/wp-content\/uploads\/2013\/06\/sede-afa.jpg?resize=525%2C300 1.5x"},"classes":[]},{"id":28983,"url":"http:\/\/www.24baires.com\/?p=28983","url_meta":{"origin":66086,"position":3},"title":"\u00abDe ser necesario, se jugar\u00e1 sin p\u00fablico\u00bb, asegur\u00f3 Berni","author":"AF","date":"26\/07\/2013","format":false,"excerpt":"El secretario de Seguridad de la Naci\u00f3n, Sergio Berni, asegur\u00f3 que si es necesario, los partidos de f\u00fatbol \u201cse jugar\u00e1n sin p\u00fablico y que los dirigentes deber\u00e1n abosrver las consecuencias econ\u00f3micas\u201d. \u201cSeguramente la AFA le est\u00e1 comunicando a los clubes que van a jugar sin visitantes. Seremos muy cr\u00edticos y\u2026","rel":"","context":"En \u00abSociedad\u00bb","block_context":{"text":"Sociedad","link":"http:\/\/www.24baires.com\/?cat=1"},"img":{"alt_text":"berni","src":"https:\/\/i0.wp.com\/www.24baires.com\/wp-content\/uploads\/2013\/02\/berni-300x200.jpg?resize=350%2C200","width":350,"height":200},"classes":[]},{"id":100780,"url":"http:\/\/www.24baires.com\/?p=100780","url_meta":{"origin":66086,"position":4},"title":"Los \u00abpartidos relevantes\u00bb ya no se podr\u00e1n ver gratis","author":"GB","date":"28\/02\/2018","format":false,"excerpt":"La Justicia confirm\u00f3 la decisi\u00f3n que, a pedido de FOX y Turner, suspendi\u00f3 los art\u00edculos de la Ley de Medios que aseguran el acceso gratuito a eventos futbol\u00edsticos relevantes. La Sala III de la C\u00e1mara Contencioso Administrativo Federal confirm\u00f3 la decisi\u00f3n que hab\u00eda adoptado en primera instancia el juez Enrique\u2026","rel":"","context":"En \u00abDeportes\u00bb","block_context":{"text":"Deportes","link":"http:\/\/www.24baires.com\/?cat=12"},"img":{"alt_text":"","src":"https:\/\/i0.wp.com\/www.24baires.com\/wp-content\/uploads\/2018\/02\/codificado.jpg?resize=350%2C200","width":350,"height":200,"srcset":"https:\/\/i0.wp.com\/www.24baires.com\/wp-content\/uploads\/2018\/02\/codificado.jpg?resize=350%2C200 1x, https:\/\/i0.wp.com\/www.24baires.com\/wp-content\/uploads\/2018\/02\/codificado.jpg?resize=525%2C300 1.5x"},"classes":[]},{"id":111056,"url":"http:\/\/www.24baires.com\/?p=111056","url_meta":{"origin":66086,"position":5},"title":"La AFA present\u00f3 una queja formal ante la Conmebol por el arbitraje de Argentina-Brasil","author":"AF","date":"03\/07\/2019","format":false,"excerpt":"El presidente de la Asociaci\u00f3n del F\u00fatbol Argentino, Claudio \"Chiqui\" Tapia, le envi\u00f3 una carta a la m\u00e1xima entidad del f\u00fatbol sudamericano por el mal arbitraje del ecuatoriano Roddy Zambrano en la semifinal de la Copa Am\u00e9rica. La Asociaci\u00f3n del F\u00fatbol Argentino (AFA) present\u00f3 hoy a trav\u00e9s de una carta\u2026","rel":"","context":"En \u00abDeportes\u00bb","block_context":{"text":"Deportes","link":"http:\/\/www.24baires.com\/?cat=12"},"img":{"alt_text":"","src":"https:\/\/i0.wp.com\/www.24baires.com\/wp-content\/uploads\/2019\/07\/%C3%A1rbitro-messi.jpg?resize=350%2C200","width":350,"height":200,"srcset":"https:\/\/i0.wp.com\/www.24baires.com\/wp-content\/uploads\/2019\/07\/%C3%A1rbitro-messi.jpg?resize=350%2C200 1x, https:\/\/i0.wp.com\/www.24baires.com\/wp-content\/uploads\/2019\/07\/%C3%A1rbitro-messi.jpg?resize=525%2C300 1.5x"},"classes":[]}],"jetpack_sharing_enabled":true,"jetpack_likes_enabled":true,"jetpack_featured_media_url":"","_links":{"self":[{"href":"http:\/\/www.24baires.com\/index.php?rest_route=\/wp\/v2\/posts\/66086","targetHints":{"allow":["GET"]}}],"collection":[{"href":"http:\/\/www.24baires.com\/index.php?rest_route=\/wp\/v2\/posts"}],"about":[{"href":"http:\/\/www.24baires.com\/index.php?rest_route=\/wp\/v2\/types\/post"}],"author":[{"embeddable":true,"href":"http:\/\/www.24baires.com\/index.php?rest_route=\/wp\/v2\/users\/8"}],"replies":[{"embeddable":true,"href":"http:\/\/www.24baires.com\/index.php?rest_route=%2Fwp%2Fv2%2Fcomments&post=66086"}],"version-history":[{"count":1,"href":"http:\/\/www.24baires.com\/index.php?rest_route=\/wp\/v2\/posts\/66086\/revisions"}],"predecessor-version":[{"id":66087,"href":"http:\/\/www.24baires.com\/index.php?rest_route=\/wp\/v2\/posts\/66086\/revisions\/66087"}],"wp:attachment":[{"href":"http:\/\/www.24baires.com\/index.php?rest_route=%2Fwp%2Fv2%2Fmedia&parent=66086"}],"wp:term":[{"taxonomy":"category","embeddable":true,"href":"http:\/\/www.24baires.com\/index.php?rest_route=%2Fwp%2Fv2%2Fcategories&post=66086"},{"taxonomy":"post_tag","embeddable":true,"href":"http:\/\/www.24baires.com\/index.php?rest_route=%2Fwp%2Fv2%2Ftags&post=66086"}],"curies":[{"name":"wp","href":"https:\/\/api.w.org\/{rel}","templated":true}]}}