{"id":66077,"date":"2015-05-18T10:23:47","date_gmt":"2015-05-18T13:23:47","guid":{"rendered":"http:\/\/www.24baires.com\/?p=66077"},"modified":"2015-05-19T10:38:22","modified_gmt":"2015-05-19T13:38:22","slug":"anibal-descarto-una-posible-alianza-entre-massa-y-macri","status":"publish","type":"post","link":"http:\/\/www.24baires.com\/?p=66077","title":{"rendered":"An\u00edbal descart\u00f3 una posible alianza entre Massa y Macri"},"content":{"rendered":"<p><img data-recalc-dims=\"1\" loading=\"lazy\" decoding=\"async\" class=\"aligncenter size-full wp-image-63981\" src=\"https:\/\/i0.wp.com\/www.24baires.com\/wp-content\/uploads\/2015\/04\/anibal-conferencia.jpg?resize=560%2C379\" alt=\"anibal conferencia\" width=\"560\" height=\"379\" srcset=\"https:\/\/i0.wp.com\/www.24baires.com\/wp-content\/uploads\/2015\/04\/anibal-conferencia.jpg?w=560 560w, https:\/\/i0.wp.com\/www.24baires.com\/wp-content\/uploads\/2015\/04\/anibal-conferencia.jpg?resize=300%2C203 300w\" sizes=\"auto, (max-width: 560px) 100vw, 560px\" \/>El jefe de Gabinete desestim\u00f3 un eventual acuerdo entre el l\u00edder del PRO y su par del Frente Renovador de cara a las PASO. \u00abNo creo que nada de eso suceda\u00bb, sentenci\u00f3.<!--more--><\/p>\n<p>\u00abNo es un tema que me preocupe, lo que hace la oposici\u00f3n es un tema de ellos. Yo no creo que suceda nada de eso, no tienen nada que ver uno con otro\u00bb, afirm\u00f3 Fern\u00e1ndez consultado por la posibilidad de una alianza entre Mauricio Macri y Sergio Massa.<\/p>\n<p>\u00abNo tienen mucho tiempo para generar las alianzas porque es el 10 de junio y el 20 se presentan las listas as\u00ed que tantas elucubraciones tienen fin en unos d\u00edas\u00bb, agreg\u00f3.<\/p>\n","protected":false},"excerpt":{"rendered":"<p>El jefe de Gabinete desestim\u00f3 un eventual acuerdo entre el l\u00edder del PRO y su par del Frente Renovador de cara a las PASO. \u00abNo creo que nada de eso suceda\u00bb, sentenci\u00f3.<\/p>\n","protected":false},"author":8,"featured_media":0,"comment_status":"open","ping_status":"open","sticky":false,"template":"","format":"standard","meta":{"_jetpack_newsletter_access":"","_jetpack_dont_email_post_to_subs":false,"_jetpack_newsletter_tier_id":0,"_jetpack_memberships_contains_paywalled_content":false,"_jetpack_memberships_contains_paid_content":false,"footnotes":""},"categories":[51],"tags":[],"class_list":["post-66077","post","type-post","status-publish","format-standard","hentry","category-politica"],"jetpack_shortlink":"https:\/\/wp.me\/p2JWE0-hbL","jetpack-related-posts":[{"id":107118,"url":"http:\/\/www.24baires.com\/?p=107118","url_meta":{"origin":66077,"position":0},"title":"El PJ invita a Massa y a los Gobernadores a una \u201cgran interna\u201d opositora","author":"GB","date":"07\/03\/2019","format":false,"excerpt":"El Partido Justicialista, en el orden nacional, celebra hoy un Congreso en el que se habilitar\u00e1 al espacio a conformar alianzas electorales. A su ingreso al estadio de Ferro, desde el kirchnerismo abrieron las puertas a espacios disidentes. Tal como el PJ Bonaerense hizo hace apenas unas semanas, el Partido\u2026","rel":"","context":"En \u00abProvincia\u00bb","block_context":{"text":"Provincia","link":"http:\/\/www.24baires.com\/?cat=40"},"img":{"alt_text":"","src":"https:\/\/i0.wp.com\/www.24baires.com\/wp-content\/uploads\/2019\/03\/congreso-justicialista.jpg?resize=350%2C200","width":350,"height":200,"srcset":"https:\/\/i0.wp.com\/www.24baires.com\/wp-content\/uploads\/2019\/03\/congreso-justicialista.jpg?resize=350%2C200 1x, https:\/\/i0.wp.com\/www.24baires.com\/wp-content\/uploads\/2019\/03\/congreso-justicialista.jpg?resize=525%2C300 1.5x"},"classes":[]},{"id":108513,"url":"http:\/\/www.24baires.com\/?p=108513","url_meta":{"origin":66077,"position":1},"title":"Urtubey niega una alianza con Cambiemos y asegura ser \u00abla tercera posici\u00f3n\u00bb","author":"AF","date":"31\/05\/2019","format":false,"excerpt":"El Gobernador de Salta reafirm\u00f3 su permanencia en Alternativa Federal. \"Somos la alternativa diferente a Macri y a Cristina\", dijo. Juan Manuel Urtubey habl\u00f3 sobre el futuro de Alternativa Federal y sobre un posible acercamiento al Gobierno de Mauricio Macri. Sobre el espacio que integra junto con Juan Schiaretti, Sergio\u2026","rel":"","context":"En \u00abPol\u00edtica\u00bb","block_context":{"text":"Pol\u00edtica","link":"http:\/\/www.24baires.com\/?cat=51"},"img":{"alt_text":"","src":"https:\/\/i0.wp.com\/www.24baires.com\/wp-content\/uploads\/2016\/09\/urtubey-vidal-macri.jpg?resize=350%2C200","width":350,"height":200,"srcset":"https:\/\/i0.wp.com\/www.24baires.com\/wp-content\/uploads\/2016\/09\/urtubey-vidal-macri.jpg?resize=350%2C200 1x, https:\/\/i0.wp.com\/www.24baires.com\/wp-content\/uploads\/2016\/09\/urtubey-vidal-macri.jpg?resize=525%2C300 1.5x"},"classes":[]},{"id":71283,"url":"http:\/\/www.24baires.com\/?p=71283","url_meta":{"origin":66077,"position":2},"title":"An\u00edbal: \u201cMassa se subordin\u00f3 a ser furg\u00f3n de cola de Macri\u201d","author":"AF","date":"28\/08\/2015","format":false,"excerpt":"El jefe de Gabinete sostuvo que los dirigentes de la oposici\u00f3n que reclaman una reforma al sistema electoral esconden \u201cuna vocaci\u00f3n encubierta de hacer una alianza\u201d y que, en ese marco, \"han ido todos como furg\u00f3n de cola de Macri\u201d. Para el funcionario nacional, los pol\u00edticos de la oposici\u00f3n que\u2026","rel":"","context":"En \u00abPol\u00edtica\u00bb","block_context":{"text":"Pol\u00edtica","link":"http:\/\/www.24baires.com\/?cat=51"},"img":{"alt_text":"an\u00edbal cierre","src":"https:\/\/i0.wp.com\/www.24baires.com\/wp-content\/uploads\/2015\/08\/an%C3%ADbal-cierre.jpg?resize=350%2C200","width":350,"height":200,"srcset":"https:\/\/i0.wp.com\/www.24baires.com\/wp-content\/uploads\/2015\/08\/an%C3%ADbal-cierre.jpg?resize=350%2C200 1x, https:\/\/i0.wp.com\/www.24baires.com\/wp-content\/uploads\/2015\/08\/an%C3%ADbal-cierre.jpg?resize=525%2C300 1.5x"},"classes":[]},{"id":101086,"url":"http:\/\/www.24baires.com\/?p=101086","url_meta":{"origin":66077,"position":3},"title":"Stolbizer sobre la continuidad de 1Pa\u00eds: \u00abLas alianzas empiezan y terminan\u00bb","author":"AF","date":"15\/03\/2018","format":false,"excerpt":"La exdiputada nacional, Margarita Stolbizer, ech\u00f3 por tierra su alianza con Sergio Massa, al calificar 1Pa\u00eds como \"una alianza electoral\", y sostener que esos espacios \"empiezan y terminan en tiempos electorales\". En declaraciones period\u00edsticas, Stolbizer se refiri\u00f3 al encuentro que ayer comparti\u00f3 Massa con Florencio Randazzo, y no alent\u00f3 la\u2026","rel":"","context":"En \u00abPol\u00edtica\u00bb","block_context":{"text":"Pol\u00edtica","link":"http:\/\/www.24baires.com\/?cat=51"},"img":{"alt_text":"","src":"https:\/\/i0.wp.com\/www.24baires.com\/wp-content\/uploads\/2016\/02\/massa-estolbizer.jpg?resize=350%2C200","width":350,"height":200,"srcset":"https:\/\/i0.wp.com\/www.24baires.com\/wp-content\/uploads\/2016\/02\/massa-estolbizer.jpg?resize=350%2C200 1x, https:\/\/i0.wp.com\/www.24baires.com\/wp-content\/uploads\/2016\/02\/massa-estolbizer.jpg?resize=525%2C300 1.5x"},"classes":[]},{"id":110754,"url":"http:\/\/www.24baires.com\/?p=110754","url_meta":{"origin":66077,"position":4},"title":"Pe\u00f1a reconoci\u00f3 que Cambiemos ya no es m\u00e1s Cambiemos","author":"AF","date":"11\/06\/2019","format":false,"excerpt":"El jefe de Gabinete lo hizo en conferencia de prensa en Casa Rosada, tras el anuncio de la f\u00f3rmula oficialista para las pr\u00f3ximas elecciones. El jefe de Gabinete, Marcos Pe\u00f1a, admiti\u00f3 que \"es una posibilidad\" que se modifique el nombre de la alianza gubernamental Cambiemos, pero a\u00fan \"no est\u00e1 confirmado\",\u2026","rel":"","context":"En \u00abPol\u00edtica\u00bb","block_context":{"text":"Pol\u00edtica","link":"http:\/\/www.24baires.com\/?cat=51"},"img":{"alt_text":"","src":"https:\/\/i0.wp.com\/www.24baires.com\/wp-content\/uploads\/2018\/05\/pe%C3%B1a.jpg?resize=350%2C200","width":350,"height":200,"srcset":"https:\/\/i0.wp.com\/www.24baires.com\/wp-content\/uploads\/2018\/05\/pe%C3%B1a.jpg?resize=350%2C200 1x, https:\/\/i0.wp.com\/www.24baires.com\/wp-content\/uploads\/2018\/05\/pe%C3%B1a.jpg?resize=525%2C300 1.5x"},"classes":[]},{"id":110766,"url":"http:\/\/www.24baires.com\/?p=110766","url_meta":{"origin":66077,"position":5},"title":"\u00abCambiemos\u00bb pasa a llamarse \u00abJuntos por el cambio\u00bb","author":"AF","date":"12\/06\/2019","format":false,"excerpt":"Tras anunciar el acuerdo con Miguel Pichetto para que acompa\u00f1e a Mauricio Macri en la f\u00f3rmula presidencial, el oficialismo realiz\u00f3 una lavada de cara al m\u00e1rketing electoral. Con la necesidad de reinventarse de cara a las presidenciales de 2019, el Gobierno confirm\u00f3 que \"Juntos por el Cambio\" ser\u00e1 el nombre\u2026","rel":"","context":"En \u00abPol\u00edtica\u00bb","block_context":{"text":"Pol\u00edtica","link":"http:\/\/www.24baires.com\/?cat=51"},"img":{"alt_text":"","src":"https:\/\/i0.wp.com\/www.24baires.com\/wp-content\/uploads\/2019\/03\/MACRI-CONGRESO.png?resize=350%2C200","width":350,"height":200,"srcset":"https:\/\/i0.wp.com\/www.24baires.com\/wp-content\/uploads\/2019\/03\/MACRI-CONGRESO.png?resize=350%2C200 1x, https:\/\/i0.wp.com\/www.24baires.com\/wp-content\/uploads\/2019\/03\/MACRI-CONGRESO.png?resize=525%2C300 1.5x"},"classes":[]}],"jetpack_sharing_enabled":true,"jetpack_likes_enabled":true,"jetpack_featured_media_url":"","_links":{"self":[{"href":"http:\/\/www.24baires.com\/index.php?rest_route=\/wp\/v2\/posts\/66077","targetHints":{"allow":["GET"]}}],"collection":[{"href":"http:\/\/www.24baires.com\/index.php?rest_route=\/wp\/v2\/posts"}],"about":[{"href":"http:\/\/www.24baires.com\/index.php?rest_route=\/wp\/v2\/types\/post"}],"author":[{"embeddable":true,"href":"http:\/\/www.24baires.com\/index.php?rest_route=\/wp\/v2\/users\/8"}],"replies":[{"embeddable":true,"href":"http:\/\/www.24baires.com\/index.php?rest_route=%2Fwp%2Fv2%2Fcomments&post=66077"}],"version-history":[{"count":1,"href":"http:\/\/www.24baires.com\/index.php?rest_route=\/wp\/v2\/posts\/66077\/revisions"}],"predecessor-version":[{"id":66078,"href":"http:\/\/www.24baires.com\/index.php?rest_route=\/wp\/v2\/posts\/66077\/revisions\/66078"}],"wp:attachment":[{"href":"http:\/\/www.24baires.com\/index.php?rest_route=%2Fwp%2Fv2%2Fmedia&parent=66077"}],"wp:term":[{"taxonomy":"category","embeddable":true,"href":"http:\/\/www.24baires.com\/index.php?rest_route=%2Fwp%2Fv2%2Fcategories&post=66077"},{"taxonomy":"post_tag","embeddable":true,"href":"http:\/\/www.24baires.com\/index.php?rest_route=%2Fwp%2Fv2%2Ftags&post=66077"}],"curies":[{"name":"wp","href":"https:\/\/api.w.org\/{rel}","templated":true}]}}