{"id":66062,"date":"2015-05-17T18:25:00","date_gmt":"2015-05-17T21:25:00","guid":{"rendered":"http:\/\/www.24baires.com\/?p=66062"},"modified":"2015-05-17T18:25:00","modified_gmt":"2015-05-17T21:25:00","slug":"niegan-que-exista-empresa-de-supuesta-cuenta-de-maximo-y-garre","status":"publish","type":"post","link":"http:\/\/www.24baires.com\/?p=66062","title":{"rendered":"Niegan que exista empresa de supuesta cuenta de M\u00e1ximo y Garr\u00e9"},"content":{"rendered":"<p><img data-recalc-dims=\"1\" loading=\"lazy\" decoding=\"async\" class=\"aligncenter size-full wp-image-41462\" src=\"https:\/\/i0.wp.com\/www.24baires.com\/wp-content\/uploads\/2014\/03\/maximo-kirchner.jpg?resize=560%2C285\" alt=\"maximo-kirchner\" width=\"560\" height=\"285\" srcset=\"https:\/\/i0.wp.com\/www.24baires.com\/wp-content\/uploads\/2014\/03\/maximo-kirchner.jpg?w=560 560w, https:\/\/i0.wp.com\/www.24baires.com\/wp-content\/uploads\/2014\/03\/maximo-kirchner.jpg?resize=300%2C152 300w\" sizes=\"auto, (max-width: 560px) 100vw, 560px\" \/>Documentos oficiales de Belice y el CNB Bank negaron la existencia de la empresa donde se denunci\u00f3 que se ocultar\u00eda una cuenta bancaria de M\u00e1ximo Kirchner y de la embajadora argentina ante la Organizaci\u00f3n de los Estados Americanos (OEA), Nilda Garr\u00e9.<!--more--><\/p>\n<p>El ente oficial de registro de empresas de Belice le inform\u00f3 al Ministerio de Relaciones Exteriores de ese pa\u00eds centroamericano que no existe la compa\u00f1\u00eda Business and Service IBC.<\/p>\n<p>Cuando el CNB Bank desminti\u00f3 que Garr\u00e9 hubiese tenido una cuenta en esa entidad, los denunciantes retrucaron que esa cuenta no estaba a su nombre ni al del hijo de la presidenta Cristina Fern\u00e1ndez de Kirchner sino de la empresa Business and Services IBC, registrada en Belice.<\/p>\n<p>Ahora, el ente oficial de ese pa\u00eds inform\u00f3 que no existe all\u00ed ninguna Business and Services y, adem\u00e1s, el CNB Bank neg\u00f3 tener o haber tenido una cuenta a nombre de esa empresa.<\/p>\n<p>En una publicada hoy en el diario P\u00e1gina 12, se asegura que estos documentos oficiales significan \u201cuna desmentida categ\u00f3rica a la revista brasile\u00f1a Veja y al diario argentino Clar\u00edn que sostuvo que M\u00e1ximo Kirchner y Nilda Garr\u00e9 tuvieron una cuenta corriente en el Felton Bank de Delaware a nombre de Business and Services IBC\u201d.<\/p>\n<p>\u201cA esto hay que agregar que en una nueva comunicaci\u00f3n, el CNB Bank, que absorbi\u00f3 al Felton, certific\u00f3 que no existi\u00f3 nunca una cuenta a nombre de Business and Services IBC ni en el Felton ni en el CNB\u201d, detall\u00f3.<\/p>\n<p>Seg\u00fan explic\u00f3 hoy el periodista Ra\u00fal Kollmann de P\u00e1gina 12, \u201cVeja y Clar\u00edn sugirieron -en una maniobra alineada con la derecha republicana norteamericana-, que los fondos de la cuenta de Delaware ten\u00edan origen iran\u00ed, supuestamente para comprar impunidad para los sospechosos del atentado contra la AMIA\u201d.<\/p>\n<p>\u201cEs el mismo argumento que se us\u00f3 a principios de este a\u00f1o para justificar la demolida denuncia de Alberto Nisman contra la Presidenta\u201d, a\u00f1adi\u00f3.<\/p>\n<p>Para Kollmann, \u201ccon las dos desmentidas, de Belice y del Felton, se demuestra que la versi\u00f3n de Veja y Clar\u00edn fue falsa: Business and Services IBC no existe en Belice y nunca hubo una cuenta a ese nombre en el Felton Bank\u201d.<\/p>\n<p>La versi\u00f3n indicaba que la cuenta fue abierta en 2005 y tuvo un saldo de 41 millones de d\u00f3lares.<\/p>\n<p>Ante la acusaci\u00f3n, M\u00e1ximo Kirchner neg\u00f3 tajantemente la versi\u00f3n al se\u00f1alar que \u201cno s\u00f3lo la informaci\u00f3n es falsa sino rid\u00edcula\u201d y a\u00f1adi\u00f3: \u201cTodo es una mentira cuidadosamente planificada y dirigida\u201d, insistiendo: \u201cNunca, nunca, nunca, tuve una cuenta en el exterior\u201d.<\/p>\n<p>Por su parte, la embajadora argentina ante la OEA calific\u00f3 la situaci\u00f3n como \u201cuna infamia\u201d y sostuvo que \u201cnunca tuve una cuenta fuera del pa\u00eds, en ning\u00fan lado ni siquiera en Uruguay\u201d.<\/p>\n<p>\u201cLa \u00fanica que tengo es la del Banco de la Naci\u00f3n Argentina, sucursal de Estados Unidos, donde cobro mi sueldo\u201d, remarc\u00f3.<br \/>\nA las desmentidas conocidas hoy se lleg\u00f3 despu\u00e9s de que Garr\u00e9 se dirigi\u00f3 al Ministerio de Relaciones Exteriores de Belice y le pidi\u00f3 informaci\u00f3n sobre la supuesta empresa.<\/p>\n<p>&nbsp;<\/p>\n<p>&nbsp;<\/p>\n<p>&nbsp;<\/p>\n<p>&nbsp;<\/p>\n<p>&nbsp;<\/p>\n<p>&nbsp;<\/p>\n<p>&nbsp;<\/p>\n<p>&nbsp;<\/p>\n<p>&nbsp;<\/p>\n<p>&nbsp;<\/p>\n<p>&nbsp;<\/p>\n<p>&nbsp;<\/p>\n<p>&nbsp;<\/p>\n<p>&nbsp;<\/p>\n<p>&nbsp;<\/p>\n","protected":false},"excerpt":{"rendered":"<p>Documentos oficiales de Belice y el CNB Bank negaron la existencia de la empresa donde se denunci\u00f3 que se ocultar\u00eda una cuenta bancaria de M\u00e1ximo Kirchner y de la embajadora argentina ante la Organizaci\u00f3n de los Estados Americanos (OEA), Nilda Garr\u00e9.<\/p>\n","protected":false},"author":8,"featured_media":0,"comment_status":"open","ping_status":"open","sticky":false,"template":"","format":"standard","meta":{"_jetpack_newsletter_access":"","_jetpack_dont_email_post_to_subs":false,"_jetpack_newsletter_tier_id":0,"_jetpack_memberships_contains_paywalled_content":false,"_jetpack_memberships_contains_paid_content":false,"footnotes":""},"categories":[51],"tags":[],"class_list":["post-66062","post","type-post","status-publish","format-standard","hentry","category-politica"],"jetpack_shortlink":"https:\/\/wp.me\/p2JWE0-hbw","jetpack-related-posts":[{"id":66117,"url":"http:\/\/www.24baires.com\/?p=66117","url_meta":{"origin":66062,"position":0},"title":"Garr\u00e9 inicia acciones legales contra Clar\u00edn y una revista brasile\u00f1a","author":"AF","date":"18\/05\/2015","format":false,"excerpt":"La embajadora argentina ante la OEA, Nilda Garr\u00e9, asegur\u00f3 hoy que iniciar\u00e1 acciones legales contra el diario Clar\u00edn y la revista brasile\u00f1a Veja, luego de que la denuncia sobre la supuesta titularidad de la diplom\u00e1tica de una cuenta oculta en Belice fuera desmentida por documentos oficiales de ese pa\u00eds y\u2026","rel":"","context":"En \u00abJUDICIALES\u00bb","block_context":{"text":"JUDICIALES","link":"http:\/\/www.24baires.com\/?cat=68"},"img":{"alt_text":"","src":"https:\/\/i0.wp.com\/www.24baires.com\/wp-content\/uploads\/2015\/05\/nilda-garr%C3%A92.jpg?resize=350%2C200","width":350,"height":200,"srcset":"https:\/\/i0.wp.com\/www.24baires.com\/wp-content\/uploads\/2015\/05\/nilda-garr%C3%A92.jpg?resize=350%2C200 1x, https:\/\/i0.wp.com\/www.24baires.com\/wp-content\/uploads\/2015\/05\/nilda-garr%C3%A92.jpg?resize=525%2C300 1.5x"},"classes":[]},{"id":64119,"url":"http:\/\/www.24baires.com\/?p=64119","url_meta":{"origin":66062,"position":1},"title":"El banco CNB neg\u00f3 haber tenido cuentas de M\u00e1ximo Kirchner","author":"GB","date":"11\/04\/2015","format":false,"excerpt":"La entidad que absorbi\u00f3 al Felton Bank de Delaware certific\u00f3 que ni la embajadora argentina ante la OEA ni el hijo de la Presidenta tuvieron cuentas en ninguna de sus sedes, como hab\u00edan asegurado la revista brasile\u00f1a Veja y el diario argentino Clar\u00edn. El banco CNB, que absorbi\u00f3 al Felton\u2026","rel":"","context":"En \u00abEconom\u00eda\u00bb","block_context":{"text":"Econom\u00eda","link":"http:\/\/www.24baires.com\/?cat=45"},"img":{"alt_text":"maximo-kirchner","src":"https:\/\/i0.wp.com\/www.24baires.com\/wp-content\/uploads\/2014\/03\/maximo-kirchner.jpg?resize=350%2C200","width":350,"height":200,"srcset":"https:\/\/i0.wp.com\/www.24baires.com\/wp-content\/uploads\/2014\/03\/maximo-kirchner.jpg?resize=350%2C200 1x, https:\/\/i0.wp.com\/www.24baires.com\/wp-content\/uploads\/2014\/03\/maximo-kirchner.jpg?resize=525%2C300 1.5x"},"classes":[]},{"id":84177,"url":"http:\/\/www.24baires.com\/?p=84177","url_meta":{"origin":66062,"position":2},"title":"Seg\u00fan Casanello \u00abse cerr\u00f3 el circuito\u00bb del lavado de dinero","author":"GB","date":"24\/06\/2016","format":false,"excerpt":"La Justicia hall\u00f3 cuentas en Suiza de los hijos de B\u00e1ez. El fiscal Marijuan indic\u00f3 que la causa por lavado est\u00e1 \"bastante esclarecida\". El juez federal Sebasti\u00e1n Casanello destac\u00f3 que se logr\u00f3 \"cerrar el circuito\" del lavado de dinero realizado por L\u00e1zaro B\u00e1ez. Aclar\u00f3 que \"es necesario recabar mayor informaci\u00f3n\"\u2026","rel":"","context":"En \u00abPol\u00edtica\u00bb","block_context":{"text":"Pol\u00edtica","link":"http:\/\/www.24baires.com\/?cat=51"},"img":{"alt_text":"","src":"","width":0,"height":0},"classes":[]},{"id":63739,"url":"http:\/\/www.24baires.com\/?p=63739","url_meta":{"origin":66062,"position":3},"title":"M\u00e1ximo Kirchner desminti\u00f3 a Clar\u00edn: \u00abNunca tuve cuentas en el exterior\u00bb","author":"GB","date":"31\/03\/2015","format":false,"excerpt":"M\u00e1ximo Kirchner desminti\u00f3 la informaci\u00f3n publicada por la revista brasile\u00f1a Veja y del diario Clar\u00edn . \"Lo que se busca es da\u00f1ar, no entienden que se les haya dicho basta\", dijo. M\u00e1ximo Kirchner asegur\u00f3 hoy que \"nunca\" tuvo ni tiene \"una cuenta en el exterior\", al desmentir la informaci\u00f3n de\u2026","rel":"","context":"En \u00abPol\u00edtica\u00bb","block_context":{"text":"Pol\u00edtica","link":"http:\/\/www.24baires.com\/?cat=51"},"img":{"alt_text":"","src":"https:\/\/i0.wp.com\/www.24baires.com\/wp-content\/uploads\/2015\/03\/maximo-k.jpg?resize=350%2C200","width":350,"height":200,"srcset":"https:\/\/i0.wp.com\/www.24baires.com\/wp-content\/uploads\/2015\/03\/maximo-k.jpg?resize=350%2C200 1x, https:\/\/i0.wp.com\/www.24baires.com\/wp-content\/uploads\/2015\/03\/maximo-k.jpg?resize=525%2C300 1.5x"},"classes":[]},{"id":65321,"url":"http:\/\/www.24baires.com\/?p=65321","url_meta":{"origin":66062,"position":4},"title":"La Justicia pidi\u00f3 ampliar informaci\u00f3n sobre cuentas de Clar\u00edn en EE.UU.","author":"GB","date":"04\/05\/2015","format":false,"excerpt":"El fiscal Diego Iglesias le pidi\u00f3 al juez federal Luis Rodr\u00edguez que env\u00ede un nuevo exhorto a las autoridades de los Estados Unidos y del Reino Unido para que informen sobre la creaci\u00f3n de la firma GCSA Investments LLC. Seg\u00fan la investigaci\u00f3n, esa empresa sirvi\u00f3 para blanquear dinero de origen\u2026","rel":"","context":"En \u00abMedios\u00bb","block_context":{"text":"Medios","link":"http:\/\/www.24baires.com\/?cat=54"},"img":{"alt_text":"clar\u00edn","src":"https:\/\/i0.wp.com\/www.24baires.com\/wp-content\/uploads\/2014\/10\/clar%C3%ADn.jpg?resize=350%2C200","width":350,"height":200,"srcset":"https:\/\/i0.wp.com\/www.24baires.com\/wp-content\/uploads\/2014\/10\/clar%C3%ADn.jpg?resize=350%2C200 1x, https:\/\/i0.wp.com\/www.24baires.com\/wp-content\/uploads\/2014\/10\/clar%C3%ADn.jpg?resize=525%2C300 1.5x"},"classes":[]},{"id":48225,"url":"http:\/\/www.24baires.com\/?p=48225","url_meta":{"origin":66062,"position":5},"title":"Jorge Macri pierde un funcionario por estar procesado","author":"Grupo Sierra","date":"17\/06\/2014","format":false,"excerpt":"Guillermo Romero, hasta hoy secretario de Hacienda de Vicente L\u00f3pez, se encuentra procesado en el caso en el que se investiga el pago de coimas por parte de la firma alemana Siemens a funcionarios del gobierno de Carlos Menem. Se iba a caer por su propio peso, m\u00e1s a\u00fan cuando\u2026","rel":"","context":"En \u00abPol\u00edtica\u00bb","block_context":{"text":"Pol\u00edtica","link":"http:\/\/www.24baires.com\/?cat=51"},"img":{"alt_text":"macri jorge","src":"https:\/\/i0.wp.com\/www.24baires.com\/wp-content\/uploads\/2014\/03\/macri-jorge.jpg?resize=350%2C200","width":350,"height":200,"srcset":"https:\/\/i0.wp.com\/www.24baires.com\/wp-content\/uploads\/2014\/03\/macri-jorge.jpg?resize=350%2C200 1x, https:\/\/i0.wp.com\/www.24baires.com\/wp-content\/uploads\/2014\/03\/macri-jorge.jpg?resize=525%2C300 1.5x"},"classes":[]}],"jetpack_sharing_enabled":true,"jetpack_likes_enabled":true,"jetpack_featured_media_url":"","_links":{"self":[{"href":"http:\/\/www.24baires.com\/index.php?rest_route=\/wp\/v2\/posts\/66062","targetHints":{"allow":["GET"]}}],"collection":[{"href":"http:\/\/www.24baires.com\/index.php?rest_route=\/wp\/v2\/posts"}],"about":[{"href":"http:\/\/www.24baires.com\/index.php?rest_route=\/wp\/v2\/types\/post"}],"author":[{"embeddable":true,"href":"http:\/\/www.24baires.com\/index.php?rest_route=\/wp\/v2\/users\/8"}],"replies":[{"embeddable":true,"href":"http:\/\/www.24baires.com\/index.php?rest_route=%2Fwp%2Fv2%2Fcomments&post=66062"}],"version-history":[{"count":1,"href":"http:\/\/www.24baires.com\/index.php?rest_route=\/wp\/v2\/posts\/66062\/revisions"}],"predecessor-version":[{"id":66063,"href":"http:\/\/www.24baires.com\/index.php?rest_route=\/wp\/v2\/posts\/66062\/revisions\/66063"}],"wp:attachment":[{"href":"http:\/\/www.24baires.com\/index.php?rest_route=%2Fwp%2Fv2%2Fmedia&parent=66062"}],"wp:term":[{"taxonomy":"category","embeddable":true,"href":"http:\/\/www.24baires.com\/index.php?rest_route=%2Fwp%2Fv2%2Fcategories&post=66062"},{"taxonomy":"post_tag","embeddable":true,"href":"http:\/\/www.24baires.com\/index.php?rest_route=%2Fwp%2Fv2%2Ftags&post=66062"}],"curies":[{"name":"wp","href":"https:\/\/api.w.org\/{rel}","templated":true}]}}