{"id":66050,"date":"2015-05-17T10:53:17","date_gmt":"2015-05-17T13:53:17","guid":{"rendered":"http:\/\/www.24baires.com\/?p=66050"},"modified":"2015-05-18T10:28:02","modified_gmt":"2015-05-18T13:28:02","slug":"anibal-seguro-reafirmo-que-el-fpv-gana-en-primera-o-segunda-vuelta","status":"publish","type":"post","link":"http:\/\/www.24baires.com\/?p=66050","title":{"rendered":"An\u00edbal, seguro, reafirm\u00f3 que el FpV gana \u00aben primera o segunda vuelta\u00bb"},"content":{"rendered":"<p><img data-recalc-dims=\"1\" loading=\"lazy\" decoding=\"async\" class=\"aligncenter size-full wp-image-63981\" src=\"https:\/\/i0.wp.com\/www.24baires.com\/wp-content\/uploads\/2015\/04\/anibal-conferencia.jpg?resize=560%2C379\" alt=\"anibal conferencia\" width=\"560\" height=\"379\" srcset=\"https:\/\/i0.wp.com\/www.24baires.com\/wp-content\/uploads\/2015\/04\/anibal-conferencia.jpg?w=560 560w, https:\/\/i0.wp.com\/www.24baires.com\/wp-content\/uploads\/2015\/04\/anibal-conferencia.jpg?resize=300%2C203 300w\" sizes=\"auto, (max-width: 560px) 100vw, 560px\" \/>El jefe de Gabinete de Ministros An\u00edbal Fern\u00e1ndez, se mostr\u00f3 confiado en el triunfo del Frente para la Victoria en las elecciones de octubre, \u201cgana en primera o segunda vuelta\u201d indic\u00f3, al mismo tiempo que augur\u00f3 que la elecci\u00f3n \u201cse va a polarizar mucho con la derecha\u201d.<!--more--><\/p>\n<p>\u201cLa elecci\u00f3n presidencial se va a polarizar mucho. Con la derecha. Y no tengo dudas de que el FpV gana en primera o en segunda vuelta\u201d, asegur\u00f3 el jefe de Gabinete An\u00edbal Fern\u00e1ndez en una extensa entrevista publicada hoy por el diario Tiempo Argentino.<\/p>\n<p>El dirigente peronista tambi\u00e9n se refiri\u00f3 a su precandidatura a gobernador de la provincia de Buenos Aires y detall\u00f3 que antes de lanzarse a la competencia interna \u201chabl\u00e9 con la presidenta es si ella estaba de acuerdo con que yo compitiera. Y me dijo que s\u00ed y me alent\u00f3 a que lo haga\u201d.<\/p>\n<p>Sin embargo, dijo no conocer la n\u00f3mina final de candidatos a suceder a Daniel Scioli al explicar que no es \u00e9l \u201cquien lo tiene que definir\u201d, pero s\u00ed ratific\u00f3 las candidaturas presidenciales del gobernador bonaerense y del ministro del Interior y Transporte Florencio Randazzo.<\/p>\n<p>\u201cEn el Bolet\u00edn Oficial, el jueves, sali\u00f3 publicado que se transfer\u00edan las competencias electorales del Ministerio del Interior al de Justicia. Ah\u00ed ten\u00e9s una explicaci\u00f3n muy clara de que Randazzo va a ser candidato. Son dos candidatos como m\u00ednimo y como m\u00e1ximo. Ya tenemos los candidatos que van a competir\u201d, se\u00f1al\u00f3.<\/p>\n<p>Consultado sobre cu\u00e1l cree que es el rol que tendr\u00e1 M\u00e1ximo Kirchner en las elecciones, Fern\u00e1ndez opin\u00f3 que el dirigente de La C\u00e1mpora \u201cest\u00e1 cerca de ser candidato\u201d y dado que ha desarrollado un \u201cparticipaci\u00f3n nacional muy importante\u201d anticip\u00f3 que va a \u201cparticipar activamente de esa acci\u00f3n\u201d.<\/p>\n<p>Con respecto a la pol\u00e9mica desatada en torno a la salud del integrante de la Corte Suprema de Justicia, Carlos Fayt, el jefe de Gabinete asegur\u00f3 que al ver la im\u00e1genes de la llegada al Palacio de Justicia del magistrado \u201cqueda claro que no est\u00e1 en condiciones ni de agarrar un expediente, no de leerlo\u201c.<\/p>\n<p>\u201cCon N\u00e9stor Kirchner se arm\u00f3 una Corte independiente, de la cual todos nos sent\u00edamos orgullosos\u201d asegur\u00f3 e inmediatamente sentenci\u00f3 que \u201cde esa Corte del orgullo quedaron migajas, termin\u00f3 siendo una Corte de cuatro. Y entre ellos est\u00e1 el doctor Fayt\u201d.<\/p>\n<p>\u201cSi usted repasa los \u00faltimos a\u00f1os, no hubo ninguna causa en la cual Fayt disintiera con Lorenzetti. \u00bfPor qu\u00e9? Porque el que va a discutir estas cosas con Lorenzetti es (secretario letrado de la CSJN) Pablo Hirschmann\u201d.<\/p>\n<p>Al mismo tiempo, rechaz\u00f3 que est\u00e9n en los planes del gobierno la modificaci\u00f3n de la cantidad integrantes del tribunal supremo, aunque aclar\u00f3 que a t\u00edtulo personal cree que \u201cdebe volver a su composici\u00f3n original \u201ccon una sala Penal y especialistas en Derecho tributario y de seguridad social\u201d.<\/p>\n<p>Finalmente, defendi\u00f3 la interpretaci\u00f3n del reglamente de la C\u00e1mara de Diputado que la Comisi\u00f3n legislativa de Juicio Pol\u00edtico, que orden\u00f3 un examen psicof\u00edsico del juez Fayt, con la intenci\u00f3n de saber sobre su estado de salud.<\/p>\n<p>\u201cUna de las causales del juicio pol\u00edtico es la falta de idoneidad. Va de suyo que Fayt ha sido un hombre de una idoneidad superlativa, durante su participaci\u00f3n en la Corte. Ha sido. Hoy, \u00bfa qui\u00e9n le consta que esa idoneidad sigue vigente? Creo que la sociedad, vi\u00e9ndolo salir de su casa, se pregunta lo mismo\u201d, concluy\u00f3 Fern\u00e1ndez.<\/p>\n","protected":false},"excerpt":{"rendered":"<p>El jefe de Gabinete de Ministros An\u00edbal Fern\u00e1ndez, se mostr\u00f3 confiado en el triunfo del Frente para la Victoria en las elecciones de octubre, \u201cgana en primera o segunda vuelta\u201d indic\u00f3, al mismo tiempo que augur\u00f3 que la elecci\u00f3n \u201cse va a polarizar mucho con la derecha\u201d.<\/p>\n","protected":false},"author":8,"featured_media":0,"comment_status":"open","ping_status":"open","sticky":false,"template":"","format":"standard","meta":{"_jetpack_newsletter_access":"","_jetpack_dont_email_post_to_subs":false,"_jetpack_newsletter_tier_id":0,"_jetpack_memberships_contains_paywalled_content":false,"_jetpack_memberships_contains_paid_content":false,"footnotes":""},"categories":[51],"tags":[],"class_list":["post-66050","post","type-post","status-publish","format-standard","hentry","category-politica"],"jetpack_shortlink":"https:\/\/wp.me\/p2JWE0-hbk","jetpack-related-posts":[{"id":59546,"url":"http:\/\/www.24baires.com\/?p=59546","url_meta":{"origin":66050,"position":0},"title":"An\u00edbal Fern\u00e1ndez asegur\u00f3 que el FPV ganar\u00e1 \u00aben primera o segunda vuelta\u00bb","author":"AF","date":"04\/01\/2015","format":false,"excerpt":"\u201cYo estoy convencido de que ganamos la elecci\u00f3n. En primera vuelta o en segunda, pero ganamos la elecci\u00f3n\u201d, asegur\u00f3 sobre los comicios de 2015 el secretario general de la Presidencia. El secretario general de la Presidencia, An\u00edbal Fern\u00e1ndez, vaticin\u00f3 hoy que el Frente para la Victoria (FpV) ganar\u00e1 las elecciones\u2026","rel":"","context":"En \u00abPol\u00edtica\u00bb","block_context":{"text":"Pol\u00edtica","link":"http:\/\/www.24baires.com\/?cat=51"},"img":{"alt_text":"fern\u00e1ndez an\u00edbal2","src":"https:\/\/i0.wp.com\/www.24baires.com\/wp-content\/uploads\/2012\/11\/fern%C3%A1ndez-an%C3%ADbal2.jpg?resize=350%2C200","width":350,"height":200,"srcset":"https:\/\/i0.wp.com\/www.24baires.com\/wp-content\/uploads\/2012\/11\/fern%C3%A1ndez-an%C3%ADbal2.jpg?resize=350%2C200 1x, https:\/\/i0.wp.com\/www.24baires.com\/wp-content\/uploads\/2012\/11\/fern%C3%A1ndez-an%C3%ADbal2.jpg?resize=525%2C300 1.5x"},"classes":[]},{"id":65450,"url":"http:\/\/www.24baires.com\/?p=65450","url_meta":{"origin":66050,"position":1},"title":"An\u00edbal Fern\u00e1ndez oficializ\u00f3 su precandidatura a Gobernador por el FpV","author":"AF","date":"06\/05\/2015","format":false,"excerpt":"El jefe de Gabinete, An\u00edbal Fern\u00e1ndez, confirm\u00f3 que ser\u00e1 precandidato a gobernador de la provincia de Buenos Aires por el Frente para la Victoria y avizor\u00f3 que se presentar\u00e1n \"dos o tres f\u00f3rmulas\", al ingresar al Hotel NH Tango donde lanza oficialmente su candidatura. \"Voy a ser precandidato en la\u2026","rel":"","context":"En \u00abElecciones 2015\u00bb","block_context":{"text":"Elecciones 2015","link":"http:\/\/www.24baires.com\/?cat=74"},"img":{"alt_text":"fern\u00e1ndez an\u00edbal2","src":"https:\/\/i0.wp.com\/www.24baires.com\/wp-content\/uploads\/2012\/11\/fern%C3%A1ndez-an%C3%ADbal2.jpg?resize=350%2C200","width":350,"height":200,"srcset":"https:\/\/i0.wp.com\/www.24baires.com\/wp-content\/uploads\/2012\/11\/fern%C3%A1ndez-an%C3%ADbal2.jpg?resize=350%2C200 1x, https:\/\/i0.wp.com\/www.24baires.com\/wp-content\/uploads\/2012\/11\/fern%C3%A1ndez-an%C3%ADbal2.jpg?resize=525%2C300 1.5x"},"classes":[]},{"id":68646,"url":"http:\/\/www.24baires.com\/?p=68646","url_meta":{"origin":66050,"position":2},"title":"An\u00edbal asegur\u00f3 que el PRO es un partido \u00abde la Ciudad, sin proyecci\u00f3n en otro lugar\u00bb","author":"AF","date":"06\/07\/2015","format":false,"excerpt":"El jefe de Gabinete destac\u00f3 hoy el desarrollo de los comicios de ayer en distintos distritos del pa\u00eds e insisti\u00f3 en que los proyectos pol\u00edticos de Horacio Rodr\u00edguez Larreta y de Mart\u00edn Lousteau \"son exactamente lo mismo\". Sobre las elecciones de ayer, el funcionario destac\u00f3 que \"tenemos la mejor de\u2026","rel":"","context":"En \u00abElecciones 2015\u00bb","block_context":{"text":"Elecciones 2015","link":"http:\/\/www.24baires.com\/?cat=74"},"img":{"alt_text":"anibal conferencia","src":"https:\/\/i0.wp.com\/www.24baires.com\/wp-content\/uploads\/2015\/04\/anibal-conferencia.jpg?resize=350%2C200","width":350,"height":200,"srcset":"https:\/\/i0.wp.com\/www.24baires.com\/wp-content\/uploads\/2015\/04\/anibal-conferencia.jpg?resize=350%2C200 1x, https:\/\/i0.wp.com\/www.24baires.com\/wp-content\/uploads\/2015\/04\/anibal-conferencia.jpg?resize=525%2C300 1.5x"},"classes":[]},{"id":67601,"url":"http:\/\/www.24baires.com\/?p=67601","url_meta":{"origin":66050,"position":3},"title":"Dirigentes del Frente para la Victoria respaldaron una eventual candidatura de M\u00e1ximo","author":"GB","date":"15\/06\/2015","format":false,"excerpt":"El jefe de Gabinete, An\u00edbal Fern\u00e1ndez; los intendentes de Avellaneda y La Matanza, Jorge Ferraresi y Fernando Espinoza, as\u00ed como la diputada nacional Diana Conti, insistieron en expresar su apoyo a una postulaci\u00f3n al considerar que el l\u00edder de la agrupaci\u00f3n La C\u00e1mpora puede ser candidato en las pr\u00f3ximas elecciones.\u2026","rel":"","context":"En \u00abElecciones 2015\u00bb","block_context":{"text":"Elecciones 2015","link":"http:\/\/www.24baires.com\/?cat=74"},"img":{"alt_text":"maximo-kirchner","src":"https:\/\/i0.wp.com\/www.24baires.com\/wp-content\/uploads\/2014\/03\/maximo-kirchner.jpg?resize=350%2C200","width":350,"height":200,"srcset":"https:\/\/i0.wp.com\/www.24baires.com\/wp-content\/uploads\/2014\/03\/maximo-kirchner.jpg?resize=350%2C200 1x, https:\/\/i0.wp.com\/www.24baires.com\/wp-content\/uploads\/2014\/03\/maximo-kirchner.jpg?resize=525%2C300 1.5x"},"classes":[]},{"id":75469,"url":"http:\/\/www.24baires.com\/?p=75469","url_meta":{"origin":66050,"position":4},"title":"\u00abSer\u00e1 la primera vez que un gobierno entrega a otro un pa\u00eds sin conflictos\u201d","author":"AF","date":"23\/11\/2015","format":false,"excerpt":"El jefe de Gabinete subray\u00f3 que este gobierno entrega un pa\u00eds distinto\". A su vez, minimiz\u00f3 la diferencia que obtuvo el presidente electo, Mauricio Macri, sobre Daniel Scioli, en el balotaje celebrado ayer. \u201cSiempre vamos a estar al pie del ca\u00f1\u00f3n, defendiendo los derechos de los otros y prepar\u00e1ndonos para\u2026","rel":"","context":"En \u00abPol\u00edtica\u00bb","block_context":{"text":"Pol\u00edtica","link":"http:\/\/www.24baires.com\/?cat=51"},"img":{"alt_text":"","src":"https:\/\/i0.wp.com\/www.24baires.com\/wp-content\/uploads\/2015\/11\/an%C3%ADbal-fern%C3%A1ndezz.jpg?resize=350%2C200","width":350,"height":200,"srcset":"https:\/\/i0.wp.com\/www.24baires.com\/wp-content\/uploads\/2015\/11\/an%C3%ADbal-fern%C3%A1ndezz.jpg?resize=350%2C200 1x, https:\/\/i0.wp.com\/www.24baires.com\/wp-content\/uploads\/2015\/11\/an%C3%ADbal-fern%C3%A1ndezz.jpg?resize=525%2C300 1.5x"},"classes":[]},{"id":73812,"url":"http:\/\/www.24baires.com\/?p=73812","url_meta":{"origin":66050,"position":5},"title":"An\u00edbal asegura que \u201cest\u00e1 garantizada la transparencia en los pr\u00f3ximos comicios\u201d","author":"AF","date":"20\/10\/2015","format":false,"excerpt":"Lo reiter\u00f3 hoy el jefe de Gabinete y candidato a gobernador bonaerense por el FpV. Adem\u00e1s, dijo que quienes ponen en duda el escrutinio lo hacen \"porque saben que pierden\u201d. El funcionario nacional se refiri\u00f3 en t\u00e9rminos turf\u00edsticos al resultado de las elecciones al sostener que \u201cya dimos vuelta la\u2026","rel":"","context":"En \u00abElecciones 2015\u00bb","block_context":{"text":"Elecciones 2015","link":"http:\/\/www.24baires.com\/?cat=74"},"img":{"alt_text":"anibal conferencia","src":"https:\/\/i0.wp.com\/www.24baires.com\/wp-content\/uploads\/2015\/04\/anibal-conferencia.jpg?resize=350%2C200","width":350,"height":200,"srcset":"https:\/\/i0.wp.com\/www.24baires.com\/wp-content\/uploads\/2015\/04\/anibal-conferencia.jpg?resize=350%2C200 1x, https:\/\/i0.wp.com\/www.24baires.com\/wp-content\/uploads\/2015\/04\/anibal-conferencia.jpg?resize=525%2C300 1.5x"},"classes":[]}],"jetpack_sharing_enabled":true,"jetpack_likes_enabled":true,"jetpack_featured_media_url":"","_links":{"self":[{"href":"http:\/\/www.24baires.com\/index.php?rest_route=\/wp\/v2\/posts\/66050","targetHints":{"allow":["GET"]}}],"collection":[{"href":"http:\/\/www.24baires.com\/index.php?rest_route=\/wp\/v2\/posts"}],"about":[{"href":"http:\/\/www.24baires.com\/index.php?rest_route=\/wp\/v2\/types\/post"}],"author":[{"embeddable":true,"href":"http:\/\/www.24baires.com\/index.php?rest_route=\/wp\/v2\/users\/8"}],"replies":[{"embeddable":true,"href":"http:\/\/www.24baires.com\/index.php?rest_route=%2Fwp%2Fv2%2Fcomments&post=66050"}],"version-history":[{"count":1,"href":"http:\/\/www.24baires.com\/index.php?rest_route=\/wp\/v2\/posts\/66050\/revisions"}],"predecessor-version":[{"id":66051,"href":"http:\/\/www.24baires.com\/index.php?rest_route=\/wp\/v2\/posts\/66050\/revisions\/66051"}],"wp:attachment":[{"href":"http:\/\/www.24baires.com\/index.php?rest_route=%2Fwp%2Fv2%2Fmedia&parent=66050"}],"wp:term":[{"taxonomy":"category","embeddable":true,"href":"http:\/\/www.24baires.com\/index.php?rest_route=%2Fwp%2Fv2%2Fcategories&post=66050"},{"taxonomy":"post_tag","embeddable":true,"href":"http:\/\/www.24baires.com\/index.php?rest_route=%2Fwp%2Fv2%2Ftags&post=66050"}],"curies":[{"name":"wp","href":"https:\/\/api.w.org\/{rel}","templated":true}]}}