{"id":66014,"date":"2015-05-15T21:00:35","date_gmt":"2015-05-16T00:00:35","guid":{"rendered":"http:\/\/www.24baires.com\/?p=66014"},"modified":"2015-05-15T19:30:06","modified_gmt":"2015-05-15T22:30:06","slug":"casacion-definira-sobre-constitucionalidad-del-memorandum-con-iran-el-22-de-junio","status":"publish","type":"post","link":"http:\/\/www.24baires.com\/?p=66014","title":{"rendered":"Casaci\u00f3n definir\u00e1 sobre constitucionalidad del Memor\u00e1ndum con Ir\u00e1n el 22 de junio"},"content":{"rendered":"<p><img data-recalc-dims=\"1\" loading=\"lazy\" decoding=\"async\" class=\"aligncenter size-full wp-image-52714\" src=\"https:\/\/i0.wp.com\/www.24baires.com\/wp-content\/uploads\/2014\/08\/timerman.jpg?resize=560%2C333\" alt=\"timerman\" width=\"560\" height=\"333\" srcset=\"https:\/\/i0.wp.com\/www.24baires.com\/wp-content\/uploads\/2014\/08\/timerman.jpg?w=560 560w, https:\/\/i0.wp.com\/www.24baires.com\/wp-content\/uploads\/2014\/08\/timerman.jpg?resize=300%2C178 300w\" sizes=\"auto, (max-width: 560px) 100vw, 560px\" \/>La C\u00e1mara Federal de Casaci\u00f3n Penal anunci\u00f3 que reci\u00e9n el lunes 22 de junio difundir\u00e1 su fallo sobre la constitucionalidad o no del tratado con Ir\u00e1n para indagar a los acusados por el atentado terrorista de 1994 contra la Amia.<!--more--><\/p>\n<p>Lo har\u00e1 en una audiencia convocada para las 12 de ese d\u00eda, en que todas las partes del pleito recibir\u00e1n el fallo de la Sala I de ese tribunal.<\/p>\n<p>La decisi\u00f3n de Casaci\u00f3n, integrado para este caso por los jueces Luis Mar\u00eda Cabral, Ana Mar\u00eda Figueroa y Juan Carlos Gemignani, saldar\u00e1 \u2013al menos en esta etapa- la disputa sobre si el Memor\u00e1ndum de Entendimiento rubricado por ambos pa\u00edses el 27 de enero 2013 y convertido una mes despu\u00e9s en ley argentina por el Congreso, viola o no aspectos de la Constituci\u00f3n Nacional.<\/p>\n<p>Tras la aprobaci\u00f3n parlamentaria, las entidades de la comunidad jud\u00eda AMIA y DAIA expresaron su disconformidad y pidieron una medida cautelar que frenara la aplicaci\u00f3n del acuerdo, que permitir\u00eda que el juez de la causa, Rodolfo Canicoba Corral, y el fallecido fiscal Alberto Nisman, interrogaran a los acusados en Ir\u00e1n.<\/p>\n<p>En primera instancia, Canicoba Corral rechaz\u00f3 aplicar esa medida suspensiva por entender improcedente declarar inconstitucional una ley que a\u00fan no estaba en funcionamiento.<\/p>\n<p>En mayo de 2014, la Sala I de la C\u00e1mara Federal con las firmas de los jueces Eduardo Farah y Jorge Ballestero revoc\u00f3 el fallo de primera instancia y declar\u00f3 inconstitucional el memor\u00e1ndum con Ir\u00e1n, por lo que dicho acuerdo qued\u00f3 sin efecto.<\/p>\n<p>Seg\u00fan el tribunal, la prevista formaci\u00f3n de una comisi\u00f3n de la verdad integrada por peritos internacionales para evaluar las pruebas con que Argentina acus\u00f3 a nueve ex funcionarios iran\u00edes de cometer el atentado que produjo 85 muertos vulnera la norma constitucional del juez natural.<\/p>\n<p>El ministerio de Justicia, en representaci\u00f3n del gobierno nacional, apel\u00f3 esa decisi\u00f3n hace casi un a\u00f1o pero tras recibir los argumentos de las partes, el tribunal pidi\u00f3 una traducci\u00f3n del ingl\u00e9s de texto firmado antes de expedirse.<\/p>\n<p>El fallecido fiscal Nisman respald\u00f3 el pedido de inconstitucionalidad y avanz\u00f3 m\u00e1s al sostener que ese acuerdo era parte de un supuesto \u00abplan criminal\u00bb para favorecer la impunidad de los iran\u00edes.<\/p>\n<p>Pero la misma sala de Casaci\u00f3n que ahora deber\u00e1 expedirse sobre la constitucionalidad archiv\u00f3 d\u00edas atr\u00e1s esa denuncia luego de que el juez federal Daniel Rafecas y la Sala I de la C\u00e1mara federal porte\u00f1a la desestimaran.<\/p>\n<p>&nbsp;<\/p>\n<p>&nbsp;<\/p>\n<p>&nbsp;<\/p>\n<p>&nbsp;<\/p>\n<p>&nbsp;<\/p>\n<p>&nbsp;<\/p>\n<p>&nbsp;<\/p>\n<p>&nbsp;<\/p>\n<p>&nbsp;<\/p>\n<p>&nbsp;<\/p>\n<p>&nbsp;<\/p>\n<p>&nbsp;<\/p>\n","protected":false},"excerpt":{"rendered":"<p>La C\u00e1mara Federal de Casaci\u00f3n Penal anunci\u00f3 que reci\u00e9n el lunes 22 de junio difundir\u00e1 su fallo sobre la constitucionalidad o no del tratado con Ir\u00e1n para indagar a los acusados por el atentado terrorista de 1994 contra la Amia.<\/p>\n","protected":false},"author":8,"featured_media":0,"comment_status":"open","ping_status":"open","sticky":false,"template":"","format":"standard","meta":{"_jetpack_newsletter_access":"","_jetpack_dont_email_post_to_subs":false,"_jetpack_newsletter_tier_id":0,"_jetpack_memberships_contains_paywalled_content":false,"_jetpack_memberships_contains_paid_content":false,"footnotes":""},"categories":[51],"tags":[],"class_list":["post-66014","post","type-post","status-publish","format-standard","hentry","category-politica"],"jetpack_shortlink":"https:\/\/wp.me\/p2JWE0-haK","jetpack-related-posts":[{"id":114081,"url":"http:\/\/www.24baires.com\/?p=114081","url_meta":{"origin":66014,"position":0},"title":"Casaci\u00f3n anul\u00f3 la prisi\u00f3n preventiva de Cristina Kirchner en la causa cuadernos","author":"AF","date":"10\/02\/2020","format":false,"excerpt":"Tras el fallo firmado por los jueces Ana Mar\u00eda Figueroa, Daniel Petrone y Diego Barroetave\u00f1a no quedan prisiones preventivas pendientes contra la ex mandataria. La C\u00e1mara Federal de Casaci\u00f3n Penal dispuso hoy el cese de la prisi\u00f3n preventiva que pesaba sobre la vicepresidenta Cristina Fern\u00e1ndez de Kirchner en el marco\u2026","rel":"","context":"En \u00abJUDICIALES\u00bb","block_context":{"text":"JUDICIALES","link":"http:\/\/www.24baires.com\/?cat=68"},"img":{"alt_text":"","src":"https:\/\/i0.wp.com\/www.24baires.com\/wp-content\/uploads\/2019\/10\/cristina01telam.jpg?resize=350%2C200","width":350,"height":200,"srcset":"https:\/\/i0.wp.com\/www.24baires.com\/wp-content\/uploads\/2019\/10\/cristina01telam.jpg?resize=350%2C200 1x, https:\/\/i0.wp.com\/www.24baires.com\/wp-content\/uploads\/2019\/10\/cristina01telam.jpg?resize=525%2C300 1.5x"},"classes":[]},{"id":117875,"url":"http:\/\/www.24baires.com\/?p=117875","url_meta":{"origin":66014,"position":1},"title":"Cristina consider\u00f3 \u00abdisparate judicial, institucional y pol\u00edtico\u00bb a la causa del memor\u00e1ndum","author":"AF","date":"16\/07\/2021","format":false,"excerpt":"La vicepresidenta expuso durante la audiencia p\u00fablica, que fue escuchada por m\u00e1s de 20 mil personas a trav\u00e9s de YouTube. \"Se hicieron maniobras persecutorias para perjudicarnos a m\u00ed y mi familia\", asegur\u00f3. El Tribunal Oral Federal 8 debe resolver si declara o no la nulidad del proceso. La vicepresidenta Cristina\u2026","rel":"","context":"En \u00abJUDICIALES\u00bb","block_context":{"text":"JUDICIALES","link":"http:\/\/www.24baires.com\/?cat=68"},"img":{"alt_text":"","src":"https:\/\/i0.wp.com\/www.24baires.com\/wp-content\/uploads\/2021\/07\/cfk.jpg?resize=350%2C200","width":350,"height":200,"srcset":"https:\/\/i0.wp.com\/www.24baires.com\/wp-content\/uploads\/2021\/07\/cfk.jpg?resize=350%2C200 1x, https:\/\/i0.wp.com\/www.24baires.com\/wp-content\/uploads\/2021\/07\/cfk.jpg?resize=525%2C300 1.5x"},"classes":[]},{"id":68016,"url":"http:\/\/www.24baires.com\/?p=68016","url_meta":{"origin":66014,"position":2},"title":"Memor\u00e1ndum: Fijaron nueva fecha para difundir el veredicto","author":"GB","date":"23\/06\/2015","format":false,"excerpt":"La resoluci\u00f3n del planteo estaba prevista para el mediod\u00eda de ayer, pero dos de los tres camaristas de la Sala I del Tribunal, Luis Cabral y Ana Figueroa (el tercero es Juan Geminiani) no hab\u00edan completado sus votos. La C\u00e1mara Federal de Casaci\u00f3n Penal fij\u00f3 audiencia para el pr\u00f3ximo 30\u2026","rel":"","context":"En \u00abPol\u00edtica\u00bb","block_context":{"text":"Pol\u00edtica","link":"http:\/\/www.24baires.com\/?cat=51"},"img":{"alt_text":"","src":"","width":0,"height":0},"classes":[]},{"id":76296,"url":"http:\/\/www.24baires.com\/?p=76296","url_meta":{"origin":66014,"position":3},"title":"Confirman que el gobierno dejar\u00e1 sin efecto el memor\u00e1ndum con Ir\u00e1n","author":"GB","date":"12\/12\/2015","format":false,"excerpt":"El ministro de Justicia, Germ\u00e1n Garavano, afirm\u00f3 que \"la decisi\u00f3n est\u00e1 tomada\" y se concretar\u00e1 este lunes. De este modo, quedar\u00eda firme la decisi\u00f3n de la C\u00e1mara Federal de declarar inconstitucional el memor\u00e1ndum. El ministro de Justicia, Germ\u00e1n Garavano, afirm\u00f3 que \"la decisi\u00f3n\" de que el Gobierno Nacional desista de\u2026","rel":"","context":"En \u00abPol\u00edtica\u00bb","block_context":{"text":"Pol\u00edtica","link":"http:\/\/www.24baires.com\/?cat=51"},"img":{"alt_text":"Atentado_AMIA","src":"https:\/\/i0.wp.com\/www.24baires.com\/wp-content\/uploads\/2014\/05\/Atentado_AMIA.jpg?resize=350%2C200","width":350,"height":200,"srcset":"https:\/\/i0.wp.com\/www.24baires.com\/wp-content\/uploads\/2014\/05\/Atentado_AMIA.jpg?resize=350%2C200 1x, https:\/\/i0.wp.com\/www.24baires.com\/wp-content\/uploads\/2014\/05\/Atentado_AMIA.jpg?resize=525%2C300 1.5x"},"classes":[]},{"id":68553,"url":"http:\/\/www.24baires.com\/?p=68553","url_meta":{"origin":66014,"position":4},"title":"Rechazaron el pedido de Cabral para ser reincorporado a Casaci\u00f3n","author":"AF","date":"03\/07\/2015","format":false,"excerpt":"En los fundamentos del fallo, el juez Esteban Furnari hizo hincapi\u00e9 en la legalidad del proceso llevado adelante por el Consejo de la Magistratura. Adem\u00e1s, confirm\u00f3 que Cabral ten\u00eda un plazo determinado, ya agotado, para ejercer la funci\u00f3n de subrrogancia en la C\u00e1mara de Casaci\u00f3n. El juez en lo contencioso\u2026","rel":"","context":"En \u00abJUDICIALES\u00bb","block_context":{"text":"JUDICIALES","link":"http:\/\/www.24baires.com\/?cat=68"},"img":{"alt_text":"","src":"https:\/\/i0.wp.com\/www.24baires.com\/wp-content\/uploads\/2015\/07\/cabral.jpg?resize=350%2C200","width":350,"height":200,"srcset":"https:\/\/i0.wp.com\/www.24baires.com\/wp-content\/uploads\/2015\/07\/cabral.jpg?resize=350%2C200 1x, https:\/\/i0.wp.com\/www.24baires.com\/wp-content\/uploads\/2015\/07\/cabral.jpg?resize=525%2C300 1.5x"},"classes":[]},{"id":76759,"url":"http:\/\/www.24baires.com\/?p=76759","url_meta":{"origin":66014,"position":5},"title":"Dejaron firme la incostitucionalidad del memor\u00e1ndum con Ir\u00e1n","author":"GB","date":"22\/12\/2015","format":false,"excerpt":"El gobierno de Mauricio Macri decidi\u00f3 desistir de apelar el primer fallo, la C\u00e1mara Federal de Casaci\u00f3n Penal acept\u00f3 la postura y declar\u00f3 inconstitucional del acuerdo. El memor\u00e1ndum de entendimiento firmado por el gobierno de Cristina Kirchner y su par de Ir\u00e1n para esclarecer el atentado contra la AMIA es\u2026","rel":"","context":"En \u00abPol\u00edtica\u00bb","block_context":{"text":"Pol\u00edtica","link":"http:\/\/www.24baires.com\/?cat=51"},"img":{"alt_text":"Atentado_AMIA","src":"https:\/\/i0.wp.com\/www.24baires.com\/wp-content\/uploads\/2014\/05\/Atentado_AMIA.jpg?resize=350%2C200","width":350,"height":200,"srcset":"https:\/\/i0.wp.com\/www.24baires.com\/wp-content\/uploads\/2014\/05\/Atentado_AMIA.jpg?resize=350%2C200 1x, https:\/\/i0.wp.com\/www.24baires.com\/wp-content\/uploads\/2014\/05\/Atentado_AMIA.jpg?resize=525%2C300 1.5x"},"classes":[]}],"jetpack_sharing_enabled":true,"jetpack_likes_enabled":true,"jetpack_featured_media_url":"","_links":{"self":[{"href":"http:\/\/www.24baires.com\/index.php?rest_route=\/wp\/v2\/posts\/66014","targetHints":{"allow":["GET"]}}],"collection":[{"href":"http:\/\/www.24baires.com\/index.php?rest_route=\/wp\/v2\/posts"}],"about":[{"href":"http:\/\/www.24baires.com\/index.php?rest_route=\/wp\/v2\/types\/post"}],"author":[{"embeddable":true,"href":"http:\/\/www.24baires.com\/index.php?rest_route=\/wp\/v2\/users\/8"}],"replies":[{"embeddable":true,"href":"http:\/\/www.24baires.com\/index.php?rest_route=%2Fwp%2Fv2%2Fcomments&post=66014"}],"version-history":[{"count":1,"href":"http:\/\/www.24baires.com\/index.php?rest_route=\/wp\/v2\/posts\/66014\/revisions"}],"predecessor-version":[{"id":66015,"href":"http:\/\/www.24baires.com\/index.php?rest_route=\/wp\/v2\/posts\/66014\/revisions\/66015"}],"wp:attachment":[{"href":"http:\/\/www.24baires.com\/index.php?rest_route=%2Fwp%2Fv2%2Fmedia&parent=66014"}],"wp:term":[{"taxonomy":"category","embeddable":true,"href":"http:\/\/www.24baires.com\/index.php?rest_route=%2Fwp%2Fv2%2Fcategories&post=66014"},{"taxonomy":"post_tag","embeddable":true,"href":"http:\/\/www.24baires.com\/index.php?rest_route=%2Fwp%2Fv2%2Ftags&post=66014"}],"curies":[{"name":"wp","href":"https:\/\/api.w.org\/{rel}","templated":true}]}}