{"id":65950,"date":"2015-05-14T21:54:35","date_gmt":"2015-05-15T00:54:35","guid":{"rendered":"http:\/\/www.24baires.com\/?p=65950"},"modified":"2015-05-14T21:54:35","modified_gmt":"2015-05-15T00:54:35","slug":"vicente-lopez-el-japones-garcia-es-el-candidato-del-fpv-que-le-va-a-ganar-a-macri","status":"publish","type":"post","link":"http:\/\/www.24baires.com\/?p=65950","title":{"rendered":"Vicente L\u00f3pez: \u00abEl &#8216;Japon\u00e9s&#8217; Garc\u00eda es el candidato del FPV que le va a ganar a Macri\u00bb"},"content":{"rendered":"<p><img data-recalc-dims=\"1\" loading=\"lazy\" decoding=\"async\" class=\"aligncenter wp-image-65951\" src=\"https:\/\/i0.wp.com\/www.24baires.com\/wp-content\/uploads\/2015\/05\/lorenzino.jpg?resize=560%2C343\" alt=\"lorenzino\" width=\"560\" height=\"343\" srcset=\"https:\/\/i0.wp.com\/www.24baires.com\/wp-content\/uploads\/2015\/05\/lorenzino.jpg?w=555 555w, https:\/\/i0.wp.com\/www.24baires.com\/wp-content\/uploads\/2015\/05\/lorenzino.jpg?resize=300%2C184 300w\" sizes=\"auto, (max-width: 560px) 100vw, 560px\" \/>El diputado bonaerense Guido Lorenzino, armador sciolista en la primera secci\u00f3n, confirm\u00f3 que el ex intendente Enrique \u201cJapon\u00e9s\u201d Garc\u00eda ser\u00e1 el candidato del espacio en Vicente L\u00f3pez para estas elecciones, buscando recuperar el Municipio para el FpV; \u201cScioli es el mejor candidato para enfrentar a Mauricio Macri y Garc\u00eda a Jorge Macri\u201d, afirm\u00f3.<!--more--><\/p>\n<p>Guido Lorenzino puso fin a meses de especulaciones y confirm\u00f3 la candidatura de Enrique \u2018Japon\u00e9s\u2019 Garc\u00eda a la intendencia de Vicente L\u00f3pez. \u201cMe parece que Enrique Garc\u00eda es el mejor candidato en esta etapa para enfrentar al otro Macri. Scioli es el mejor candidato para enfrentar a Mauricio Macri y Garc\u00eda a Jorge Macri\u201d, explic\u00f3 a este medio.<\/p>\n<p>\u201cEn los pr\u00f3ximos d\u00edas se har\u00e1 un lanzamiento p\u00fablico, y estamos seguros de que Garc\u00eda es el candidato del FPV que le va a ganar a Jorge Macri\u201d, dej\u00f3 en claro Lorenzino.<\/p>\n<p>Asimismo trascendi\u00f3 un cierto malestar del sector encabezado por el concejal Leonardo Rial y la diputada Diana Conti ante esta confirmaci\u00f3n, que hab\u00eda empezado a sonar en el mundo pol\u00edtico desde el comienzo de la semana, por lo que podr\u00eda plantearse una interna de cara a agosto.<\/p>\n<p>\u201cNos gustar\u00eda que se sumen todos los actores, pero si alguno cree que debe ser el candidato est\u00e1n las PASO para participar y quien gana conduce y quien pierde acompa\u00f1a. No tenemos que estar todos de acuerdo, pero en octubre vamos a estar todos juntos\u201d, enfatiz\u00f3 el diputado.<\/p>\n<p>Por su parte, el presidente del PJ de Vicente L\u00f3pez Lorenzo Beccaria dialog\u00f3 con Zona Norte Diario Online tras la confirmaci\u00f3n y expres\u00f3: \u201cVemos con buenos ojos su candidatura. Tenemos que cortar con la mala gesti\u00f3n de Jorge Macri y el \u2018Japon\u00e9s\u2019 logra aglutinar a diferentes sectores. Nosotros tenemos la encuesta de la calle y el vecino le dice: \u2018Enrique volv\u00e9\u2019. Creo que vamos por buen camino y con trabajo le podemos ganar a Jorge Macri\u201d.<\/p>\n<p>Garc\u00eda gobern\u00f3 Vicente L\u00f3pez desde 1983 hasta 2011, cuando fue derrotado por el actual intendente Jorge Macri. Tras diversas encuestas y sondeos, desde el sciolismo est\u00e1n convencidos de que solo el Japon\u00e9s est\u00e1 en condiciones de disputarle la intendencia a Macri.<\/p>\n<p>Ser\u00e1 una dura prueba para que los vecinos revaliden o no la gesti\u00f3n macrista con un rival de peso, al tiempo que esta candidatura termina de sepultar las chances del candidato massista Adri\u00e1n P\u00e9rez, descontando que se dar\u00e1 una casi segura polarizaci\u00f3n entre Macri y el &#8216;Japon\u00e9s&#8217;.<\/p>\n<p>&nbsp;<\/p>\n<p>&nbsp;<\/p>\n<p>&nbsp;<\/p>\n<p>&nbsp;<\/p>\n<p>&nbsp;<\/p>\n<p>&nbsp;<\/p>\n<p>&nbsp;<\/p>\n<p>&nbsp;<\/p>\n<p>&nbsp;<\/p>\n<p>&nbsp;<\/p>\n<p>&nbsp;<\/p>\n<p>&nbsp;<\/p>\n<p>&nbsp;<\/p>\n<p>&nbsp;<\/p>\n<p>&nbsp;<\/p>\n<p>&nbsp;<\/p>\n<p>&nbsp;<\/p>\n<p>&nbsp;<\/p>\n","protected":false},"excerpt":{"rendered":"<p>El diputado bonaerense Guido Lorenzino, armador sciolista en la primera secci\u00f3n, confirm\u00f3 que el ex intendente Enrique \u201cJapon\u00e9s\u201d Garc\u00eda ser\u00e1 el candidato del espacio en Vicente L\u00f3pez para estas elecciones, buscando recuperar el Municipio para el FpV; \u201cScioli es el mejor candidato para enfrentar a Mauricio Macri y Garc\u00eda a Jorge Macri\u201d, afirm\u00f3.<\/p>\n","protected":false},"author":8,"featured_media":0,"comment_status":"open","ping_status":"open","sticky":false,"template":"","format":"standard","meta":{"_jetpack_newsletter_access":"","_jetpack_dont_email_post_to_subs":false,"_jetpack_newsletter_tier_id":0,"_jetpack_memberships_contains_paywalled_content":false,"_jetpack_memberships_contains_paid_content":false,"footnotes":""},"categories":[51],"tags":[],"class_list":["post-65950","post","type-post","status-publish","format-standard","hentry","category-politica"],"jetpack_shortlink":"https:\/\/wp.me\/p2JWE0-h9I","jetpack-related-posts":[{"id":67749,"url":"http:\/\/www.24baires.com\/?p=67749","url_meta":{"origin":65950,"position":0},"title":"&#8216;Japon\u00e9s&#8217; Garc\u00eda: el ABL en Vicente L\u00f3pez es \u201cun asalto a mano armada, no pueden seguir afanando al contribuyente\u00bb","author":"AF","date":"18\/06\/2015","format":false,"excerpt":"En un encendido discurso ante casi 1500 vecinos, el ex intendente de Vicente L\u00f3pez y nuevamente candidato a jefe comunal por el FPV Enrique \u201cjapon\u00e9s\u201d Garc\u00eda, calific\u00f3 de \u201casalto a mano armada\u201d, las tasas que cobra el macrismo en el distrito, anticip\u00f3 que crear\u00e1 una \u201coficina anticorrupci\u00f3n\u201d en el municipio\u2026","rel":"","context":"En \u00abElecciones 2015\u00bb","block_context":{"text":"Elecciones 2015","link":"http:\/\/www.24baires.com\/?cat=74"},"img":{"alt_text":"","src":"https:\/\/i0.wp.com\/www.24baires.com\/wp-content\/uploads\/2015\/06\/japon%C3%A9s-garc%C3%ADa.jpg?resize=350%2C200","width":350,"height":200,"srcset":"https:\/\/i0.wp.com\/www.24baires.com\/wp-content\/uploads\/2015\/06\/japon%C3%A9s-garc%C3%ADa.jpg?resize=350%2C200 1x, https:\/\/i0.wp.com\/www.24baires.com\/wp-content\/uploads\/2015\/06\/japon%C3%A9s-garc%C3%ADa.jpg?resize=525%2C300 1.5x"},"classes":[]},{"id":33023,"url":"http:\/\/www.24baires.com\/?p=33023","url_meta":{"origin":65950,"position":1},"title":"Vicente L\u00f3pez: denuncian a Jorge Macri por \u201cpersecuciones y ataques permanentes\u201d","author":"AF","date":"05\/10\/2013","format":false,"excerpt":"El candidato a concejal, Leonardo Rial, dijo que el intendente de Vicente L\u00f3pez agrede sistem\u00e1ticamente a los militantes del FpV porque \u201cno tiene un proyecto pol\u00edtico, solo marketing y no le conviene que se hable\u201d. Relat\u00f3 que \u201cla patrulla municipal est\u00e1 m\u00e1s pendiente de que nosotros no salgamos a la\u2026","rel":"","context":"En \u00abLocales\u00bb","block_context":{"text":"Locales","link":"http:\/\/www.24baires.com\/?cat=38"},"img":{"alt_text":"","src":"https:\/\/i0.wp.com\/www.24baires.com\/wp-content\/uploads\/2013\/10\/jorge-macri-massa.jpg?resize=350%2C200","width":350,"height":200,"srcset":"https:\/\/i0.wp.com\/www.24baires.com\/wp-content\/uploads\/2013\/10\/jorge-macri-massa.jpg?resize=350%2C200 1x, https:\/\/i0.wp.com\/www.24baires.com\/wp-content\/uploads\/2013\/10\/jorge-macri-massa.jpg?resize=525%2C300 1.5x"},"classes":[]},{"id":33952,"url":"http:\/\/www.24baires.com\/?p=33952","url_meta":{"origin":65950,"position":2},"title":"Candidata massista en Laprida recibir\u00eda un salario municipal en Vicente L\u00f3pez","author":"GB","date":"22\/10\/2013","format":false,"excerpt":"Julieta Arce, candidata massista de la alianza Pro- Frente Renovador en la ciudad de Laprida, est\u00e1 acusada de cobrar un sueldo como empleada de la Municipalidad de Vicente L\u00f3pez, pese a que vive en Laprida desde hace al menos 8 meses. La propia dirigente Julieta Arce acusada de cobrar un\u2026","rel":"","context":"En \u00abELECCIONES 2013\u00bb","block_context":{"text":"ELECCIONES 2013","link":"http:\/\/www.24baires.com\/?cat=72"},"img":{"alt_text":"","src":"https:\/\/i0.wp.com\/www.24baires.com\/wp-content\/uploads\/2013\/10\/massalaprida.jpg?resize=350%2C200","width":350,"height":200,"srcset":"https:\/\/i0.wp.com\/www.24baires.com\/wp-content\/uploads\/2013\/10\/massalaprida.jpg?resize=350%2C200 1x, https:\/\/i0.wp.com\/www.24baires.com\/wp-content\/uploads\/2013\/10\/massalaprida.jpg?resize=525%2C300 1.5x"},"classes":[]},{"id":72545,"url":"http:\/\/www.24baires.com\/?p=72545","url_meta":{"origin":65950,"position":3},"title":"Scioli no participar\u00e1 del debate de candidatos a Presidente","author":"AF","date":"23\/09\/2015","format":false,"excerpt":"El candidato a presidente por el FpV, Daniel Scioli, no asistir\u00e1 al debate presidencial previsto con sus pares Mauricio Macri (Cambiemos) y Sergio Massa (UNA), tal como se ven\u00eda analizando en el \u00faltimos d\u00edas. El diputado bonaerense Guido Lorenzino, uno de los integrantes de la mesa de decisiones de campa\u00f1a,\u2026","rel":"","context":"En \u00abElecciones 2015\u00bb","block_context":{"text":"Elecciones 2015","link":"http:\/\/www.24baires.com\/?cat=74"},"img":{"alt_text":"scioli saludo","src":"https:\/\/i0.wp.com\/www.24baires.com\/wp-content\/uploads\/2014\/08\/scioli-saludo.jpg?resize=350%2C200","width":350,"height":200,"srcset":"https:\/\/i0.wp.com\/www.24baires.com\/wp-content\/uploads\/2014\/08\/scioli-saludo.jpg?resize=350%2C200 1x, https:\/\/i0.wp.com\/www.24baires.com\/wp-content\/uploads\/2014\/08\/scioli-saludo.jpg?resize=525%2C300 1.5x"},"classes":[]},{"id":51384,"url":"http:\/\/www.24baires.com\/?p=51384","url_meta":{"origin":65950,"position":4},"title":"Jorge Macri no descarta di\u00e1logo con el massismo: \u00abQuiero ser gobernador\u00bb","author":"Grupo Sierra","date":"07\/08\/2014","format":false,"excerpt":"El intendente de Vicente L\u00f3pez asegur\u00f3 su postulaci\u00f3n. Y lanz\u00f3: \"Scioli va a ser el kirchnerismo y Mauricio tiene que ser el candidato que polarice con ellos\". El intendente de Vicente L\u00f3pez y precandidato en la Provincia, Jorge Macri, destac\u00f3 su intenci\u00f3n de \"ser gobernador\" bonaerense, afirm\u00f3 que mantiene \"muy\u2026","rel":"","context":"En \u00abElecciones 2015\u00bb","block_context":{"text":"Elecciones 2015","link":"http:\/\/www.24baires.com\/?cat=74"},"img":{"alt_text":"macri jorge","src":"https:\/\/i0.wp.com\/www.24baires.com\/wp-content\/uploads\/2014\/03\/macri-jorge.jpg?resize=350%2C200","width":350,"height":200,"srcset":"https:\/\/i0.wp.com\/www.24baires.com\/wp-content\/uploads\/2014\/03\/macri-jorge.jpg?resize=350%2C200 1x, https:\/\/i0.wp.com\/www.24baires.com\/wp-content\/uploads\/2014\/03\/macri-jorge.jpg?resize=525%2C300 1.5x"},"classes":[]},{"id":50054,"url":"http:\/\/www.24baires.com\/?p=50054","url_meta":{"origin":65950,"position":5},"title":"Jorge Macri no descarta ser candidato a gobernador por el PRO","author":"AF","date":"17\/07\/2014","format":false,"excerpt":"El intendente de Vicente L\u00f3pez no descart\u00f3 hoy ser candidato a gobernador bonaerense por el PRO, aunque asegur\u00f3 que su esfuerzo \"de ac\u00e1 a marzo\" estar\u00e1 puesto en impulsar la candidatura presidencial de Mauricio Macri. \"Puedo ser yo, puede ser ella, puede ser otro\", se\u00f1al\u00f3 Macri, cuando lo consultaron si\u2026","rel":"","context":"En \u00abPol\u00edtica\u00bb","block_context":{"text":"Pol\u00edtica","link":"http:\/\/www.24baires.com\/?cat=51"},"img":{"alt_text":"macri jorge","src":"https:\/\/i0.wp.com\/www.24baires.com\/wp-content\/uploads\/2014\/03\/macri-jorge.jpg?resize=350%2C200","width":350,"height":200,"srcset":"https:\/\/i0.wp.com\/www.24baires.com\/wp-content\/uploads\/2014\/03\/macri-jorge.jpg?resize=350%2C200 1x, https:\/\/i0.wp.com\/www.24baires.com\/wp-content\/uploads\/2014\/03\/macri-jorge.jpg?resize=525%2C300 1.5x"},"classes":[]}],"jetpack_sharing_enabled":true,"jetpack_likes_enabled":true,"jetpack_featured_media_url":"","_links":{"self":[{"href":"http:\/\/www.24baires.com\/index.php?rest_route=\/wp\/v2\/posts\/65950","targetHints":{"allow":["GET"]}}],"collection":[{"href":"http:\/\/www.24baires.com\/index.php?rest_route=\/wp\/v2\/posts"}],"about":[{"href":"http:\/\/www.24baires.com\/index.php?rest_route=\/wp\/v2\/types\/post"}],"author":[{"embeddable":true,"href":"http:\/\/www.24baires.com\/index.php?rest_route=\/wp\/v2\/users\/8"}],"replies":[{"embeddable":true,"href":"http:\/\/www.24baires.com\/index.php?rest_route=%2Fwp%2Fv2%2Fcomments&post=65950"}],"version-history":[{"count":1,"href":"http:\/\/www.24baires.com\/index.php?rest_route=\/wp\/v2\/posts\/65950\/revisions"}],"predecessor-version":[{"id":65952,"href":"http:\/\/www.24baires.com\/index.php?rest_route=\/wp\/v2\/posts\/65950\/revisions\/65952"}],"wp:attachment":[{"href":"http:\/\/www.24baires.com\/index.php?rest_route=%2Fwp%2Fv2%2Fmedia&parent=65950"}],"wp:term":[{"taxonomy":"category","embeddable":true,"href":"http:\/\/www.24baires.com\/index.php?rest_route=%2Fwp%2Fv2%2Fcategories&post=65950"},{"taxonomy":"post_tag","embeddable":true,"href":"http:\/\/www.24baires.com\/index.php?rest_route=%2Fwp%2Fv2%2Ftags&post=65950"}],"curies":[{"name":"wp","href":"https:\/\/api.w.org\/{rel}","templated":true}]}}