{"id":65944,"date":"2015-05-14T20:11:16","date_gmt":"2015-05-14T23:11:16","guid":{"rendered":"http:\/\/www.24baires.com\/?p=65944"},"modified":"2015-05-14T20:11:16","modified_gmt":"2015-05-14T23:11:16","slug":"fayt-ratifico-que-seguira-como-juez-de-la-corte","status":"publish","type":"post","link":"http:\/\/www.24baires.com\/?p=65944","title":{"rendered":"Fayt ratific\u00f3 que seguir\u00e1 como juez de la Corte"},"content":{"rendered":"<p><img data-recalc-dims=\"1\" loading=\"lazy\" decoding=\"async\" class=\"aligncenter size-full wp-image-55296\" src=\"https:\/\/i0.wp.com\/www.24baires.com\/wp-content\/uploads\/2014\/10\/fayt2.jpg?resize=560%2C311\" alt=\"fayt2\" width=\"560\" height=\"311\" srcset=\"https:\/\/i0.wp.com\/www.24baires.com\/wp-content\/uploads\/2014\/10\/fayt2.jpg?w=560 560w, https:\/\/i0.wp.com\/www.24baires.com\/wp-content\/uploads\/2014\/10\/fayt2.jpg?resize=300%2C166 300w\" sizes=\"auto, (max-width: 560px) 100vw, 560px\" \/>A trav\u00e9s de un comunicado, asegur\u00f3 su continuidad a pesar de los cuestionamientos por parte del oficialismo.<!--more--><\/p>\n<p>\u00abCiudadanos quiero expresarles mi sincero reconocimiento por haber llevado a cargo esta hermosa reuni\u00f3n. Es una manifestaci\u00f3n ciudadana que valoro como tal. S\u00e9 que quieren una justicia independiente que defienda sus derechos\u00bb, dijo Fayt en el comunicado al referirse a la convocatoria que se realiz\u00f3 en su casa del barrio de Recoleta.<\/p>\n<p>En el texto que ley\u00f3 el abogado Ricardo Monner Sans, el magistrado afirm\u00f3 que la movilizaci\u00f3n \u00abla considero una manifestaci\u00f3n de solidaridad con los valores democr\u00e1ticos y constitucionales que siempre he defendido y que seguir\u00e9 haci\u00e9ndolo desde mi lugar de juez de la Corte Suprema\u00bb.<\/p>\n<p>Aparici\u00f3n de ayer. Fayt reapareci\u00f3 en la Corte Suprema que celebr\u00f3 un \u00abacuerdo extraordinario\u00bb donde ratific\u00f3 la acordada 11 del 21 de abril \u00faltimo, que hab\u00eda aprobado la reelecci\u00f3n anticipada del presidente Ricardo Lorenzetti hasta el 2019.<\/p>\n","protected":false},"excerpt":{"rendered":"<p>A trav\u00e9s de un comunicado, asegur\u00f3 su continuidad a pesar de los cuestionamientos por parte del oficialismo.<\/p>\n","protected":false},"author":8,"featured_media":0,"comment_status":"open","ping_status":"open","sticky":false,"template":"","format":"standard","meta":{"_jetpack_newsletter_access":"","_jetpack_dont_email_post_to_subs":false,"_jetpack_newsletter_tier_id":0,"_jetpack_memberships_contains_paywalled_content":false,"_jetpack_memberships_contains_paid_content":false,"footnotes":""},"categories":[51],"tags":[],"class_list":["post-65944","post","type-post","status-publish","format-standard","hentry","category-politica"],"jetpack_shortlink":"https:\/\/wp.me\/p2JWE0-h9C","jetpack-related-posts":[{"id":55295,"url":"http:\/\/www.24baires.com\/?p=55295","url_meta":{"origin":65944,"position":0},"title":"Fayt asegur\u00f3 que seguir\u00e1 \u00abun tiempo m\u00e1s\u00bb en la Corte Suprema","author":"AF","date":"13\/10\/2014","format":false,"excerpt":"El ministro del m\u00e1ximo tribunal, de 96 a\u00f1os, lament\u00f3 la muerte de su compa\u00f1ero, Enrique Petracchi, fallecido ayer a los 78 a\u00f1os, al tiempo que manifest\u00f3 que \u00e9l seguir\u00e1 cumpliendo sus funciones: \"Voy a seguir un tiempo m\u00e1s, no s\u00e9 cu\u00e1nto\", se\u00f1al\u00f3. Hablemos simplemente de un hombre que se va\u2026","rel":"","context":"En \u00abSociedad\u00bb","block_context":{"text":"Sociedad","link":"http:\/\/www.24baires.com\/?cat=1"},"img":{"alt_text":"","src":"https:\/\/i0.wp.com\/www.24baires.com\/wp-content\/uploads\/2014\/10\/fayt2.jpg?resize=350%2C200","width":350,"height":200,"srcset":"https:\/\/i0.wp.com\/www.24baires.com\/wp-content\/uploads\/2014\/10\/fayt2.jpg?resize=350%2C200 1x, https:\/\/i0.wp.com\/www.24baires.com\/wp-content\/uploads\/2014\/10\/fayt2.jpg?resize=525%2C300 1.5x"},"classes":[]},{"id":65862,"url":"http:\/\/www.24baires.com\/?p=65862","url_meta":{"origin":65944,"position":1},"title":"Con Fayt inclu\u00eddo, la Corte ratific\u00f3 la reelecci\u00f3n de Lorenzetti","author":"AF","date":"13\/05\/2015","format":false,"excerpt":"El m\u00e1ximo tribunal celebr\u00f3 un \u201cacuerdo extraordinario\u201d donde ratific\u00f3 la acordada 11 del 21 de abril \u00faltimo, que hab\u00eda aprobado la reelecci\u00f3n anticipada del presidente Ricardo Lorenzetti hasta el 2019 y que cont\u00f3 adem\u00e1s con la presencia del magistrado m\u00e1s veterano del cuerpo, el juez Carlos Fayt, quien hac\u00eda tiempo\u2026","rel":"","context":"En \u00abJUDICIALES\u00bb","block_context":{"text":"JUDICIALES","link":"http:\/\/www.24baires.com\/?cat=68"},"img":{"alt_text":"lorenzetti2","src":"https:\/\/i0.wp.com\/www.24baires.com\/wp-content\/uploads\/2015\/03\/lorenzetti2.jpg?resize=350%2C200","width":350,"height":200,"srcset":"https:\/\/i0.wp.com\/www.24baires.com\/wp-content\/uploads\/2015\/03\/lorenzetti2.jpg?resize=350%2C200 1x, https:\/\/i0.wp.com\/www.24baires.com\/wp-content\/uploads\/2015\/03\/lorenzetti2.jpg?resize=525%2C300 1.5x"},"classes":[]},{"id":72208,"url":"http:\/\/www.24baires.com\/?p=72208","url_meta":{"origin":65944,"position":2},"title":"Zaffaroni: \u201cYo soy m\u00e1s populista y peronista y Fayt era m\u00e1s gorila\u201d","author":"AF","date":"16\/09\/2015","format":false,"excerpt":"El ex miembro de la Corte Suprema de Justicia de la Naci\u00f3n habl\u00f3 sobre la renuncia del juez Carlos Fayt. Adem\u00e1s, dijo que es \"irresponsable\" lo que hace la oposici\u00f3n para no cubrir las vacantes en la Corte Suprema. El ex juez de la Corte Suprema de Justicia de la\u2026","rel":"","context":"En \u00abPol\u00edtica\u00bb","block_context":{"text":"Pol\u00edtica","link":"http:\/\/www.24baires.com\/?cat=51"},"img":{"alt_text":"zaffaroni2","src":"https:\/\/i0.wp.com\/www.24baires.com\/wp-content\/uploads\/2012\/11\/zaffaroni2.jpg?resize=350%2C200","width":350,"height":200,"srcset":"https:\/\/i0.wp.com\/www.24baires.com\/wp-content\/uploads\/2012\/11\/zaffaroni2.jpg?resize=350%2C200 1x, https:\/\/i0.wp.com\/www.24baires.com\/wp-content\/uploads\/2012\/11\/zaffaroni2.jpg?resize=525%2C300 1.5x"},"classes":[]},{"id":69219,"url":"http:\/\/www.24baires.com\/?p=69219","url_meta":{"origin":65944,"position":3},"title":"La Corte Suprema rechaz\u00f3 un pedido de Carri\u00f3 para que no critiquen a Fayt","author":"Grupo Sierra","date":"17\/07\/2015","format":false,"excerpt":"Elisa Carri\u00f3 hab\u00eda solicitado que la Corte Suprema de la Naci\u00f3n intervenga para que cesen las cr\u00edticas al juez Carlos Fayt, el pedido fue denegado. La precandidata a la presidencia por el frente Cambiemos hab\u00eda solicitado que el m\u00e1ximo organismo de justicia intervenga para frenar las cr\u00edticas a Fayt \"por\u2026","rel":"","context":"En \u00abJUDICIALES\u00bb","block_context":{"text":"JUDICIALES","link":"http:\/\/www.24baires.com\/?cat=68"},"img":{"alt_text":"CARRIO","src":"https:\/\/i0.wp.com\/www.24baires.com\/wp-content\/uploads\/2013\/05\/CARRIO.jpg?resize=350%2C200","width":350,"height":200,"srcset":"https:\/\/i0.wp.com\/www.24baires.com\/wp-content\/uploads\/2013\/05\/CARRIO.jpg?resize=350%2C200 1x, https:\/\/i0.wp.com\/www.24baires.com\/wp-content\/uploads\/2013\/05\/CARRIO.jpg?resize=525%2C300 1.5x"},"classes":[]},{"id":65363,"url":"http:\/\/www.24baires.com\/?p=65363","url_meta":{"origin":65944,"position":4},"title":"La Corte ratific\u00f3 a Lorenzetti como presidente","author":"GB","date":"05\/05\/2015","format":false,"excerpt":"La Corte Suprema de Justicia ratific\u00f3 \"total y absolutamente\" la acordada que reeligi\u00f3 a su presidente Ricardo Lorenzetti y a la vicepresidenta Elena Highton de Nolasco para ocupar nuevamente los cargos a partir del 1 de enero de 2016. Mediante un comunicado de tres l\u00edneas publicado esta ma\u00f1ana en el\u2026","rel":"","context":"En \u00abPol\u00edtica\u00bb","block_context":{"text":"Pol\u00edtica","link":"http:\/\/www.24baires.com\/?cat=51"},"img":{"alt_text":"lorenzetti2","src":"https:\/\/i0.wp.com\/www.24baires.com\/wp-content\/uploads\/2015\/03\/lorenzetti2.jpg?resize=350%2C200","width":350,"height":200,"srcset":"https:\/\/i0.wp.com\/www.24baires.com\/wp-content\/uploads\/2015\/03\/lorenzetti2.jpg?resize=350%2C200 1x, https:\/\/i0.wp.com\/www.24baires.com\/wp-content\/uploads\/2015\/03\/lorenzetti2.jpg?resize=525%2C300 1.5x"},"classes":[]},{"id":65676,"url":"http:\/\/www.24baires.com\/?p=65676","url_meta":{"origin":65944,"position":5},"title":"\u00abA Fayt lo est\u00e1n obligando a hacer cosas que no hubiera hecho en otro momento\u201d","author":"AF","date":"11\/05\/2015","format":false,"excerpt":"An\u00edbal Fern\u00e1ndez dijo que \"deber\u00edan dejar de torturar\" al juez de la Corte Suprema Carlos Fayt, al ser consultado por la situaci\u00f3n por la que atraviesa el alto Tribunal y el magistrado 97 a\u00f1os. \"Lo est\u00e1n obligando a hacer cosas que en otro momento, no har\u00eda. La acordada 11 (de\u2026","rel":"","context":"En \u00abJUDICIALES\u00bb","block_context":{"text":"JUDICIALES","link":"http:\/\/www.24baires.com\/?cat=68"},"img":{"alt_text":"","src":"","width":0,"height":0},"classes":[]}],"jetpack_sharing_enabled":true,"jetpack_likes_enabled":true,"jetpack_featured_media_url":"","_links":{"self":[{"href":"http:\/\/www.24baires.com\/index.php?rest_route=\/wp\/v2\/posts\/65944","targetHints":{"allow":["GET"]}}],"collection":[{"href":"http:\/\/www.24baires.com\/index.php?rest_route=\/wp\/v2\/posts"}],"about":[{"href":"http:\/\/www.24baires.com\/index.php?rest_route=\/wp\/v2\/types\/post"}],"author":[{"embeddable":true,"href":"http:\/\/www.24baires.com\/index.php?rest_route=\/wp\/v2\/users\/8"}],"replies":[{"embeddable":true,"href":"http:\/\/www.24baires.com\/index.php?rest_route=%2Fwp%2Fv2%2Fcomments&post=65944"}],"version-history":[{"count":1,"href":"http:\/\/www.24baires.com\/index.php?rest_route=\/wp\/v2\/posts\/65944\/revisions"}],"predecessor-version":[{"id":65945,"href":"http:\/\/www.24baires.com\/index.php?rest_route=\/wp\/v2\/posts\/65944\/revisions\/65945"}],"wp:attachment":[{"href":"http:\/\/www.24baires.com\/index.php?rest_route=%2Fwp%2Fv2%2Fmedia&parent=65944"}],"wp:term":[{"taxonomy":"category","embeddable":true,"href":"http:\/\/www.24baires.com\/index.php?rest_route=%2Fwp%2Fv2%2Fcategories&post=65944"},{"taxonomy":"post_tag","embeddable":true,"href":"http:\/\/www.24baires.com\/index.php?rest_route=%2Fwp%2Fv2%2Ftags&post=65944"}],"curies":[{"name":"wp","href":"https:\/\/api.w.org\/{rel}","templated":true}]}}