{"id":65940,"date":"2015-05-14T19:32:52","date_gmt":"2015-05-14T22:32:52","guid":{"rendered":"http:\/\/www.24baires.com\/?p=65940"},"modified":"2015-05-14T19:32:52","modified_gmt":"2015-05-14T22:32:52","slug":"moyano-se-suma-al-anunciado-paro-de-transporte","status":"publish","type":"post","link":"http:\/\/www.24baires.com\/?p=65940","title":{"rendered":"Moyano se suma al anunciado paro de transporte"},"content":{"rendered":"<p><img data-recalc-dims=\"1\" loading=\"lazy\" decoding=\"async\" class=\"aligncenter size-full wp-image-30984\" src=\"https:\/\/i0.wp.com\/www.24baires.com\/wp-content\/uploads\/2013\/08\/moyano-massa.jpg?resize=560%2C248\" alt=\"moyano massa\" width=\"560\" height=\"248\" srcset=\"https:\/\/i0.wp.com\/www.24baires.com\/wp-content\/uploads\/2013\/08\/moyano-massa.jpg?w=560 560w, https:\/\/i0.wp.com\/www.24baires.com\/wp-content\/uploads\/2013\/08\/moyano-massa.jpg?resize=300%2C132 300w\" sizes=\"auto, (max-width: 560px) 100vw, 560px\" \/>La medida de fuerza de 24 horas se llevar\u00e1 a cabo la primera semana de junio. Los sindicatos pusieron un plazo de tres semanas como invitaci\u00f3n al Gobierno nacional para destrabar las paritarias.<!--more--><\/p>\n<p>La CGT Azopardo que conduce Hugo Moyano se sum\u00f3 este jueves por la tarde al paro nacional convocado por los gremios del Transporte terrestre, mar\u00edtimo y a\u00e9reo \u00abpara el mes de junio\u00bb.<\/p>\n<p>\u00abLa Confederaci\u00f3n General del Trabajo (CGT) informa que se reuni\u00f3 el Secretario Nacional y ante el creciente malestar que atraviesa la mayor\u00eda de los gremios ha resuelto instrumentar un paro general en todo el pa\u00eds para el mes de junio\u00bb, se indic\u00f3 en un comunicado que lleva la firma de Moyano.<br \/>\nLos dirigentes de camioneros, maquinistas ferroviarios, dragado y balizamiento y colectiveros, entre otros, confirmaron d\u00edas atr\u00e1s luego de la reuni\u00f3n en la sede de la CATT que llevar\u00e1n a cabo un paro de 24 horas la primera semana de ese mes. El plazo de tres semanas es una invitaci\u00f3n al Gobierno Nacional para destrabar las paritarias.<br \/>\nLa discusi\u00f3n gir\u00f3 en torno a si propondr\u00edan un paro nacional o no, y si ser\u00edan medidas escalonadas -por rubrosy ramas- o unificada. Finalmente, seg\u00fan advirti\u00f3 el titular del organismo y del sindicato de Dragado y Balizamiento, Juan Carlos Schmid, prim\u00f3 la idea de un paro conjunto para la primera semana de junio.<\/p>\n<p>Adem\u00e1s, convocar\u00e1n reuniones con las CGT y CTA para intentar que todos los trabajadores se sumen al reclamo. Habr\u00e1 que ver si adem\u00e1s de las probables sumatorias del moyanismo y las centrales opositoras, logran sumar a diferentes gremios de la CTA y CGT oficialistas molestos con los techos y dilaciones en las paritarias.<\/p>\n<p>Los principales reclamos de los sindicalistas pasan por el retraso en las discusiones salariales a partir de los topes aplicados -seg\u00fan ellos- por el Gobierno Nacional a los aumentos. Adem\u00e1s, cuestionan los anuncios \u00abfalsos\u00bb sobre Ganancias.<\/p>\n<p>&nbsp;<\/p>\n<p>&nbsp;<\/p>\n<p>&nbsp;<\/p>\n<p>&nbsp;<\/p>\n<p>&nbsp;<\/p>\n<p>&nbsp;<\/p>\n<p>&nbsp;<\/p>\n<p>&nbsp;<\/p>\n<p>&nbsp;<\/p>\n<p>&nbsp;<\/p>\n<p>&nbsp;<\/p>\n<p>&nbsp;<\/p>\n<p>&nbsp;<\/p>\n<p>&nbsp;<\/p>\n<p>&nbsp;<\/p>\n<p>&nbsp;<\/p>\n<p>&nbsp;<\/p>\n<p>&nbsp;<\/p>\n<p>&nbsp;<\/p>\n","protected":false},"excerpt":{"rendered":"<p>La medida de fuerza de 24 horas se llevar\u00e1 a cabo la primera semana de junio. Los sindicatos pusieron un plazo de tres semanas como invitaci\u00f3n al Gobierno nacional para destrabar las paritarias.<\/p>\n","protected":false},"author":8,"featured_media":0,"comment_status":"open","ping_status":"open","sticky":false,"template":"","format":"standard","meta":{"_jetpack_newsletter_access":"","_jetpack_dont_email_post_to_subs":false,"_jetpack_newsletter_tier_id":0,"_jetpack_memberships_contains_paywalled_content":false,"_jetpack_memberships_contains_paid_content":false,"footnotes":""},"categories":[51],"tags":[],"class_list":["post-65940","post","type-post","status-publish","format-standard","hentry","category-politica"],"jetpack_shortlink":"https:\/\/wp.me\/p2JWE0-h9y","jetpack-related-posts":[{"id":107626,"url":"http:\/\/www.24baires.com\/?p=107626","url_meta":{"origin":65940,"position":0},"title":"Moyano llam\u00f3 a un paro general y cruz\u00f3 a la c\u00fapula de la CGT","author":"AF","date":"11\/04\/2019","format":false,"excerpt":"El l\u00edder de camioneros asegur\u00f3 que se llevar\u00e1 a cabo una huelga general para el 30 de abril. En este sentido, le reclam\u00f3 a la CGT que tome cartas en el asunto. \"No reaccionan\", se quej\u00f3 el dirigente. Los gremios disidentes a la CGT, encabezados por Hugo Moyano y las\u2026","rel":"","context":"En \u00abSociedad\u00bb","block_context":{"text":"Sociedad","link":"http:\/\/www.24baires.com\/?cat=1"},"img":{"alt_text":"","src":"https:\/\/i0.wp.com\/www.24baires.com\/wp-content\/uploads\/2018\/05\/moyano.jpg?resize=350%2C200","width":350,"height":200,"srcset":"https:\/\/i0.wp.com\/www.24baires.com\/wp-content\/uploads\/2018\/05\/moyano.jpg?resize=350%2C200 1x, https:\/\/i0.wp.com\/www.24baires.com\/wp-content\/uploads\/2018\/05\/moyano.jpg?resize=525%2C300 1.5x"},"classes":[]},{"id":102916,"url":"http:\/\/www.24baires.com\/?p=102916","url_meta":{"origin":65940,"position":1},"title":"Para Pablo Moyano el paro de la CGT \u00abser\u00e1 total\u00bb","author":"Grupo Sierra","date":"22\/06\/2018","format":false,"excerpt":"El dirigente del sindicato de los camioneros Pablo Moyano pronostic\u00f3 que el paro nacional del lunes que realizar\u00e1 la CGT \"ser\u00e1 total\", porque asegur\u00f3 que \"la totalidad de los gremios del transporte y de servicio han adherido\". \"Va a ser un paro total\", vaticin\u00f3 Moyano en declaraciones a Radio Cooperativa.\u2026","rel":"","context":"En \u00abLocales\u00bb","block_context":{"text":"Locales","link":"http:\/\/www.24baires.com\/?cat=38"},"img":{"alt_text":"","src":"https:\/\/i0.wp.com\/www.24baires.com\/wp-content\/uploads\/2013\/07\/moyano-pablo.jpg?resize=350%2C200","width":350,"height":200,"srcset":"https:\/\/i0.wp.com\/www.24baires.com\/wp-content\/uploads\/2013\/07\/moyano-pablo.jpg?resize=350%2C200 1x, https:\/\/i0.wp.com\/www.24baires.com\/wp-content\/uploads\/2013\/07\/moyano-pablo.jpg?resize=525%2C300 1.5x"},"classes":[]},{"id":66107,"url":"http:\/\/www.24baires.com\/?p=66107","url_meta":{"origin":65940,"position":2},"title":"El nuevo paro nacional del transporte ser\u00e1 el 9 de junio","author":"GB","date":"18\/05\/2015","format":false,"excerpt":"Lo adelant\u00f3 este lunes el secretario general del gremio de Dragado y Balizamiento, Juan Carlos Schmid. Se espera que se sumen a la medida de fuerza la CTA opositora, el resto de los gremios nucleados en la CGT de Moyano y agrupaciones de izquierda. El secretario general de la Confederaci\u00f3n\u2026","rel":"","context":"En \u00abSociedad\u00bb","block_context":{"text":"Sociedad","link":"http:\/\/www.24baires.com\/?cat=1"},"img":{"alt_text":"","src":"","width":0,"height":0},"classes":[]},{"id":103448,"url":"http:\/\/www.24baires.com\/?p=103448","url_meta":{"origin":65940,"position":3},"title":"Trabajo mult\u00f3 a Moyano por $800 millones por ignorar una conciliaci\u00f3n","author":"AF","date":"19\/07\/2018","format":false,"excerpt":"El argumento fue que la dirigencia de Camioneros ignor\u00f3 una medida judicial de diciembre del a\u00f1o pasado. El Ministerio de Trabajo le impuso una multa de casi $810 millones al gremio de Camioneros este jueves por no cumplir con una conciliaci\u00f3n obligatoria que fue dictada el 26 de diciembre del\u2026","rel":"","context":"En \u00abPol\u00edtica\u00bb","block_context":{"text":"Pol\u00edtica","link":"http:\/\/www.24baires.com\/?cat=51"},"img":{"alt_text":"","src":"https:\/\/i0.wp.com\/www.24baires.com\/wp-content\/uploads\/2018\/01\/macri-moyano.jpg?resize=350%2C200","width":350,"height":200,"srcset":"https:\/\/i0.wp.com\/www.24baires.com\/wp-content\/uploads\/2018\/01\/macri-moyano.jpg?resize=350%2C200 1x, https:\/\/i0.wp.com\/www.24baires.com\/wp-content\/uploads\/2018\/01\/macri-moyano.jpg?resize=525%2C300 1.5x"},"classes":[]},{"id":121005,"url":"http:\/\/www.24baires.com\/?p=121005","url_meta":{"origin":65940,"position":4},"title":"Moyano advirti\u00f3 que la CGT se encamina hacia un gran paro nacional contra el gobierno","author":"GB","date":"21\/02\/2024","format":false,"excerpt":"En declaraciones con la prensa, el l\u00edder sindicalista adelant\u00f3 que \"una nueva movilizaci\u00f3n o un paro general\" son inminentes. Adem\u00e1s, pidi\u00f3 por la unidad del peronismo, para que \"vuelva a ser una alternativa\". Pablo Moyano, cotitular de la CGT y secretario adjunto de Camioneros, emiti\u00f3 una advertencia contundente, se\u00f1alando que\u2026","rel":"","context":"En \u00abPol\u00edtica\u00bb","block_context":{"text":"Pol\u00edtica","link":"http:\/\/www.24baires.com\/?cat=51"},"img":{"alt_text":"","src":"https:\/\/i0.wp.com\/www.24baires.com\/wp-content\/uploads\/2024\/02\/paro-general.webp?resize=350%2C200","width":350,"height":200,"srcset":"https:\/\/i0.wp.com\/www.24baires.com\/wp-content\/uploads\/2024\/02\/paro-general.webp?resize=350%2C200 1x, https:\/\/i0.wp.com\/www.24baires.com\/wp-content\/uploads\/2024\/02\/paro-general.webp?resize=525%2C300 1.5x, https:\/\/i0.wp.com\/www.24baires.com\/wp-content\/uploads\/2024\/02\/paro-general.webp?resize=700%2C400 2x"},"classes":[]},{"id":108398,"url":"http:\/\/www.24baires.com\/?p=108398","url_meta":{"origin":65940,"position":5},"title":"Sexto paro de la CGT contra Macri: el moyanismo har\u00e1 ollas populares y la izquierda cortar\u00e1 accesos","author":"GB","date":"27\/05\/2019","format":false,"excerpt":"Ante la presi\u00f3n ejercida por los trabajadores, la Confederaci\u00f3n General del Trabajo convoc\u00f3 a una huelga general de 24 horas para este mi\u00e9rcoles 29. La crisis econ\u00f3mica no toca fondo y los sindicatos combativos exigen medidas para recuperar el poder adquisitivo perdido. Finalmente la Confederaci\u00f3n General del Trabajo (CGT) llevar\u00e1\u2026","rel":"","context":"En \u00abPol\u00edtica\u00bb","block_context":{"text":"Pol\u00edtica","link":"http:\/\/www.24baires.com\/?cat=51"},"img":{"alt_text":"","src":"https:\/\/i0.wp.com\/www.24baires.com\/wp-content\/uploads\/2019\/05\/pobreza-0-300x187.jpg?resize=350%2C200","width":350,"height":200},"classes":[]}],"jetpack_sharing_enabled":true,"jetpack_likes_enabled":true,"jetpack_featured_media_url":"","_links":{"self":[{"href":"http:\/\/www.24baires.com\/index.php?rest_route=\/wp\/v2\/posts\/65940","targetHints":{"allow":["GET"]}}],"collection":[{"href":"http:\/\/www.24baires.com\/index.php?rest_route=\/wp\/v2\/posts"}],"about":[{"href":"http:\/\/www.24baires.com\/index.php?rest_route=\/wp\/v2\/types\/post"}],"author":[{"embeddable":true,"href":"http:\/\/www.24baires.com\/index.php?rest_route=\/wp\/v2\/users\/8"}],"replies":[{"embeddable":true,"href":"http:\/\/www.24baires.com\/index.php?rest_route=%2Fwp%2Fv2%2Fcomments&post=65940"}],"version-history":[{"count":1,"href":"http:\/\/www.24baires.com\/index.php?rest_route=\/wp\/v2\/posts\/65940\/revisions"}],"predecessor-version":[{"id":65941,"href":"http:\/\/www.24baires.com\/index.php?rest_route=\/wp\/v2\/posts\/65940\/revisions\/65941"}],"wp:attachment":[{"href":"http:\/\/www.24baires.com\/index.php?rest_route=%2Fwp%2Fv2%2Fmedia&parent=65940"}],"wp:term":[{"taxonomy":"category","embeddable":true,"href":"http:\/\/www.24baires.com\/index.php?rest_route=%2Fwp%2Fv2%2Fcategories&post=65940"},{"taxonomy":"post_tag","embeddable":true,"href":"http:\/\/www.24baires.com\/index.php?rest_route=%2Fwp%2Fv2%2Ftags&post=65940"}],"curies":[{"name":"wp","href":"https:\/\/api.w.org\/{rel}","templated":true}]}}