{"id":65921,"date":"2015-05-14T18:01:41","date_gmt":"2015-05-14T21:01:41","guid":{"rendered":"http:\/\/www.24baires.com\/?p=65921"},"modified":"2015-05-15T10:22:57","modified_gmt":"2015-05-15T13:22:57","slug":"cristina-habla-por-cadena-nacional-desde-rio-negro","status":"publish","type":"post","link":"http:\/\/www.24baires.com\/?p=65921","title":{"rendered":"Cristina: \u201cAtacan al ministro de Econom\u00eda porque no lo pueden comprar\u201d"},"content":{"rendered":"<p><img data-recalc-dims=\"1\" loading=\"lazy\" decoding=\"async\" class=\"aligncenter size-full wp-image-65925\" src=\"https:\/\/i0.wp.com\/www.24baires.com\/wp-content\/uploads\/2015\/05\/cristia-rio-negro.jpg?resize=560%2C313\" alt=\"cristia rio negro\" width=\"560\" height=\"313\" srcset=\"https:\/\/i0.wp.com\/www.24baires.com\/wp-content\/uploads\/2015\/05\/cristia-rio-negro.jpg?w=560 560w, https:\/\/i0.wp.com\/www.24baires.com\/wp-content\/uploads\/2015\/05\/cristia-rio-negro.jpg?resize=300%2C168 300w\" sizes=\"auto, (max-width: 560px) 100vw, 560px\" \/>La Presidenta respald\u00f3 a Kicillof, quien hoy desminti\u00f3 la falsa acusaci\u00f3n hecha por Clar\u00edn sobre cuantiosas sumas que el funcionario supuestamente cobraba como Director de YPF . Fue al inaugurar la nueva sede del Alto Valle de la Universidad Nacional de R\u00edo Negro.<!--more--><\/p>\n<p>La presidenta Cristina Fern\u00e1ndez de Kirchner asegur\u00f3 esta tarde que al ministro de Econom\u00eda, Axel Kicillof, \u00ablo atacan porque no lo pueden comprar\u00bb, al hacer referencia a la tapa de hoy del diario Clar\u00edn, que aseguraba que cobraba en YPF un sueldo superior a 400.000 pesos, informaci\u00f3n desmentida por el funcionario y la propia empresa.<\/p>\n<p>Al participar de un acto de inauguraci\u00f3n de la nueva sede del Alto Valle de la Universidad Nacional de R\u00edo Negro, Cristina asever\u00f3 que \u00abla cadena del desanimo pretende envenenar a la gente, llenarla de odio, porque trabajadores y empresas est\u00e1n discutiendo paritarias\u00bb.<\/p>\n<p>Asimismo se\u00f1al\u00f3 que tanto ella como todos los ministros de su gabinete \u00abtienen declaraciones juradas y no todos los dirigentes\u00bb de su pa\u00eds \u00abpueden decir lo mismo\u00bb.<\/p>\n<p>&nbsp;<\/p>\n<p>&nbsp;<\/p>\n<p>&nbsp;<\/p>\n<p>&nbsp;<\/p>\n<p>&nbsp;<\/p>\n<p>&nbsp;<\/p>\n<p>&nbsp;<\/p>\n<p>&nbsp;<\/p>\n","protected":false},"excerpt":{"rendered":"<p>La Presidenta respald\u00f3 a Kicillof, quien hoy desminti\u00f3 la falsa acusaci\u00f3n hecha por Clar\u00edn sobre cuantiosas sumas que el funcionario supuestamente cobraba como Director de YPF . Fue al inaugurar la nueva sede del Alto Valle de la Universidad Nacional de R\u00edo Negro.<\/p>\n","protected":false},"author":8,"featured_media":0,"comment_status":"open","ping_status":"open","sticky":false,"template":"","format":"standard","meta":{"_jetpack_newsletter_access":"","_jetpack_dont_email_post_to_subs":false,"_jetpack_newsletter_tier_id":0,"_jetpack_memberships_contains_paywalled_content":false,"_jetpack_memberships_contains_paid_content":false,"footnotes":""},"categories":[51],"tags":[],"class_list":["post-65921","post","type-post","status-publish","format-standard","hentry","category-politica"],"jetpack_shortlink":"https:\/\/wp.me\/p2JWE0-h9f","jetpack-related-posts":[{"id":65881,"url":"http:\/\/www.24baires.com\/?p=65881","url_meta":{"origin":65921,"position":0},"title":"Kicillof desminti\u00f3 a Clar\u00edn: \u00abYo en YPF estoy ad honorem\u00bb","author":"GB","date":"14\/05\/2015","format":false,"excerpt":"El ministro de Econom\u00eda, Axel Kicillof, desminti\u00f3 esta ma\u00f1ana que gane 400 mil pesos por mes como director de YPF, como public\u00f3 hoy el diario Clar\u00edn, y asegur\u00f3 que este cargo es \"ad honorem\". \"Yo en YPF estoy ad honorem o sea que b\u00e1sicamente en toda mi participaci\u00f3n, desde el\u2026","rel":"","context":"En \u00abEconom\u00eda\u00bb","block_context":{"text":"Econom\u00eda","link":"http:\/\/www.24baires.com\/?cat=45"},"img":{"alt_text":"kicillof onu","src":"https:\/\/i0.wp.com\/www.24baires.com\/wp-content\/uploads\/2015\/04\/kicillof-onu.jpg?resize=350%2C200","width":350,"height":200,"srcset":"https:\/\/i0.wp.com\/www.24baires.com\/wp-content\/uploads\/2015\/04\/kicillof-onu.jpg?resize=350%2C200 1x, https:\/\/i0.wp.com\/www.24baires.com\/wp-content\/uploads\/2015\/04\/kicillof-onu.jpg?resize=525%2C300 1.5x"},"classes":[]},{"id":122371,"url":"http:\/\/www.24baires.com\/?p=122371","url_meta":{"origin":65921,"position":1},"title":"Kicillof denunci\u00f3 complicidad de Milei con los fondos buitre y convoc\u00f3 a defender YPF","author":"GB","date":"01\/07\/2025","format":false,"excerpt":"El Gobernador rechaz\u00f3 el fallo de la Justicia de EE.UU., defendi\u00f3 la soberan\u00eda energ\u00e9tica y acus\u00f3 al Presidente de favorecer intereses extranjeros. Tras el nuevo fallo de la jueza estadounidense Loretta Preska que ordena a la Argentina entregar el 51% de las acciones de YPF como parte del pago por\u2026","rel":"","context":"En \u00abProvincia\u00bb","block_context":{"text":"Provincia","link":"http:\/\/www.24baires.com\/?cat=40"},"img":{"alt_text":"","src":"https:\/\/i0.wp.com\/www.24baires.com\/wp-content\/uploads\/2022\/01\/kicillof-1024x681.jpg?resize=350%2C200","width":350,"height":200,"srcset":"https:\/\/i0.wp.com\/www.24baires.com\/wp-content\/uploads\/2022\/01\/kicillof-1024x681.jpg?resize=350%2C200 1x, https:\/\/i0.wp.com\/www.24baires.com\/wp-content\/uploads\/2022\/01\/kicillof-1024x681.jpg?resize=525%2C300 1.5x, https:\/\/i0.wp.com\/www.24baires.com\/wp-content\/uploads\/2022\/01\/kicillof-1024x681.jpg?resize=700%2C400 2x"},"classes":[]},{"id":35756,"url":"http:\/\/www.24baires.com\/?p=35756","url_meta":{"origin":65921,"position":2},"title":"Cristina recibe a directivos de petroqu\u00edmica alemana y a funcionarios nacionales","author":"AF","date":"26\/11\/2013","format":false,"excerpt":"La presidenta Cristina Fern\u00e1ndez de Kirchner recibir\u00e1 esta tarde en la residencia de Olivos a los directivos de BASF, la petroqu\u00edmica alemana m\u00e1s grande del mundo, que son los due\u00f1os de Wintershall, la empresa que se asoci\u00f3 con la de gas neuquino para explotar Vaca Muerta, y a funcionarios nacionales.\u2026","rel":"","context":"En \u00abLocales\u00bb","block_context":{"text":"Locales","link":"http:\/\/www.24baires.com\/?cat=38"},"img":{"alt_text":"cristina samsung","src":"https:\/\/i0.wp.com\/www.24baires.com\/wp-content\/uploads\/2013\/07\/cristina-samsung.jpg?resize=350%2C200","width":350,"height":200,"srcset":"https:\/\/i0.wp.com\/www.24baires.com\/wp-content\/uploads\/2013\/07\/cristina-samsung.jpg?resize=350%2C200 1x, https:\/\/i0.wp.com\/www.24baires.com\/wp-content\/uploads\/2013\/07\/cristina-samsung.jpg?resize=525%2C300 1.5x"},"classes":[]},{"id":44456,"url":"http:\/\/www.24baires.com\/?p=44456","url_meta":{"origin":65921,"position":3},"title":"Cristina se reune con Kicillof, Randazzo, Gallucio y Parrilli","author":"AF","date":"22\/04\/2014","format":false,"excerpt":"La presidenta Cristina Fern\u00e1ndez de Kirchner recibe hoy, en la residencia de Olivos y en forma separada, a los ministros de Econom\u00eda, Axel Kicillof y del Interior y Transporte, Florencio Randazzo, seg\u00fan se inform\u00f3. Luego ingresar\u00e1 a su gabinete de trabajo en la residencia presidencial el titular de YPF, Miguel\u2026","rel":"","context":"En \u00abPol\u00edtica\u00bb","block_context":{"text":"Pol\u00edtica","link":"http:\/\/www.24baires.com\/?cat=51"},"img":{"alt_text":"operacion cristina","src":"https:\/\/i0.wp.com\/www.24baires.com\/wp-content\/uploads\/2013\/10\/operacion-cristina.jpg?resize=350%2C200","width":350,"height":200,"srcset":"https:\/\/i0.wp.com\/www.24baires.com\/wp-content\/uploads\/2013\/10\/operacion-cristina.jpg?resize=350%2C200 1x, https:\/\/i0.wp.com\/www.24baires.com\/wp-content\/uploads\/2013\/10\/operacion-cristina.jpg?resize=525%2C300 1.5x"},"classes":[]},{"id":120266,"url":"http:\/\/www.24baires.com\/?p=120266","url_meta":{"origin":65921,"position":4},"title":"El Gasoducto N\u00e9stor Kirchner es la mayor obra energ\u00e9tica en 30 a\u00f1os","author":"GB","date":"10\/07\/2023","format":false,"excerpt":"Con la esperada foto de unidad, Cristina, Massa, Alberto y Rossi inauguraron la obra energ\u00e9tica m\u00e1s imponente e importante de las \u00faltimas d\u00e9cadas: el gasoducto presidente N\u00e9stor Kirchner. El presidente Alberto Fern\u00e1ndez, la vicepresidenta Cristina Fern\u00e1ndez de Kirchner y el ministro de Econom\u00eda y precandidato presidencial de Uni\u00f3n por la\u2026","rel":"","context":"En \u00abPol\u00edtica\u00bb","block_context":{"text":"Pol\u00edtica","link":"http:\/\/www.24baires.com\/?cat=51"},"img":{"alt_text":"","src":"https:\/\/i0.wp.com\/www.24baires.com\/wp-content\/uploads\/2023\/07\/gasoducto.jpeg?resize=350%2C200","width":350,"height":200,"srcset":"https:\/\/i0.wp.com\/www.24baires.com\/wp-content\/uploads\/2023\/07\/gasoducto.jpeg?resize=350%2C200 1x, https:\/\/i0.wp.com\/www.24baires.com\/wp-content\/uploads\/2023\/07\/gasoducto.jpeg?resize=525%2C300 1.5x, https:\/\/i0.wp.com\/www.24baires.com\/wp-content\/uploads\/2023\/07\/gasoducto.jpeg?resize=700%2C400 2x, https:\/\/i0.wp.com\/www.24baires.com\/wp-content\/uploads\/2023\/07\/gasoducto.jpeg?resize=1050%2C600 3x"},"classes":[]},{"id":52974,"url":"http:\/\/www.24baires.com\/?p=52974","url_meta":{"origin":65921,"position":5},"title":"China asegura que el litigio con los Fondos Buitre no afecta su relaci\u00f3n con Argentina","author":"AF","date":"03\/09\/2014","format":false,"excerpt":"El titular de la Comisi\u00f3n Nacional de Desarrollo y Reforma, Xu Shaoshi, que hoy se reuni\u00f3 encon los ministros de Econom\u00eda y de Planificaci\u00f3n, Axel Kicillof y Julio de Vido, tambi\u00e9n se mostr\u00f3 confiado en que Argentina lograr\u00e1 una soluci\u00f3n justa en este conflicto. El titular de la Comisi\u00f3n Nacional\u2026","rel":"","context":"En \u00abEconom\u00eda\u00bb","block_context":{"text":"Econom\u00eda","link":"http:\/\/www.24baires.com\/?cat=45"},"img":{"alt_text":"","src":"https:\/\/i0.wp.com\/www.24baires.com\/wp-content\/uploads\/2014\/09\/xu-shaoshi.jpg?resize=350%2C200","width":350,"height":200,"srcset":"https:\/\/i0.wp.com\/www.24baires.com\/wp-content\/uploads\/2014\/09\/xu-shaoshi.jpg?resize=350%2C200 1x, https:\/\/i0.wp.com\/www.24baires.com\/wp-content\/uploads\/2014\/09\/xu-shaoshi.jpg?resize=525%2C300 1.5x"},"classes":[]}],"jetpack_sharing_enabled":true,"jetpack_likes_enabled":true,"jetpack_featured_media_url":"","_links":{"self":[{"href":"http:\/\/www.24baires.com\/index.php?rest_route=\/wp\/v2\/posts\/65921","targetHints":{"allow":["GET"]}}],"collection":[{"href":"http:\/\/www.24baires.com\/index.php?rest_route=\/wp\/v2\/posts"}],"about":[{"href":"http:\/\/www.24baires.com\/index.php?rest_route=\/wp\/v2\/types\/post"}],"author":[{"embeddable":true,"href":"http:\/\/www.24baires.com\/index.php?rest_route=\/wp\/v2\/users\/8"}],"replies":[{"embeddable":true,"href":"http:\/\/www.24baires.com\/index.php?rest_route=%2Fwp%2Fv2%2Fcomments&post=65921"}],"version-history":[{"count":3,"href":"http:\/\/www.24baires.com\/index.php?rest_route=\/wp\/v2\/posts\/65921\/revisions"}],"predecessor-version":[{"id":65933,"href":"http:\/\/www.24baires.com\/index.php?rest_route=\/wp\/v2\/posts\/65921\/revisions\/65933"}],"wp:attachment":[{"href":"http:\/\/www.24baires.com\/index.php?rest_route=%2Fwp%2Fv2%2Fmedia&parent=65921"}],"wp:term":[{"taxonomy":"category","embeddable":true,"href":"http:\/\/www.24baires.com\/index.php?rest_route=%2Fwp%2Fv2%2Fcategories&post=65921"},{"taxonomy":"post_tag","embeddable":true,"href":"http:\/\/www.24baires.com\/index.php?rest_route=%2Fwp%2Fv2%2Ftags&post=65921"}],"curies":[{"name":"wp","href":"https:\/\/api.w.org\/{rel}","templated":true}]}}