{"id":65910,"date":"2015-05-14T15:15:46","date_gmt":"2015-05-14T18:15:46","guid":{"rendered":"http:\/\/www.24baires.com\/?p=65910"},"modified":"2015-05-14T15:15:46","modified_gmt":"2015-05-14T18:15:46","slug":"scioli-llamo-a-los-empresarios-a-cuidar-las-politicas-que-permitieron-abrir-fabricas","status":"publish","type":"post","link":"http:\/\/www.24baires.com\/?p=65910","title":{"rendered":"Scioli llam\u00f3 a los empresarios a \u00abcuidar las pol\u00edticas que permitieron abrir f\u00e1bricas\u00bb"},"content":{"rendered":"<p><img data-recalc-dims=\"1\" loading=\"lazy\" decoding=\"async\" class=\"aligncenter size-full wp-image-60813\" src=\"https:\/\/i0.wp.com\/www.24baires.com\/wp-content\/uploads\/2015\/01\/scioli-1.jpg?resize=560%2C306\" alt=\"scioli 1\" width=\"560\" height=\"306\" srcset=\"https:\/\/i0.wp.com\/www.24baires.com\/wp-content\/uploads\/2015\/01\/scioli-1.jpg?w=560 560w, https:\/\/i0.wp.com\/www.24baires.com\/wp-content\/uploads\/2015\/01\/scioli-1.jpg?resize=300%2C164 300w\" sizes=\"auto, (max-width: 560px) 100vw, 560px\" \/>El gobernador bonaerense y precandidato presidencial del Frente para la Victoria alent\u00f3 \u00aba los emprendedores y a los industriales para que sigan apostando\u00bb y llam\u00f3 a cuidar \u00abestas pol\u00edticas que han permitido que los trabajadores vuelvan a la dignidad del empleo\u201d.<!--more--><\/p>\n<p>El gobernador formul\u00f3 esas declaraciones tras asistir hoy a la \u201cExpo Parques 2015\u201d que se realiza hasta ma\u00f1ana en las instalaciones del Polo Industrial de Ezeiza y cuenta con representantes de m\u00e1s de 50 Parques Industriales de la provincia, quienes exponen su disponibilidad de tierra, galpones y naves industriales.<\/p>\n<p>All\u00ed, resalt\u00f3 la importancia de \u201cla articulaci\u00f3n entre el campo, la industria y la tecnolog\u00eda, que es la clave del tri\u00e1ngulo del progreso\u00bb y consider\u00f3 que \u00ablo peor ha quedado atr\u00e1s y una vez que la Argentina ha encontrado el camino de dinamizar el comercio y el consumo tengamos la capacidad de seguir construyendo sobre lo construido\u201d.<\/p>\n<p>Scioli se defini\u00f3 como un \u00abfacilitador\u00bb para permitir \u201carticular la educaci\u00f3n con el perfil productivo de cada uno de los lugares y lograr cada vez m\u00e1s competitividad aumentando la productividad\u201d.<\/p>\n<p>\u201cTenemos que ser facilitadores de la llegada de nuevas inversiones que tengan tambi\u00e9n un impacto social, porque el 80 por ciento de los nuevos parques industriales est\u00e1n en el interior de la provincia, generando mayor arraigo, que podamos descentralizar el Gran Buenos Aires hacia tener un territorio m\u00e1s equilibrado desde lo demogr\u00e1fico y productivo\u201d, dijo.<\/p>\n<p>Destac\u00f3 la entrega de otras nueve autorizaciones para la instalaci\u00f3n de parques industriales y ponder\u00f3 el trabajo realizado por el Consejo Productivo Provincial donde est\u00e1n integradas todas las entidades empresarias y el Estado, \u00ablo que permite identificar cu\u00e1l es la agenda que nos permite, sobre estos avances, proyectar la provincia del futuro\u201d.<\/p>\n<p>Adem\u00e1s, record\u00f3 que cuando inici\u00f3 su primer mandato impuls\u00f3 \u00abla ley de iniciativas privadas que acompa\u00f1an la inversi\u00f3n p\u00fablica para ir renovando la infraestructura portuaria\u00bb.<\/p>\n<p>\u00abComo consecuencia de ellos, hoy tenemos en La Plata la obra portuaria m\u00e1s importante de la Argentina en los \u00faltimos 50 a\u00f1os, planificado para 500 mil contenedores por a\u00f1o y conectado con la Ruta 6 y la Autopista Buenos Aires\u201d.<\/p>\n<p>&nbsp;<\/p>\n<p>&nbsp;<\/p>\n<p>&nbsp;<\/p>\n<p>&nbsp;<\/p>\n<p>&nbsp;<\/p>\n<p>&nbsp;<\/p>\n<p>&nbsp;<\/p>\n<p>&nbsp;<\/p>\n<p>&nbsp;<\/p>\n<p>&nbsp;<\/p>\n","protected":false},"excerpt":{"rendered":"<p>El gobernador bonaerense y precandidato presidencial del Frente para la Victoria alent\u00f3 \u00aba los emprendedores y a los industriales para que sigan apostando\u00bb y llam\u00f3 a cuidar \u00abestas pol\u00edticas que han permitido que los trabajadores vuelvan a la dignidad del empleo\u201d.<\/p>\n","protected":false},"author":8,"featured_media":0,"comment_status":"open","ping_status":"open","sticky":false,"template":"","format":"standard","meta":{"_jetpack_newsletter_access":"","_jetpack_dont_email_post_to_subs":false,"_jetpack_newsletter_tier_id":0,"_jetpack_memberships_contains_paywalled_content":false,"_jetpack_memberships_contains_paid_content":false,"footnotes":""},"categories":[51],"tags":[],"class_list":["post-65910","post","type-post","status-publish","format-standard","hentry","category-politica"],"jetpack_shortlink":"https:\/\/wp.me\/p2JWE0-h94","jetpack-related-posts":[{"id":9171,"url":"http:\/\/www.24baires.com\/?p=9171","url_meta":{"origin":65910,"position":0},"title":"Impulsan el desarrollo industrial en Campana y Chivilcoy","author":"Grupo Sierra","date":"14\/12\/2012","format":false,"excerpt":"La municipalidad de Campana anunci\u00f3 la creaci\u00f3n de un Sector Industrial Planificado (SIP) en un acto encabezado por el gobernador de la Provincia, Daniel Scioli. En tanto, el Ministro del Interior y de Transporte, Florencio Randazzo anticip\u00f3 la inauguraci\u00f3n de Laboratorios K\u00f6nig en el Parque Industrial de Chivilcoy. Los nuevos\u2026","rel":"","context":"En \u00abEconom\u00eda\u00bb","block_context":{"text":"Econom\u00eda","link":"http:\/\/www.24baires.com\/?cat=45"},"img":{"alt_text":"","src":"","width":0,"height":0},"classes":[]},{"id":34085,"url":"http:\/\/www.24baires.com\/?p=34085","url_meta":{"origin":65910,"position":1},"title":"Aseguran que ya son 80 los parques industriales de la Provincia","author":"AF","date":"25\/10\/2013","format":false,"excerpt":"As\u00ed lo se\u00f1al\u00f3 Egardo Gambaro, presidente de la Federaci\u00f3n Argentina de Parques Industriales. Adem\u00e1s destac\u00f3 la relaci\u00f3n y el vinculo generado entre las empresas y los vecinos. El Presidente de la Federaci\u00f3n Argentina de Parques Industriales, Edgardo Gambaro, se refiri\u00f3 a la importancia de los Parques Industriales para la regi\u00f3n\u2026","rel":"","context":"En \u00abProvincia\u00bb","block_context":{"text":"Provincia","link":"http:\/\/www.24baires.com\/?cat=40"},"img":{"alt_text":"parque","src":"https:\/\/i0.wp.com\/www.24baires.com\/wp-content\/uploads\/2013\/10\/parque.jpg?resize=350%2C200","width":350,"height":200},"classes":[]},{"id":58782,"url":"http:\/\/www.24baires.com\/?p=58782","url_meta":{"origin":65910,"position":2},"title":"Scioli inaugur\u00f3 el Parque industrial n\u00famero 100 en la Provincia","author":"GB","date":"17\/12\/2014","format":false,"excerpt":"MORENO-El gobernador Daniel Scioli inaugur\u00f3 hoy en Moreno el Parque Industrial n\u00famero 100 de la Provincia, y el primero con \"perfil ecoeficiente\", que apunta al cuidado ambiental, tras asegurar que \"lo mejor est\u00e1 por venir para Moreno, la Provincia y la Argentina si perseveramos en este camino de logros, conquistas\u2026","rel":"","context":"En \u00abProvincia\u00bb","block_context":{"text":"Provincia","link":"http:\/\/www.24baires.com\/?cat=40"},"img":{"alt_text":"","src":"https:\/\/i0.wp.com\/www.24baires.com\/wp-content\/uploads\/2014\/12\/parque-industrial-moreno.jpg?resize=350%2C200","width":350,"height":200,"srcset":"https:\/\/i0.wp.com\/www.24baires.com\/wp-content\/uploads\/2014\/12\/parque-industrial-moreno.jpg?resize=350%2C200 1x, https:\/\/i0.wp.com\/www.24baires.com\/wp-content\/uploads\/2014\/12\/parque-industrial-moreno.jpg?resize=525%2C300 1.5x"},"classes":[]},{"id":68013,"url":"http:\/\/www.24baires.com\/?p=68013","url_meta":{"origin":65910,"position":3},"title":"\u00abEl Frente para la Victoria es el partido m\u00e1s coherente y confiable\u00bb","author":"GB","date":"23\/06\/2015","format":false,"excerpt":"MOR\u00d3N-El gobernador y precandidato a presidente por el Frente para la Victoria lo asegur\u00f3 tras firmar un acuerdo con el intendente de Mor\u00f3n, Lucas Ghi, para la creaci\u00f3n del Parque Industrial \"La Cant\u00e1brica II\". El gobernador y precandidato a presidente por el Frente para la Victoria, Daniel Scioli, asegur\u00f3 que\u2026","rel":"","context":"En \u00abPol\u00edtica\u00bb","block_context":{"text":"Pol\u00edtica","link":"http:\/\/www.24baires.com\/?cat=51"},"img":{"alt_text":"scioli saludo","src":"https:\/\/i0.wp.com\/www.24baires.com\/wp-content\/uploads\/2014\/08\/scioli-saludo.jpg?resize=350%2C200","width":350,"height":200,"srcset":"https:\/\/i0.wp.com\/www.24baires.com\/wp-content\/uploads\/2014\/08\/scioli-saludo.jpg?resize=350%2C200 1x, https:\/\/i0.wp.com\/www.24baires.com\/wp-content\/uploads\/2014\/08\/scioli-saludo.jpg?resize=525%2C300 1.5x"},"classes":[]},{"id":12491,"url":"http:\/\/www.24baires.com\/?p=12491","url_meta":{"origin":65910,"position":4},"title":"El 2012 tuvo r\u00e9cord de creaci\u00f3n de parques industriales","author":"AF","date":"16\/01\/2013","format":false,"excerpt":"El ministro de la Producci\u00f3n bonaerense, Cristian Breitenstein puso de relieve que la promoci\u00f3n industrial es \"un factor adicional para sostener el proceso inversor, crear nuevos trabajos y proteger los existentes\". Elogi\u00f3 en este sentido el fortalecimiento de la PyMEs y la iniciativa de llegar a 100 aglutinamientos hacia 2015.\u2026","rel":"","context":"En \u00abProvincia\u00bb","block_context":{"text":"Provincia","link":"http:\/\/www.24baires.com\/?cat=40"},"img":{"alt_text":"parque industrial","src":"https:\/\/i0.wp.com\/www.24baires.com\/wp-content\/uploads\/2013\/01\/parque-industrial-300x225.jpg?resize=350%2C200","width":350,"height":200},"classes":[]},{"id":9193,"url":"http:\/\/www.24baires.com\/?p=9193","url_meta":{"origin":65910,"position":5},"title":"Alte. Brown y Gral. Rodr\u00edguez firmaron un convenio de cooperaci\u00f3n industrial","author":"AF","date":"15\/12\/2012","format":false,"excerpt":"Las comunas de Almirante Brown, y de General Rodr\u00edguez, firmaron un convenio de colaboraci\u00f3n entre los Parques Industriales de ambos distritos con el objetivo articular programas de acci\u00f3n conjunta y seguir promoviendo el desarrollo industrial y cultural de ambas localidades. El intendente de Almirante Brown, Dar\u00edo Giustozzi, visit\u00f3 a su\u2026","rel":"","context":"En \u00abMunicipios\u00bb","block_context":{"text":"Municipios","link":"http:\/\/www.24baires.com\/?cat=44"},"img":{"alt_text":"","src":"","width":0,"height":0},"classes":[]}],"jetpack_sharing_enabled":true,"jetpack_likes_enabled":true,"jetpack_featured_media_url":"","_links":{"self":[{"href":"http:\/\/www.24baires.com\/index.php?rest_route=\/wp\/v2\/posts\/65910","targetHints":{"allow":["GET"]}}],"collection":[{"href":"http:\/\/www.24baires.com\/index.php?rest_route=\/wp\/v2\/posts"}],"about":[{"href":"http:\/\/www.24baires.com\/index.php?rest_route=\/wp\/v2\/types\/post"}],"author":[{"embeddable":true,"href":"http:\/\/www.24baires.com\/index.php?rest_route=\/wp\/v2\/users\/8"}],"replies":[{"embeddable":true,"href":"http:\/\/www.24baires.com\/index.php?rest_route=%2Fwp%2Fv2%2Fcomments&post=65910"}],"version-history":[{"count":1,"href":"http:\/\/www.24baires.com\/index.php?rest_route=\/wp\/v2\/posts\/65910\/revisions"}],"predecessor-version":[{"id":65911,"href":"http:\/\/www.24baires.com\/index.php?rest_route=\/wp\/v2\/posts\/65910\/revisions\/65911"}],"wp:attachment":[{"href":"http:\/\/www.24baires.com\/index.php?rest_route=%2Fwp%2Fv2%2Fmedia&parent=65910"}],"wp:term":[{"taxonomy":"category","embeddable":true,"href":"http:\/\/www.24baires.com\/index.php?rest_route=%2Fwp%2Fv2%2Fcategories&post=65910"},{"taxonomy":"post_tag","embeddable":true,"href":"http:\/\/www.24baires.com\/index.php?rest_route=%2Fwp%2Fv2%2Ftags&post=65910"}],"curies":[{"name":"wp","href":"https:\/\/api.w.org\/{rel}","templated":true}]}}