{"id":65839,"date":"2015-05-13T15:00:15","date_gmt":"2015-05-13T18:00:15","guid":{"rendered":"http:\/\/www.24baires.com\/?p=65839"},"modified":"2015-05-13T14:49:52","modified_gmt":"2015-05-13T17:49:52","slug":"paro-de-ate-bonaerense-en-reclamo-de-aumento-salarial","status":"publish","type":"post","link":"http:\/\/www.24baires.com\/?p=65839","title":{"rendered":"Paro de ATE bonaerense en reclamo de aumento salarial"},"content":{"rendered":"<p><img data-recalc-dims=\"1\" loading=\"lazy\" decoding=\"async\" class=\"aligncenter size-full wp-image-22288\" src=\"https:\/\/i0.wp.com\/www.24baires.com\/wp-content\/uploads\/2013\/04\/ate-marcha_78350.jpg?resize=560%2C335\" alt=\"ate-marcha_78350\" width=\"560\" height=\"335\" srcset=\"https:\/\/i0.wp.com\/www.24baires.com\/wp-content\/uploads\/2013\/04\/ate-marcha_78350.jpg?w=560 560w, https:\/\/i0.wp.com\/www.24baires.com\/wp-content\/uploads\/2013\/04\/ate-marcha_78350.jpg?resize=300%2C179 300w\" sizes=\"auto, (max-width: 560px) 100vw, 560px\" \/>Los trabajadores estatales de la Provincia enrolados en ATE realizar\u00e1n hoy un paro con acciones regionales en todo el territorio y llevar\u00e1n a cabo una concentraci\u00f3n en la Direcci\u00f3n General de Escuelas.<!--more--><\/p>\n<p>\u00abLa medida se realiza en reclamo a la reapertura de paritarias para discutir un nuevo aumento salarial, para el aumento de las bonificaciones, el blanqueo sel incremento otorgado en negro y para que el gobernador firme los pases a planta\u00bb, se\u00f1alaron desde el gremio mediante un comunicado.<\/p>\n<p>Adem\u00e1s, exigir\u00e1n el nombramiento de personal en \u00e1reas criticas, pago de salarios adeudados a auxiliares de educaci\u00f3n y para que se instrumenten las reformas presentadas por ATE a las resoluciones 3363 y 5707 de la Direccion General de Escuelas<\/p>\n<p>\u00abLa continuidad de las acciones ser\u00e1 con un paro de 48 horas los d\u00edas 28 y 29 de mayo que llevar\u00e1 los mismos reclamos, agregando la exigencia del esclarecimiento, juicio y castigo a los culpables por el crimen de la compa\u00f1era.<\/p>\n<p>&nbsp;<\/p>\n<p>&nbsp;<\/p>\n<p>&nbsp;<\/p>\n<p>&nbsp;<\/p>\n<p>&nbsp;<\/p>\n<p>&nbsp;<\/p>\n<p>&nbsp;<\/p>\n<p>&nbsp;<\/p>\n<p>&nbsp;<\/p>\n<p>&nbsp;<\/p>\n<p>&nbsp;<\/p>\n<p>&nbsp;<\/p>\n<p>&nbsp;<\/p>\n<p>&nbsp;<\/p>\n","protected":false},"excerpt":{"rendered":"<p>Los trabajadores estatales de la Provincia enrolados en ATE realizar\u00e1n hoy un paro con acciones regionales en todo el territorio y llevar\u00e1n a cabo una concentraci\u00f3n en la Direcci\u00f3n General de Escuelas.<\/p>\n","protected":false},"author":8,"featured_media":0,"comment_status":"open","ping_status":"open","sticky":false,"template":"","format":"standard","meta":{"_jetpack_newsletter_access":"","_jetpack_dont_email_post_to_subs":false,"_jetpack_newsletter_tier_id":0,"_jetpack_memberships_contains_paywalled_content":false,"_jetpack_memberships_contains_paid_content":false,"footnotes":""},"categories":[51],"tags":[],"class_list":["post-65839","post","type-post","status-publish","format-standard","hentry","category-politica"],"jetpack_shortlink":"https:\/\/wp.me\/p2JWE0-h7V","jetpack-related-posts":[{"id":65749,"url":"http:\/\/www.24baires.com\/?p=65749","url_meta":{"origin":65839,"position":0},"title":"ATE confirm\u00f3 paro y movilizaci\u00f3n para este mi\u00e9rcoles","author":"AF","date":"11\/05\/2015","format":false,"excerpt":"El Consejo Provincial de ATE defini\u00f3 un paro con acciones regionales en todo el territorio y tendr\u00e1 como epicentro una concentraci\u00f3n en la Direcci\u00f3n General de Escuelas. \"La medida se realiza en reclamo a la reapertura de paritarias para discutir un nuevo aumento salarial, para el aumentode las bonificaciones, el\u2026","rel":"","context":"En \u00abSociedad\u00bb","block_context":{"text":"Sociedad","link":"http:\/\/www.24baires.com\/?cat=1"},"img":{"alt_text":"movilizaci\u00f3n de ATE","src":"https:\/\/i0.wp.com\/www.24baires.com\/wp-content\/uploads\/2012\/09\/movilizaci%C3%B3n-de-ATE.jpg?resize=350%2C200","width":350,"height":200,"srcset":"https:\/\/i0.wp.com\/www.24baires.com\/wp-content\/uploads\/2012\/09\/movilizaci%C3%B3n-de-ATE.jpg?resize=350%2C200 1x, https:\/\/i0.wp.com\/www.24baires.com\/wp-content\/uploads\/2012\/09\/movilizaci%C3%B3n-de-ATE.jpg?resize=525%2C300 1.5x"},"classes":[]},{"id":107601,"url":"http:\/\/www.24baires.com\/?p=107601","url_meta":{"origin":65839,"position":1},"title":"Estatales, judiciales y m\u00e9dicos confluyen en un paro en reclamo a Vidal","author":"GB","date":"10\/04\/2019","format":false,"excerpt":"Este mi\u00e9rcoles tanto ATE como AJB y Cicop llevan a cabo un paro en toda la provincia en reclamo de aumento al gobierno bonaerense. Mientras se estira la definici\u00f3n de la paritaria docente, los gremios estatales le reclaman a la gobernadora, Mar\u00eda Eugenia Vidal, que los convoque a negociar aumento\u2026","rel":"","context":"En \u00abProvincia\u00bb","block_context":{"text":"Provincia","link":"http:\/\/www.24baires.com\/?cat=40"},"img":{"alt_text":"","src":"https:\/\/i0.wp.com\/www.24baires.com\/wp-content\/uploads\/2019\/03\/ate-cicop.jpg?resize=350%2C200","width":350,"height":200,"srcset":"https:\/\/i0.wp.com\/www.24baires.com\/wp-content\/uploads\/2019\/03\/ate-cicop.jpg?resize=350%2C200 1x, https:\/\/i0.wp.com\/www.24baires.com\/wp-content\/uploads\/2019\/03\/ate-cicop.jpg?resize=525%2C300 1.5x"},"classes":[]},{"id":31399,"url":"http:\/\/www.24baires.com\/?p=31399","url_meta":{"origin":65839,"position":2},"title":"ATE anunci\u00f3 un paro y movilizaci\u00f3n para el 18 y 19 pr\u00f3ximos","author":"AF","date":"06\/09\/2013","format":false,"excerpt":"El Consejo Directivo Provincial de ATE resolvi\u00f3 dar continuidad al plan de acci\u00f3n contra el ajuste del gobernador Scioli en la provincia de Buenos Aires con un paro de 48 \u00a0horas con movilizaci\u00f3n a la Direcci\u00f3n General de Escuelas, a realizarse el 18 y 19 de setiembre. El secretario general,\u2026","rel":"","context":"En \u00abSociedad\u00bb","block_context":{"text":"Sociedad","link":"http:\/\/www.24baires.com\/?cat=1"},"img":{"alt_text":"","src":"","width":0,"height":0},"classes":[]},{"id":31946,"url":"http:\/\/www.24baires.com\/?p=31946","url_meta":{"origin":65839,"position":3},"title":"ATE retomar\u00e1 los paros martes y mi\u00e9rcoles","author":"AF","date":"16\/09\/2013","format":false,"excerpt":"Los empleados nucleados en la Asociaci\u00f3n de Trabajadores del Estado (ATE) volver\u00e1n a parar en provincia este mi\u00e9rcoles y jueves para reclamar la reapertura de la discusi\u00f3n salarial y la designaci\u00f3n de nuevos cargos p\u00fablicos. Tras realizar una serie de protestas el martes y mi\u00e9rcoles pasado, ATE Provincia endurecer\u00e1 su\u2026","rel":"","context":"En \u00abSociedad\u00bb","block_context":{"text":"Sociedad","link":"http:\/\/www.24baires.com\/?cat=1"},"img":{"alt_text":"","src":"","width":0,"height":0},"classes":[]},{"id":107980,"url":"http:\/\/www.24baires.com\/?p=107980","url_meta":{"origin":65839,"position":4},"title":"Estatales, judiciales y m\u00e9dicos realizan paro con movilizaci\u00f3n para exigirle a Vidal aumento salarial","author":"GB","date":"06\/05\/2019","format":false,"excerpt":"Tanto ATE como la AJB y Cicop llevar\u00e1n a cabo la medida de fuerza esta semana con una marcha este martes hacia el Ministerio de Econom\u00eda bonaerense. El conflicto salarial todav\u00eda no est\u00e1 resuelto en la provincia de Buenos Aires y de este modo lo har\u00e1n saber los estatales, judiciales\u2026","rel":"","context":"En \u00abPol\u00edtica\u00bb","block_context":{"text":"Pol\u00edtica","link":"http:\/\/www.24baires.com\/?cat=51"},"img":{"alt_text":"","src":"https:\/\/i0.wp.com\/www.24baires.com\/wp-content\/uploads\/2019\/05\/unidos.jpg?resize=350%2C200","width":350,"height":200,"srcset":"https:\/\/i0.wp.com\/www.24baires.com\/wp-content\/uploads\/2019\/05\/unidos.jpg?resize=350%2C200 1x, https:\/\/i0.wp.com\/www.24baires.com\/wp-content\/uploads\/2019\/05\/unidos.jpg?resize=525%2C300 1.5x"},"classes":[]},{"id":57991,"url":"http:\/\/www.24baires.com\/?p=57991","url_meta":{"origin":65839,"position":5},"title":"ATE para por aumentos salariales y marcha el pr\u00f3ximo mi\u00e9rcoles","author":"AF","date":"02\/12\/2014","format":false,"excerpt":"El Consejo Directivo de ATE Buenos Aires llevar\u00e1 adelante el pr\u00f3ximo mi\u00e9rcoles un paro en todo el territorio bonaerense que incluir\u00e1 una movilizaci\u00f3n a la Casa de la Provincia en Capital Federal. La medida es para exigir \u201cun aumento salarial en la discusi\u00f3n paritaria que se avecina, que permita recuperar\u2026","rel":"","context":"En \u00abSociedad\u00bb","block_context":{"text":"Sociedad","link":"http:\/\/www.24baires.com\/?cat=1"},"img":{"alt_text":"ate","src":"https:\/\/i0.wp.com\/www.24baires.com\/wp-content\/uploads\/2014\/04\/ate.jpg?resize=350%2C200","width":350,"height":200,"srcset":"https:\/\/i0.wp.com\/www.24baires.com\/wp-content\/uploads\/2014\/04\/ate.jpg?resize=350%2C200 1x, https:\/\/i0.wp.com\/www.24baires.com\/wp-content\/uploads\/2014\/04\/ate.jpg?resize=525%2C300 1.5x"},"classes":[]}],"jetpack_sharing_enabled":true,"jetpack_likes_enabled":true,"jetpack_featured_media_url":"","_links":{"self":[{"href":"http:\/\/www.24baires.com\/index.php?rest_route=\/wp\/v2\/posts\/65839","targetHints":{"allow":["GET"]}}],"collection":[{"href":"http:\/\/www.24baires.com\/index.php?rest_route=\/wp\/v2\/posts"}],"about":[{"href":"http:\/\/www.24baires.com\/index.php?rest_route=\/wp\/v2\/types\/post"}],"author":[{"embeddable":true,"href":"http:\/\/www.24baires.com\/index.php?rest_route=\/wp\/v2\/users\/8"}],"replies":[{"embeddable":true,"href":"http:\/\/www.24baires.com\/index.php?rest_route=%2Fwp%2Fv2%2Fcomments&post=65839"}],"version-history":[{"count":1,"href":"http:\/\/www.24baires.com\/index.php?rest_route=\/wp\/v2\/posts\/65839\/revisions"}],"predecessor-version":[{"id":65840,"href":"http:\/\/www.24baires.com\/index.php?rest_route=\/wp\/v2\/posts\/65839\/revisions\/65840"}],"wp:attachment":[{"href":"http:\/\/www.24baires.com\/index.php?rest_route=%2Fwp%2Fv2%2Fmedia&parent=65839"}],"wp:term":[{"taxonomy":"category","embeddable":true,"href":"http:\/\/www.24baires.com\/index.php?rest_route=%2Fwp%2Fv2%2Fcategories&post=65839"},{"taxonomy":"post_tag","embeddable":true,"href":"http:\/\/www.24baires.com\/index.php?rest_route=%2Fwp%2Fv2%2Ftags&post=65839"}],"curies":[{"name":"wp","href":"https:\/\/api.w.org\/{rel}","templated":true}]}}