{"id":65816,"date":"2015-05-13T10:34:39","date_gmt":"2015-05-13T13:34:39","guid":{"rendered":"http:\/\/www.24baires.com\/?p=65816"},"modified":"2015-05-14T09:52:00","modified_gmt":"2015-05-14T12:52:00","slug":"es-el-congreso-el-que-evalua-el-estado-de-salud-de-fayt","status":"publish","type":"post","link":"http:\/\/www.24baires.com\/?p=65816","title":{"rendered":"\u00abEs el Congreso el que eval\u00faa el estado de salud de Fayt\u00bb"},"content":{"rendered":"<p><img data-recalc-dims=\"1\" loading=\"lazy\" decoding=\"async\" class=\"aligncenter size-full wp-image-63981\" src=\"https:\/\/i0.wp.com\/www.24baires.com\/wp-content\/uploads\/2015\/04\/anibal-conferencia.jpg?resize=560%2C379\" alt=\"anibal conferencia\" width=\"560\" height=\"379\" srcset=\"https:\/\/i0.wp.com\/www.24baires.com\/wp-content\/uploads\/2015\/04\/anibal-conferencia.jpg?w=560 560w, https:\/\/i0.wp.com\/www.24baires.com\/wp-content\/uploads\/2015\/04\/anibal-conferencia.jpg?resize=300%2C203 300w\" sizes=\"auto, (max-width: 560px) 100vw, 560px\" \/>El jefe de Gabinete sostuvo hoy que \u00abno es el Gobierno el que est\u00e1 pidiendo nada, sino que el Congreso es el que eval\u00faa una nota presentada por un legislador\u00bb, referida a la posibilidad de realizar un juicio pol\u00edtico al magistrado.<!--more--><\/p>\n<p>El funcionario formul\u00f3 las declaraciones al ingresar a la Casa de Gobierno, luego que ayer la comisi\u00f3n de Juicio Pol\u00edtico de la C\u00e1mara de Diputados aprobara la investigaci\u00f3n sobre la salud del miembro de la Corte Suprema de Justicia, de 97 a\u00f1os.<\/p>\n<p>Record\u00f3 que una de las causales del mal desempe\u00f1o es \u00abno tener idoneidad\u00bb, y destac\u00f3 que el doctor Fayt \u00abes un hombre de una idoneidad sobrada\u00bb y \u00abpuede significar que haya perdido esa idoneidad\u00bb, y \u00abhoy dudamos, si en los \u00faltimos dos a\u00f1os, cu\u00e1ntas veces aparece una expresi\u00f3n del doctor Fayt que colisione con el pensamiento del titular de la Corte, (Ricardo) Lorenzetti\u00bb.<\/p>\n<p>Fern\u00e1ndez a\u00f1adi\u00f3 que la realidad, en este caso, es que \u00abel doctor (Pablo) Hirschmann, un abogado de la Corte, que no es un ministro del Tribunal, es el que termina de conciliar la situaciones de la Corte y acordando con el presidente del Alto Tribunal, Lorenzetti, y todas las propuestas son comunes y no se animar\u00eda jam\u00e1s a efectuar una que fuera en contra de la decisi\u00f3n del doctor Lorenzetti\u00bb.<\/p>\n<p>Hirchmann es uno de los asesores letrados de la Corte Suprema, que trabajan con alguno de los jueces, en este caso, con el ministro Fayt. Llegaron al cargo por decisi\u00f3n de los miembros del AltoTribunal.<\/p>\n<p>Respecto de la medida de iniciar la investigaci\u00f3n, Fern\u00e1ndez dijo que es una decisi\u00f3n de la comisi\u00f3n de Juicio Pol\u00edtico de Diputados, y a\u00f1adi\u00f3 que \u00abel autor de la nota (que dio inicio a la investigaci\u00f3n) soy yo cuando ocup\u00e9 una banca en el Senado y me parec\u00eda m\u00e1s que l\u00f3gico\u00bb, y record\u00f3 que no esta prohibido que \u00abdespu\u00e9s de los 75 a\u00f1os de edad no se pueda ser ministro de la Corte, sino que hay que renovar el acuerdo cada cinco a\u00f1os para garantizarse que las condiciones f\u00edsicas y ps\u00edquicas sean las \u00f3ptimas para cumplir y garantizar esa idoneidad que se exhibi\u00f3, y que sigue estando en vigencia\u00bb.<\/p>\n<p>Consultado sobre la ausencia de Fayt a la reuni\u00f3n de acuerdo, que los martes celebran los supremos, Fern\u00e1ndez dijo \u00abno se viene presentando en los dos \u00faltimos a\u00f1os casi nunca, y cuando ven\u00eda lo hac\u00eda por un ratito y volv\u00eda a su casa\u00bb. Y reiter\u00f3 que \u00abhay 14.500 causas, de las cuales, por lo menos 50 son de resorte puro y exclusivo de los ministros, donde alrededor de 1.500, que son recursos ordinarios y extraordinarios, donde el camino a seguir y su conclusi\u00f3n la marca el ministro de la Corte\u00bb.<\/p>\n<p>Al jefe de ministros le llama \u00abmucho la atenci\u00f3n\u00bb que sus pares no pregunten por el estado de salud del Fayt, y agreg\u00f3 que \u00abcuando se acus\u00f3 a la Corte de mayor\u00eda autom\u00e1tica y ahora se transform\u00f3 en minor\u00eda autom\u00e1tica se la acus\u00f3 en Diputados, se la juzg\u00f3 en Senadores y los cinco lugares fueron cubiertos por gente de mucha estatura\u00bb.<\/p>\n<p>Fern\u00e1ndez a\u00f1adi\u00f3 que, ahora, \u00abnos encontramos con una Corte compuesta por cuatro miembros, de los cuales uno no sabemos en qu\u00e9 condiciones esta f\u00edsica y ps\u00edquicamente para llevar adelante esa responsabilidad\u00bb.<\/p>\n<p>Por \u00faltimo, subray\u00f3 que la \u00abvaloraci\u00f3n tiene que ser inexorablemente tenida en cuenta porque, si no, no podemos saberlo de ninguna manera y vemos que se sigue avanzando con la acordada once en la que se reconoce la presidencia de Lorenzetti de 2016 al 2019 y se lo hacen votar y opinar cuando nunca fue Fayt al Sal\u00f3n de Acuerdos\u00bb.<\/p>\n<p>La acordada 11, del 21 de abril \u00faltimo, fue el fallo de la Corte que vot\u00f3 por la reelecci\u00f3n de Lorenzetti como presidente del cuerpo hasta 2019.<\/p>\n<p>&nbsp;<\/p>\n<p>&nbsp;<\/p>\n<p>&nbsp;<\/p>\n<p>&nbsp;<\/p>\n<p>&nbsp;<\/p>\n<p>&nbsp;<\/p>\n<p>&nbsp;<\/p>\n<p>&nbsp;<\/p>\n<p>&nbsp;<\/p>\n<p>&nbsp;<\/p>\n<p>&nbsp;<\/p>\n<p>&nbsp;<\/p>\n<p>&nbsp;<\/p>\n<p>&nbsp;<\/p>\n<p>&nbsp;<\/p>\n","protected":false},"excerpt":{"rendered":"<p>El jefe de Gabinete sostuvo hoy que \u00abno es el Gobierno el que est\u00e1 pidiendo nada, sino que el Congreso es el que eval\u00faa una nota presentada por un legislador\u00bb, referida a la posibilidad de realizar un juicio pol\u00edtico al magistrado.<\/p>\n","protected":false},"author":8,"featured_media":0,"comment_status":"open","ping_status":"open","sticky":false,"template":"","format":"standard","meta":{"_jetpack_newsletter_access":"","_jetpack_dont_email_post_to_subs":false,"_jetpack_newsletter_tier_id":0,"_jetpack_memberships_contains_paywalled_content":false,"_jetpack_memberships_contains_paid_content":false,"footnotes":""},"categories":[51],"tags":[],"class_list":["post-65816","post","type-post","status-publish","format-standard","hentry","category-politica"],"jetpack_shortlink":"https:\/\/wp.me\/p2JWE0-h7y","jetpack-related-posts":[{"id":65752,"url":"http:\/\/www.24baires.com\/?p=65752","url_meta":{"origin":65816,"position":0},"title":"Fern\u00e1ndez remarc\u00f3 que la Constituci\u00f3n \u00abexige que se controle la idoneidad de los jueces\u00bb","author":"AF","date":"12\/05\/2015","format":false,"excerpt":"El jefe de Gabinete aclar\u00f3 que \u00e9l no est\u00e1 diciendo que \"Fayt no sea id\u00f3neo, sino que hay que ver si se perdi\u00f3 esa idoneidad en alg\u00fan momento\", teniendo en cuenta sus 97 a\u00f1os. \"Nosotros no tenemos m\u00e1s elementos de los que nos cuentan, el fundamento de la C\u00e1mara de\u2026","rel":"","context":"En \u00abJUDICIALES\u00bb","block_context":{"text":"JUDICIALES","link":"http:\/\/www.24baires.com\/?cat=68"},"img":{"alt_text":"fern\u00e1ndez an\u00edbal","src":"https:\/\/i0.wp.com\/www.24baires.com\/wp-content\/uploads\/2012\/12\/fern%C3%A1ndez-an%C3%ADbal.jpg?resize=350%2C200","width":350,"height":200,"srcset":"https:\/\/i0.wp.com\/www.24baires.com\/wp-content\/uploads\/2012\/12\/fern%C3%A1ndez-an%C3%ADbal.jpg?resize=350%2C200 1x, https:\/\/i0.wp.com\/www.24baires.com\/wp-content\/uploads\/2012\/12\/fern%C3%A1ndez-an%C3%ADbal.jpg?resize=525%2C300 1.5x"},"classes":[]},{"id":65330,"url":"http:\/\/www.24baires.com\/?p=65330","url_meta":{"origin":65816,"position":1},"title":"Acusan de \u00abfalsedad inserta\u00bb a la Acordada de la Corte Suprema que reeligi\u00f3 a Lorenzetti","author":"AF","date":"05\/05\/2015","format":false,"excerpt":"El jefe de Gabinete, An\u00edbal Fern\u00e1ndez, acuso hoy de \u201cfalsedad inserta\u201d a la Acordada del m\u00e1ximo tribunal sobre la reelecci\u00f3n de su titular, Ricardo Lorenzetti, firmada por sus ministros, en la Sala de Acuerdos, con excepci\u00f3n de Carlos Fayt, que lo hizo en su domicilio particular. \"En las actas con\u2026","rel":"","context":"En \u00abDestacados\u00bb","block_context":{"text":"Destacados","link":"http:\/\/www.24baires.com\/?cat=39"},"img":{"alt_text":"fern\u00e1ndez an\u00edbal2","src":"https:\/\/i0.wp.com\/www.24baires.com\/wp-content\/uploads\/2012\/11\/fern%C3%A1ndez-an%C3%ADbal2.jpg?resize=350%2C200","width":350,"height":200,"srcset":"https:\/\/i0.wp.com\/www.24baires.com\/wp-content\/uploads\/2012\/11\/fern%C3%A1ndez-an%C3%ADbal2.jpg?resize=350%2C200 1x, https:\/\/i0.wp.com\/www.24baires.com\/wp-content\/uploads\/2012\/11\/fern%C3%A1ndez-an%C3%ADbal2.jpg?resize=525%2C300 1.5x"},"classes":[]},{"id":66050,"url":"http:\/\/www.24baires.com\/?p=66050","url_meta":{"origin":65816,"position":2},"title":"An\u00edbal, seguro, reafirm\u00f3 que el FpV gana \u00aben primera o segunda vuelta\u00bb","author":"GB","date":"17\/05\/2015","format":false,"excerpt":"El jefe de Gabinete de Ministros An\u00edbal Fern\u00e1ndez, se mostr\u00f3 confiado en el triunfo del Frente para la Victoria en las elecciones de octubre, \u201cgana en primera o segunda vuelta\u201d indic\u00f3, al mismo tiempo que augur\u00f3 que la elecci\u00f3n \u201cse va a polarizar mucho con la derecha\u201d. \u201cLa elecci\u00f3n presidencial\u2026","rel":"","context":"En \u00abPol\u00edtica\u00bb","block_context":{"text":"Pol\u00edtica","link":"http:\/\/www.24baires.com\/?cat=51"},"img":{"alt_text":"anibal conferencia","src":"https:\/\/i0.wp.com\/www.24baires.com\/wp-content\/uploads\/2015\/04\/anibal-conferencia.jpg?resize=350%2C200","width":350,"height":200,"srcset":"https:\/\/i0.wp.com\/www.24baires.com\/wp-content\/uploads\/2015\/04\/anibal-conferencia.jpg?resize=350%2C200 1x, https:\/\/i0.wp.com\/www.24baires.com\/wp-content\/uploads\/2015\/04\/anibal-conferencia.jpg?resize=525%2C300 1.5x"},"classes":[]},{"id":68484,"url":"http:\/\/www.24baires.com\/?p=68484","url_meta":{"origin":65816,"position":3},"title":"Rechazan demanda para detener la investigaci\u00f3n sobre la idoneidad del juez Fayt","author":"AF","date":"02\/07\/2015","format":false,"excerpt":"La jueza subrogante en lo Contencioso Administrativo Federal, Macarena Marra Gim\u00e9nez, rechaz\u00f3 el pedido de un grupo de diputados opositores, quienes hab\u00edan solicitado la suspensi\u00f3n del proceso que la Comisi\u00f3n de Juicio Pol\u00edtico inici\u00f3 contra el juez de la Corte. El pedido de los legisladores se relaciona con la investigaci\u00f3n\u2026","rel":"","context":"En \u00abJUDICIALES\u00bb","block_context":{"text":"JUDICIALES","link":"http:\/\/www.24baires.com\/?cat=68"},"img":{"alt_text":"fayt3","src":"https:\/\/i0.wp.com\/www.24baires.com\/wp-content\/uploads\/2015\/05\/fayt3.jpg?resize=350%2C200","width":350,"height":200,"srcset":"https:\/\/i0.wp.com\/www.24baires.com\/wp-content\/uploads\/2015\/05\/fayt3.jpg?resize=350%2C200 1x, https:\/\/i0.wp.com\/www.24baires.com\/wp-content\/uploads\/2015\/05\/fayt3.jpg?resize=525%2C300 1.5x"},"classes":[]},{"id":60989,"url":"http:\/\/www.24baires.com\/?p=60989","url_meta":{"origin":65816,"position":4},"title":"\u00abNadie sabe si Fayt conserva la idoneidad\u00bb para seguir en la Corte, dijo An\u00edbal Fern\u00e1ndez","author":"GB","date":"30\/01\/2015","format":false,"excerpt":"El secretario general de la Presidencia, An\u00edbal Fern\u00e1ndez, se mostr\u00f3 hoy partidario de efectuar una pericia al ministro decano del tribunal supremo, de 97 a\u00f1os, para evaluar si puede seguir con sus funciones. El secretario General de la Presidencia, An\u00edbal Fern\u00e1ndez, calific\u00f3 hoy de \u201cestupidez\u201d la denuncia de algunos miembros\u2026","rel":"","context":"En \u00abPol\u00edtica\u00bb","block_context":{"text":"Pol\u00edtica","link":"http:\/\/www.24baires.com\/?cat=51"},"img":{"alt_text":"fern\u00e1ndez an\u00edbal","src":"https:\/\/i0.wp.com\/www.24baires.com\/wp-content\/uploads\/2012\/12\/fern%C3%A1ndez-an%C3%ADbal.jpg?resize=350%2C200","width":350,"height":200,"srcset":"https:\/\/i0.wp.com\/www.24baires.com\/wp-content\/uploads\/2012\/12\/fern%C3%A1ndez-an%C3%ADbal.jpg?resize=350%2C200 1x, https:\/\/i0.wp.com\/www.24baires.com\/wp-content\/uploads\/2012\/12\/fern%C3%A1ndez-an%C3%ADbal.jpg?resize=525%2C300 1.5x"},"classes":[]},{"id":58540,"url":"http:\/\/www.24baires.com\/?p=58540","url_meta":{"origin":65816,"position":5},"title":"An\u00edbal Fern\u00e1ndez pidi\u00f3 \u00abevaluar la capacidad psicof\u00edsica\u00bb de Fayt","author":"GB","date":"12\/12\/2014","format":false,"excerpt":"El senador solicit\u00f3 la apertura de un proceso de investigaci\u00f3n sobre el juez de la Corte en pos de \"verificar que no se encuentre inmerso en la causal de mal desempe\u00f1o de sus funciones\". El senador Anibal Fern\u00e1ndez solicit\u00f3 hoy la apertura de un proceso de investigaci\u00f3n sobre el juez\u2026","rel":"","context":"En \u00abPol\u00edtica\u00bb","block_context":{"text":"Pol\u00edtica","link":"http:\/\/www.24baires.com\/?cat=51"},"img":{"alt_text":"fern\u00e1ndez an\u00edbal2","src":"https:\/\/i0.wp.com\/www.24baires.com\/wp-content\/uploads\/2012\/11\/fern%C3%A1ndez-an%C3%ADbal2.jpg?resize=350%2C200","width":350,"height":200,"srcset":"https:\/\/i0.wp.com\/www.24baires.com\/wp-content\/uploads\/2012\/11\/fern%C3%A1ndez-an%C3%ADbal2.jpg?resize=350%2C200 1x, https:\/\/i0.wp.com\/www.24baires.com\/wp-content\/uploads\/2012\/11\/fern%C3%A1ndez-an%C3%ADbal2.jpg?resize=525%2C300 1.5x"},"classes":[]}],"jetpack_sharing_enabled":true,"jetpack_likes_enabled":true,"jetpack_featured_media_url":"","_links":{"self":[{"href":"http:\/\/www.24baires.com\/index.php?rest_route=\/wp\/v2\/posts\/65816","targetHints":{"allow":["GET"]}}],"collection":[{"href":"http:\/\/www.24baires.com\/index.php?rest_route=\/wp\/v2\/posts"}],"about":[{"href":"http:\/\/www.24baires.com\/index.php?rest_route=\/wp\/v2\/types\/post"}],"author":[{"embeddable":true,"href":"http:\/\/www.24baires.com\/index.php?rest_route=\/wp\/v2\/users\/8"}],"replies":[{"embeddable":true,"href":"http:\/\/www.24baires.com\/index.php?rest_route=%2Fwp%2Fv2%2Fcomments&post=65816"}],"version-history":[{"count":1,"href":"http:\/\/www.24baires.com\/index.php?rest_route=\/wp\/v2\/posts\/65816\/revisions"}],"predecessor-version":[{"id":65817,"href":"http:\/\/www.24baires.com\/index.php?rest_route=\/wp\/v2\/posts\/65816\/revisions\/65817"}],"wp:attachment":[{"href":"http:\/\/www.24baires.com\/index.php?rest_route=%2Fwp%2Fv2%2Fmedia&parent=65816"}],"wp:term":[{"taxonomy":"category","embeddable":true,"href":"http:\/\/www.24baires.com\/index.php?rest_route=%2Fwp%2Fv2%2Fcategories&post=65816"},{"taxonomy":"post_tag","embeddable":true,"href":"http:\/\/www.24baires.com\/index.php?rest_route=%2Fwp%2Fv2%2Ftags&post=65816"}],"curies":[{"name":"wp","href":"https:\/\/api.w.org\/{rel}","templated":true}]}}