{"id":65803,"date":"2015-05-12T20:11:53","date_gmt":"2015-05-12T23:11:53","guid":{"rendered":"http:\/\/www.24baires.com\/?p=65803"},"modified":"2015-05-12T20:11:53","modified_gmt":"2015-05-12T23:11:53","slug":"aprueban-investigacion-de-aptitudes-psicofisicas-de-fayt","status":"publish","type":"post","link":"http:\/\/www.24baires.com\/?p=65803","title":{"rendered":"Aprueban investigaci\u00f3n de aptitudes psicof\u00edsicas de Fayt"},"content":{"rendered":"<p><img data-recalc-dims=\"1\" loading=\"lazy\" decoding=\"async\" class=\"aligncenter size-full wp-image-65804\" src=\"https:\/\/i0.wp.com\/www.24baires.com\/wp-content\/uploads\/2015\/05\/comision-juicio-politico.jpg?resize=560%2C313\" alt=\"comision juicio politico\" width=\"560\" height=\"313\" srcset=\"https:\/\/i0.wp.com\/www.24baires.com\/wp-content\/uploads\/2015\/05\/comision-juicio-politico.jpg?w=560 560w, https:\/\/i0.wp.com\/www.24baires.com\/wp-content\/uploads\/2015\/05\/comision-juicio-politico.jpg?resize=300%2C168 300w\" sizes=\"auto, (max-width: 560px) 100vw, 560px\" \/>La Comisi\u00f3n de Juicio Pol\u00edtico de Diputados aprob\u00f3 esta noche que se inicie un proceso de investigaci\u00f3n para determinar si el ministro de la Corte Suprema de 97 a\u00f1os cuenta con aptitud psicol\u00f3gica y f\u00edsica para continuar ejerciendo ese cargo debido a su avanzada edad.<!--more--><\/p>\n<p>Con el voto mayoritario del Frente para la Victoria y aliados, la comisi\u00f3n que preside la diputada mendocina Anabel Fern\u00e1ndez Sagasti aprob\u00f3 el proyecto presentado por el jefe de Gabinete, An\u00edbal Fern\u00e1ndez, durante su desempe\u00f1o como senador nacional.<\/p>\n<p>&nbsp;<\/p>\n<p>&nbsp;<\/p>\n<p>&nbsp;<\/p>\n<p>&nbsp;<\/p>\n<p>&nbsp;<\/p>\n<p>&nbsp;<\/p>\n<p>&nbsp;<\/p>\n<p>&nbsp;<\/p>\n","protected":false},"excerpt":{"rendered":"<p>La Comisi\u00f3n de Juicio Pol\u00edtico de Diputados aprob\u00f3 esta noche que se inicie un proceso de investigaci\u00f3n para determinar si el ministro de la Corte Suprema de 97 a\u00f1os cuenta con aptitud psicol\u00f3gica y f\u00edsica para continuar ejerciendo ese cargo debido a su avanzada edad.<\/p>\n","protected":false},"author":8,"featured_media":0,"comment_status":"open","ping_status":"open","sticky":false,"template":"","format":"standard","meta":{"_jetpack_newsletter_access":"","_jetpack_dont_email_post_to_subs":false,"_jetpack_newsletter_tier_id":0,"_jetpack_memberships_contains_paywalled_content":false,"_jetpack_memberships_contains_paid_content":false,"footnotes":""},"categories":[51],"tags":[],"class_list":["post-65803","post","type-post","status-publish","format-standard","hentry","category-politica"],"jetpack_shortlink":"https:\/\/wp.me\/p2JWE0-h7l","jetpack-related-posts":[{"id":119481,"url":"http:\/\/www.24baires.com\/?p=119481","url_meta":{"origin":65803,"position":0},"title":"El Senado aprob\u00f3 la Ley de Alcohol Cero en la Provincia","author":"AF","date":"27\/10\/2022","format":false,"excerpt":"La c\u00e1mara Alta dio media sanci\u00f3n este jueves el proyecto enviado por el Ejecutivo, que cuenta adem\u00e1s con el apoyo de la oposici\u00f3n, y que establece la tolerancia cero de alcohol en sangre para los conductores de veh\u00edculos, con penas que incluyen multas, arresto, retenci\u00f3n de la licencia e inhabilitaci\u00f3n.\u2026","rel":"","context":"En \u00abProvincia\u00bb","block_context":{"text":"Provincia","link":"http:\/\/www.24baires.com\/?cat=40"},"img":{"alt_text":"","src":"https:\/\/i0.wp.com\/www.24baires.com\/wp-content\/uploads\/2022\/10\/alcoholemia.jpg?resize=350%2C200","width":350,"height":200,"srcset":"https:\/\/i0.wp.com\/www.24baires.com\/wp-content\/uploads\/2022\/10\/alcoholemia.jpg?resize=350%2C200 1x, https:\/\/i0.wp.com\/www.24baires.com\/wp-content\/uploads\/2022\/10\/alcoholemia.jpg?resize=525%2C300 1.5x, https:\/\/i0.wp.com\/www.24baires.com\/wp-content\/uploads\/2022\/10\/alcoholemia.jpg?resize=700%2C400 2x"},"classes":[]},{"id":119698,"url":"http:\/\/www.24baires.com\/?p=119698","url_meta":{"origin":65803,"position":1},"title":"El Presidente entreg\u00f3 a Diputados el pedido de juicio pol\u00edtico a la Corte","author":"AF","date":"04\/01\/2023","format":false,"excerpt":"Alberto Fern\u00e1ndez se reuni\u00f3 con el presidente del Bloque de Diputados del Frente de Todos, Germ\u00e1n Mart\u00ednez; y a la diputada Carolina Gaillard, presidenta de la Comisi\u00f3n de Juicio Pol\u00edtico. El presidente Alberto Fern\u00e1ndez entreg\u00f3 al presidente del Bloque de Diputados del Frente de Todos, Germ\u00e1n Mart\u00ednez; y a la\u2026","rel":"","context":"En \u00abSociedad\u00bb","block_context":{"text":"Sociedad","link":"http:\/\/www.24baires.com\/?cat=1"},"img":{"alt_text":"","src":"https:\/\/i0.wp.com\/www.24baires.com\/wp-content\/uploads\/2023\/01\/fernandezz.jpg?resize=350%2C200","width":350,"height":200,"srcset":"https:\/\/i0.wp.com\/www.24baires.com\/wp-content\/uploads\/2023\/01\/fernandezz.jpg?resize=350%2C200 1x, https:\/\/i0.wp.com\/www.24baires.com\/wp-content\/uploads\/2023\/01\/fernandezz.jpg?resize=525%2C300 1.5x, https:\/\/i0.wp.com\/www.24baires.com\/wp-content\/uploads\/2023\/01\/fernandezz.jpg?resize=700%2C400 2x, https:\/\/i0.wp.com\/www.24baires.com\/wp-content\/uploads\/2023\/01\/fernandezz.jpg?resize=1050%2C600 3x"},"classes":[]},{"id":116875,"url":"http:\/\/www.24baires.com\/?p=116875","url_meta":{"origin":65803,"position":2},"title":"El Senado comienza el tratamiento en comisi\u00f3n del proyecto de legalizaci\u00f3n del aborto","author":"GB","date":"14\/12\/2020","format":false,"excerpt":"El Senado comenzar\u00e1 hoy el tratamiento en comisi\u00f3n del proyecto de Ley de Interrupci\u00f3n Voluntaria del Embarazo (IVE), aprobado el viernes por la C\u00e1mara de Diputados, con la intenci\u00f3n que la firma del dictamen sea en los pr\u00f3ximos d\u00edas y que pueda ser tratado en el recinto el pr\u00f3ximo 29,\u2026","rel":"","context":"En \u00abPol\u00edtica\u00bb","block_context":{"text":"Pol\u00edtica","link":"http:\/\/www.24baires.com\/?cat=51"},"img":{"alt_text":"","src":"https:\/\/i0.wp.com\/www.24baires.com\/wp-content\/uploads\/2020\/06\/senado.jpg?resize=350%2C200","width":350,"height":200,"srcset":"https:\/\/i0.wp.com\/www.24baires.com\/wp-content\/uploads\/2020\/06\/senado.jpg?resize=350%2C200 1x, https:\/\/i0.wp.com\/www.24baires.com\/wp-content\/uploads\/2020\/06\/senado.jpg?resize=525%2C300 1.5x"},"classes":[]},{"id":119784,"url":"http:\/\/www.24baires.com\/?p=119784","url_meta":{"origin":65803,"position":3},"title":"Diputados aprob\u00f3 la admisibilidad al juicio pol\u00edtico a los miembros de la Corte Suprema","author":"AF","date":"09\/02\/2023","format":false,"excerpt":"El Frente de Todos, con 16 votos, se impuso en la votaci\u00f3n que permitir\u00e1 avanzar hacia la apertura del sumario para acumular las pruebas que sostengan la acusaci\u00f3n contra los magistrados Horacio Rosatti, Carlos Rosenkrantz, Juan Carlos Maqueda y Ricardo Lorenzetti. El Frente de Todos (FdT) consigui\u00f3 este jueves aprobar\u2026","rel":"","context":"En \u00abPol\u00edtica\u00bb","block_context":{"text":"Pol\u00edtica","link":"http:\/\/www.24baires.com\/?cat=51"},"img":{"alt_text":"","src":"https:\/\/i0.wp.com\/www.24baires.com\/wp-content\/uploads\/2023\/02\/Diputados-AproboAdmisibJuicioPolitico-696x451-1.jpg?resize=350%2C200","width":350,"height":200,"srcset":"https:\/\/i0.wp.com\/www.24baires.com\/wp-content\/uploads\/2023\/02\/Diputados-AproboAdmisibJuicioPolitico-696x451-1.jpg?resize=350%2C200 1x, https:\/\/i0.wp.com\/www.24baires.com\/wp-content\/uploads\/2023\/02\/Diputados-AproboAdmisibJuicioPolitico-696x451-1.jpg?resize=525%2C300 1.5x"},"classes":[]},{"id":115248,"url":"http:\/\/www.24baires.com\/?p=115248","url_meta":{"origin":65803,"position":4},"title":"El Gobierno pidi\u00f3 extender hasta diciembre la facultad de dar aumento por decreto a jubilados","author":"GB","date":"05\/06\/2020","format":false,"excerpt":"Al mismo tiempo, los legisladores nacionales dar forma a una nueva f\u00f3rmula para los incrementos de haberes. El Poder Ejecutivo Nacional envi\u00f3 a la C\u00e1mara de Diputados de la Naci\u00f3n un proyecto de ley para prorrogar hasta diciembre la facultad de aumentar los haberes de jubilados y pensionados por decreto,\u2026","rel":"","context":"En \u00abPol\u00edtica\u00bb","block_context":{"text":"Pol\u00edtica","link":"http:\/\/www.24baires.com\/?cat=51"},"img":{"alt_text":"","src":"https:\/\/i0.wp.com\/www.24baires.com\/wp-content\/uploads\/2017\/12\/jubilados.jpg?resize=350%2C200","width":350,"height":200,"srcset":"https:\/\/i0.wp.com\/www.24baires.com\/wp-content\/uploads\/2017\/12\/jubilados.jpg?resize=350%2C200 1x, https:\/\/i0.wp.com\/www.24baires.com\/wp-content\/uploads\/2017\/12\/jubilados.jpg?resize=525%2C300 1.5x"},"classes":[]},{"id":116717,"url":"http:\/\/www.24baires.com\/?p=116717","url_meta":{"origin":65803,"position":5},"title":"Diputados aprob\u00f3 el Presupuesto 2021 y lo convirti\u00f3 en ley","author":"AF","date":"17\/11\/2020","format":false,"excerpt":"El plan de gastos y recursos del Estado para el pr\u00f3ximo a\u00f1o fue sancionado por 139 votos, pero hubo 83 abstenciones. La C\u00e1mara de Diputados convirti\u00f3 en ley el proyecto de Presupuesto 2021 durante la sesi\u00f3n de este martes con 139 votos a favor, 20 en contra y 83 abstenciones.\u2026","rel":"","context":"En \u00abSociedad\u00bb","block_context":{"text":"Sociedad","link":"http:\/\/www.24baires.com\/?cat=1"},"img":{"alt_text":"","src":"https:\/\/i0.wp.com\/www.24baires.com\/wp-content\/uploads\/2020\/08\/congreso.jpg?resize=350%2C200","width":350,"height":200,"srcset":"https:\/\/i0.wp.com\/www.24baires.com\/wp-content\/uploads\/2020\/08\/congreso.jpg?resize=350%2C200 1x, https:\/\/i0.wp.com\/www.24baires.com\/wp-content\/uploads\/2020\/08\/congreso.jpg?resize=525%2C300 1.5x"},"classes":[]}],"jetpack_sharing_enabled":true,"jetpack_likes_enabled":true,"jetpack_featured_media_url":"","_links":{"self":[{"href":"http:\/\/www.24baires.com\/index.php?rest_route=\/wp\/v2\/posts\/65803","targetHints":{"allow":["GET"]}}],"collection":[{"href":"http:\/\/www.24baires.com\/index.php?rest_route=\/wp\/v2\/posts"}],"about":[{"href":"http:\/\/www.24baires.com\/index.php?rest_route=\/wp\/v2\/types\/post"}],"author":[{"embeddable":true,"href":"http:\/\/www.24baires.com\/index.php?rest_route=\/wp\/v2\/users\/8"}],"replies":[{"embeddable":true,"href":"http:\/\/www.24baires.com\/index.php?rest_route=%2Fwp%2Fv2%2Fcomments&post=65803"}],"version-history":[{"count":1,"href":"http:\/\/www.24baires.com\/index.php?rest_route=\/wp\/v2\/posts\/65803\/revisions"}],"predecessor-version":[{"id":65805,"href":"http:\/\/www.24baires.com\/index.php?rest_route=\/wp\/v2\/posts\/65803\/revisions\/65805"}],"wp:attachment":[{"href":"http:\/\/www.24baires.com\/index.php?rest_route=%2Fwp%2Fv2%2Fmedia&parent=65803"}],"wp:term":[{"taxonomy":"category","embeddable":true,"href":"http:\/\/www.24baires.com\/index.php?rest_route=%2Fwp%2Fv2%2Fcategories&post=65803"},{"taxonomy":"post_tag","embeddable":true,"href":"http:\/\/www.24baires.com\/index.php?rest_route=%2Fwp%2Fv2%2Ftags&post=65803"}],"curies":[{"name":"wp","href":"https:\/\/api.w.org\/{rel}","templated":true}]}}