{"id":65796,"date":"2015-05-12T19:05:30","date_gmt":"2015-05-12T22:05:30","guid":{"rendered":"http:\/\/www.24baires.com\/?p=65796"},"modified":"2015-05-12T19:05:30","modified_gmt":"2015-05-12T22:05:30","slug":"casacion-archivo-la-denuncia-de-nisman","status":"publish","type":"post","link":"http:\/\/www.24baires.com\/?p=65796","title":{"rendered":"Casaci\u00f3n archiv\u00f3 la denuncia de Nisman"},"content":{"rendered":"<p><img data-recalc-dims=\"1\" loading=\"lazy\" decoding=\"async\" class=\"aligncenter size-full wp-image-60569\" src=\"https:\/\/i0.wp.com\/www.24baires.com\/wp-content\/uploads\/2015\/01\/nisman-1.jpg?resize=560%2C314\" alt=\"nisman-1\" width=\"560\" height=\"314\" srcset=\"https:\/\/i0.wp.com\/www.24baires.com\/wp-content\/uploads\/2015\/01\/nisman-1.jpg?w=560 560w, https:\/\/i0.wp.com\/www.24baires.com\/wp-content\/uploads\/2015\/01\/nisman-1.jpg?resize=300%2C168 300w\" sizes=\"auto, (max-width: 560px) 100vw, 560px\" \/>En un fallo por unanimidad, los camaristas Ana Mar\u00eda Figueroa, Luis Mar\u00eda Cabral y Gustavo Hornos fundaron su decisi\u00f3n en que la apelaci\u00f3n hab\u00eda sido desistida por el fiscal Javier De Luca, en sinton\u00eda con el fallo del juez Daniel Rafecas por inexistencia de delito.<!--more--><\/p>\n<p>La denuncia del fallecido fiscal Alberto Nisman contra la presidenta Cristina Fern\u00e1ndez de Kirchner, por supuesto encubrimiento del atentado a la Amia de 1994, qued\u00f3 hoy definitivamente archivada por la C\u00e1mara Federal de Casaci\u00f3n Penal.<\/p>\n<p>En una resoluci\u00f3n firmada 20 d\u00edas despu\u00e9s de que el fiscal de C\u00e1mara Javier de Luca desistiera de proseguir la denuncia, los camaristas Ana Mar\u00eda Figueroa, Luis Mar\u00eda Cabral y Gustavo Hornos resolvieron por unanimidad cerrar la causa.<\/p>\n<p>El 20 de abril pasado De Luca dictamin\u00f3 no apelar la denuncia del ex titular de la UFI-AMIA luego de la segunda desestimaci\u00f3n, resuelta por la Sala I de la C\u00e1mara federal porte\u00f1a.<\/p>\n<p>La primera desestimaci\u00f3n hab\u00eda sido adoptada por el juez federal Daniel Rafecas, sorteado para resolver el tema luego de la muerte de Nisman, el 18 de enero \u00faltimo, y luego de que su colega Ariel Lijo se reusara a tomarla.<\/p>\n<p>Rafecas primero y luego la mayor\u00eda de la Sala I, compuesta por Jorge Ballesteros y Eduardo Freiler, consideraron que los hechos denunciados por Nisman no constitu\u00edan delito por lo que no correspond\u00eda llamar a indagatoria a los imputados por el fiscal.<\/p>\n<p>De Luca se pleg\u00f3 al razonamiento de inexistencia de delito y agreg\u00f3 que la firma de un tratado internacional como el Memor\u00e1ndum de Entendimiento con Ir\u00e1n constituye una facultad inherente al Poder Ejecutivo, que en este caso tambi\u00e9n fue ratificado por el Poder Legislativo, de acuerdo a la manda constitucional.<\/p>\n<p>El 14 de enero pasado, en medio de la feria judicial, Nisman regres\u00f3 del exterior y denunci\u00f3 a la presidenta, al canciller H\u00e9ctor Timerman y al diputado Andr\u00e9s Larroque, entre otras personas, de crear una \u201corganizaci\u00f3n criminal\u201d y una \u201cdiplomacia paralela\u201d para que los iran\u00edes acusados por la voladura de la AMIA, en 1994, quedaran impunes.<\/p>\n<p>El titular de la UFI-AMIA bas\u00f3 su denuncia en la supuesta instrucci\u00f3n del gobierno argentino a la Interpol para que cesaran las \u201calertas rojas\u201d de captura en cualquier lugar del mundo de los acusados iran\u00edes, hecho que fue desmentido por el propio titular de la agencia policial mundial de aquel entonces, Ronald Noble.<\/p>\n<p>Nisman aport\u00f3 como prueba miles de horas de escuchas telef\u00f3nicas centradas en un referente de la comunidad musulmana porte\u00f1a, Jorge Yussuf Khalil, a quien Nisman caracteriz\u00f3 como agente iran\u00ed, y en la que participaban Luis D&#8217;El\u00eda, Fernando Esteche, el ex fiscal H\u00e9ctor Yrimia y un falso agente de la Side, Allan Bogado, pero ning\u00fan funcionario gubernamental.<\/p>\n<p>La C\u00e1mara Federal hab\u00eda sostenido en su fallo desestimatorio que la carencia de pruebas de Nisman y el simult\u00e1neo pedido de nuevas medidas era como una \u00abexcursi\u00f3n de pesca\u00bb.<\/p>\n<p>La denuncia de Nisman fue sostenida en primera instancia por el fiscal Gerardo Pollicita y en segunda por el fiscal Germ\u00e1n Moldes, uno de los impulsores de la marcha del 18F.<\/p>\n","protected":false},"excerpt":{"rendered":"<p>En un fallo por unanimidad, los camaristas Ana Mar\u00eda Figueroa, Luis Mar\u00eda Cabral y Gustavo Hornos fundaron su decisi\u00f3n en que la apelaci\u00f3n hab\u00eda sido desistida por el fiscal Javier De Luca, en sinton\u00eda con el fallo del juez Daniel Rafecas por inexistencia de delito.<\/p>\n","protected":false},"author":8,"featured_media":0,"comment_status":"open","ping_status":"open","sticky":false,"template":"","format":"standard","meta":{"_jetpack_newsletter_access":"","_jetpack_dont_email_post_to_subs":false,"_jetpack_newsletter_tier_id":0,"_jetpack_memberships_contains_paywalled_content":false,"_jetpack_memberships_contains_paid_content":false,"footnotes":""},"categories":[51],"tags":[],"class_list":["post-65796","post","type-post","status-publish","format-standard","hentry","category-politica"],"jetpack_shortlink":"https:\/\/wp.me\/p2JWE0-h7e","jetpack-related-posts":[{"id":91184,"url":"http:\/\/www.24baires.com\/?p=91184","url_meta":{"origin":65796,"position":0},"title":"Apartaron a Rafecas de la denuncia de Nisman contra Cristina Kirchner","author":"GB","date":"29\/12\/2016","format":false,"excerpt":"En su resoluci\u00f3n, la C\u00e1mara de Casaci\u00f3n calific\u00f3 la decisi\u00f3n de Rafecas de desestimar la denuncia como \"arbitraria, prematura y parcial\". El juez Daniel Rafecas as\u00ed como los camaristas de la sala primera de la C\u00e1mara Federal, Eduardo Freiler y Jorge Ballestero fueron apartados de la causa que se abrir\u00e1\u2026","rel":"","context":"En \u00abPol\u00edtica\u00bb","block_context":{"text":"Pol\u00edtica","link":"http:\/\/www.24baires.com\/?cat=51"},"img":{"alt_text":"","src":"https:\/\/i0.wp.com\/www.24baires.com\/wp-content\/uploads\/2016\/08\/Rafecas.jpg?resize=350%2C200","width":350,"height":200,"srcset":"https:\/\/i0.wp.com\/www.24baires.com\/wp-content\/uploads\/2016\/08\/Rafecas.jpg?resize=350%2C200 1x, https:\/\/i0.wp.com\/www.24baires.com\/wp-content\/uploads\/2016\/08\/Rafecas.jpg?resize=525%2C300 1.5x"},"classes":[]},{"id":90873,"url":"http:\/\/www.24baires.com\/?p=90873","url_meta":{"origin":65796,"position":1},"title":"En 20 d\u00edas, Casaci\u00f3n resolver\u00e1 si reabre la investigaci\u00f3n de Nisman","author":"AF","date":"19\/12\/2016","format":false,"excerpt":"La C\u00e1mara Federal de Casaci\u00f3n Penal qued\u00f3 en condiciones de decidir si abre o no la investigaci\u00f3n de la denuncia presentada por el fallecido fiscal Alberto Nisman contra la ex presidenta Cristina Fern\u00e1ndez de Kirchner y otros ex funcionarios y dirigentes pol\u00edticos a los que acus\u00f3 de querer encubrir a\u2026","rel":"","context":"En \u00abJUDICIALES\u00bb","block_context":{"text":"JUDICIALES","link":"http:\/\/www.24baires.com\/?cat=68"},"img":{"alt_text":"","src":"https:\/\/i0.wp.com\/www.24baires.com\/wp-content\/uploads\/2015\/01\/nisman-1.jpg?resize=350%2C200","width":350,"height":200,"srcset":"https:\/\/i0.wp.com\/www.24baires.com\/wp-content\/uploads\/2015\/01\/nisman-1.jpg?resize=350%2C200 1x, https:\/\/i0.wp.com\/www.24baires.com\/wp-content\/uploads\/2015\/01\/nisman-1.jpg?resize=525%2C300 1.5x"},"classes":[]},{"id":117875,"url":"http:\/\/www.24baires.com\/?p=117875","url_meta":{"origin":65796,"position":2},"title":"Cristina consider\u00f3 \u00abdisparate judicial, institucional y pol\u00edtico\u00bb a la causa del memor\u00e1ndum","author":"AF","date":"16\/07\/2021","format":false,"excerpt":"La vicepresidenta expuso durante la audiencia p\u00fablica, que fue escuchada por m\u00e1s de 20 mil personas a trav\u00e9s de YouTube. \"Se hicieron maniobras persecutorias para perjudicarnos a m\u00ed y mi familia\", asegur\u00f3. El Tribunal Oral Federal 8 debe resolver si declara o no la nulidad del proceso. La vicepresidenta Cristina\u2026","rel":"","context":"En \u00abJUDICIALES\u00bb","block_context":{"text":"JUDICIALES","link":"http:\/\/www.24baires.com\/?cat=68"},"img":{"alt_text":"","src":"https:\/\/i0.wp.com\/www.24baires.com\/wp-content\/uploads\/2021\/07\/cfk.jpg?resize=350%2C200","width":350,"height":200,"srcset":"https:\/\/i0.wp.com\/www.24baires.com\/wp-content\/uploads\/2021\/07\/cfk.jpg?resize=350%2C200 1x, https:\/\/i0.wp.com\/www.24baires.com\/wp-content\/uploads\/2021\/07\/cfk.jpg?resize=525%2C300 1.5x"},"classes":[]},{"id":64328,"url":"http:\/\/www.24baires.com\/?p=64328","url_meta":{"origin":65796,"position":3},"title":"La denuncia de Nisman ser\u00e1 dictaminada por el Fiscal de Casaci\u00f3n De Luca","author":"Grupo Sierra","date":"15\/04\/2015","format":false,"excerpt":"La denuncia del fallecido fiscal Alberto Nisman contra funcionarios del Gobierno y otras personas por supuesto encubrimiento del atentado a la AMIA, ser\u00e1 analizada en su nueva instancia judicial por el fiscal de Casaci\u00f3n Javier De Luca, quien deber\u00e1 dictaminar si la impulsa o la desestima, como ya ocurri\u00f3 en\u2026","rel":"","context":"En \u00abJUDICIALES\u00bb","block_context":{"text":"JUDICIALES","link":"http:\/\/www.24baires.com\/?cat=68"},"img":{"alt_text":"Alberto-Nisman","src":"https:\/\/i0.wp.com\/www.24baires.com\/wp-content\/uploads\/2015\/01\/Alberto-Nisman.jpg?resize=350%2C200","width":350,"height":200,"srcset":"https:\/\/i0.wp.com\/www.24baires.com\/wp-content\/uploads\/2015\/01\/Alberto-Nisman.jpg?resize=350%2C200 1x, https:\/\/i0.wp.com\/www.24baires.com\/wp-content\/uploads\/2015\/01\/Alberto-Nisman.jpg?resize=525%2C300 1.5x"},"classes":[]},{"id":66014,"url":"http:\/\/www.24baires.com\/?p=66014","url_meta":{"origin":65796,"position":4},"title":"Casaci\u00f3n definir\u00e1 sobre constitucionalidad del Memor\u00e1ndum con Ir\u00e1n el 22 de junio","author":"GB","date":"15\/05\/2015","format":false,"excerpt":"La C\u00e1mara Federal de Casaci\u00f3n Penal anunci\u00f3 que reci\u00e9n el lunes 22 de junio difundir\u00e1 su fallo sobre la constitucionalidad o no del tratado con Ir\u00e1n para indagar a los acusados por el atentado terrorista de 1994 contra la Amia. Lo har\u00e1 en una audiencia convocada para las 12 de\u2026","rel":"","context":"En \u00abPol\u00edtica\u00bb","block_context":{"text":"Pol\u00edtica","link":"http:\/\/www.24baires.com\/?cat=51"},"img":{"alt_text":"timerman","src":"https:\/\/i0.wp.com\/www.24baires.com\/wp-content\/uploads\/2014\/08\/timerman.jpg?resize=350%2C200","width":350,"height":200,"srcset":"https:\/\/i0.wp.com\/www.24baires.com\/wp-content\/uploads\/2014\/08\/timerman.jpg?resize=350%2C200 1x, https:\/\/i0.wp.com\/www.24baires.com\/wp-content\/uploads\/2014\/08\/timerman.jpg?resize=525%2C300 1.5x"},"classes":[]},{"id":63754,"url":"http:\/\/www.24baires.com\/?p=63754","url_meta":{"origin":65796,"position":5},"title":"El fiscal Moldes apel\u00f3 el fallo que desestim\u00f3 la denuncia de Nisman","author":"GB","date":"31\/03\/2015","format":false,"excerpt":"El fiscal general Germ\u00e1n Moldes apel\u00f3 el fallo de la C\u00e1mara Federal que desestim\u00f3 la denuncia del fiscal Alberto Nisman contra la presidenta Cristina Kirchner por presunto encubrimiento a Ir\u00e1n en el atentado a la AMIA. El caso ir\u00e1 a la C\u00e1mara de Casaci\u00f3n Penal. La denuncia de Nisman ya\u2026","rel":"","context":"En \u00abPol\u00edtica\u00bb","block_context":{"text":"Pol\u00edtica","link":"http:\/\/www.24baires.com\/?cat=51"},"img":{"alt_text":"","src":"https:\/\/i0.wp.com\/www.24baires.com\/wp-content\/uploads\/2015\/03\/moldes.jpg?resize=350%2C200","width":350,"height":200,"srcset":"https:\/\/i0.wp.com\/www.24baires.com\/wp-content\/uploads\/2015\/03\/moldes.jpg?resize=350%2C200 1x, https:\/\/i0.wp.com\/www.24baires.com\/wp-content\/uploads\/2015\/03\/moldes.jpg?resize=525%2C300 1.5x"},"classes":[]}],"jetpack_sharing_enabled":true,"jetpack_likes_enabled":true,"jetpack_featured_media_url":"","_links":{"self":[{"href":"http:\/\/www.24baires.com\/index.php?rest_route=\/wp\/v2\/posts\/65796","targetHints":{"allow":["GET"]}}],"collection":[{"href":"http:\/\/www.24baires.com\/index.php?rest_route=\/wp\/v2\/posts"}],"about":[{"href":"http:\/\/www.24baires.com\/index.php?rest_route=\/wp\/v2\/types\/post"}],"author":[{"embeddable":true,"href":"http:\/\/www.24baires.com\/index.php?rest_route=\/wp\/v2\/users\/8"}],"replies":[{"embeddable":true,"href":"http:\/\/www.24baires.com\/index.php?rest_route=%2Fwp%2Fv2%2Fcomments&post=65796"}],"version-history":[{"count":1,"href":"http:\/\/www.24baires.com\/index.php?rest_route=\/wp\/v2\/posts\/65796\/revisions"}],"predecessor-version":[{"id":65797,"href":"http:\/\/www.24baires.com\/index.php?rest_route=\/wp\/v2\/posts\/65796\/revisions\/65797"}],"wp:attachment":[{"href":"http:\/\/www.24baires.com\/index.php?rest_route=%2Fwp%2Fv2%2Fmedia&parent=65796"}],"wp:term":[{"taxonomy":"category","embeddable":true,"href":"http:\/\/www.24baires.com\/index.php?rest_route=%2Fwp%2Fv2%2Fcategories&post=65796"},{"taxonomy":"post_tag","embeddable":true,"href":"http:\/\/www.24baires.com\/index.php?rest_route=%2Fwp%2Fv2%2Ftags&post=65796"}],"curies":[{"name":"wp","href":"https:\/\/api.w.org\/{rel}","templated":true}]}}