{"id":65793,"date":"2015-05-12T18:41:07","date_gmt":"2015-05-12T21:41:07","guid":{"rendered":"http:\/\/www.24baires.com\/?p=65793"},"modified":"2015-05-12T18:41:07","modified_gmt":"2015-05-12T21:41:07","slug":"giustozzi-descarto-volver-a-la-intendencia-de-almirante-brown","status":"publish","type":"post","link":"http:\/\/www.24baires.com\/?p=65793","title":{"rendered":"Giustozzi descart\u00f3 volver a la intendencia de Almirante Brown"},"content":{"rendered":"<p><img data-recalc-dims=\"1\" loading=\"lazy\" decoding=\"async\" class=\"aligncenter size-full wp-image-28669\" src=\"https:\/\/i0.wp.com\/www.24baires.com\/wp-content\/uploads\/2013\/07\/Giustozzi2.jpg?resize=560%2C529\" alt=\"Giustozzi2\" width=\"560\" height=\"529\" srcset=\"https:\/\/i0.wp.com\/www.24baires.com\/wp-content\/uploads\/2013\/07\/Giustozzi2.jpg?w=560 560w, https:\/\/i0.wp.com\/www.24baires.com\/wp-content\/uploads\/2013\/07\/Giustozzi2.jpg?resize=300%2C283 300w\" sizes=\"auto, (max-width: 560px) 100vw, 560px\" \/>El diputado nacional tiene definido que su candidato a intendente de Almirante Brown ser\u00e1 Daniel Bolettieri y no \u00e9l, mientras que desde el PRO la senadora Gabriela Michetti y el precandidato Carlos Regazzoni ya le dejaron saber que no es bienvenido a sumarse.<!--more--><\/p>\n<p>A dos d\u00edas de que oficializara p\u00fablicamente su renuncia al massismo, Giustozzi contin\u00faa siendo eje de especulaciones, no s\u00f3lo en cuanto a sus futuras alianzas sino en cuanto a si aspirar\u00e1 a alg\u00fan cargo.<\/p>\n<p>Desde su comando de campa\u00f1a aseguraron a T\u00e9lam que \u00abno ser\u00e1 candidato a intendente en Almirante Brown\u00bb y que el postulante ser\u00e1 el actual jefe comunal, Daniel Bolettieri.<\/p>\n<p>Incluso, si bien Giustozzi a\u00fan sostiene su voluntad de ser gobernador, est\u00e1 pr\u00e1cticamente descartado que se postule y sus esfuerzos se enfocar\u00e1n en que triunfe su espacio pol\u00edtico en Almirante Brown -adem\u00e1s, le restan dos a\u00f1os de banca como diputado nacional-.<\/p>\n<p>Sin embargo, este lunes durante una entrevista en TN, Giustozzi fue ambiguo y no descart\u00f3 una futura candidatura ni alianzas con el kirchnerismo o el PRO.<\/p>\n<p>Pero el macrismo no tard\u00f3 en hacerle llegar su reticencia: \u00abYo no creo Giustozzi sea representante de lo que nosotros queremos transmitirle a la gente\u00bb, dijo Michetti.<\/p>\n<p>En di\u00e1logo con radio la Red, la senadora manifest\u00f3: \u00abDar\u00edo ha ido y venido. Es impresionante el nivel de incoherencia, de ser kirchnerista a ser el principal opositor y ahora a irse con ellos\u00bb.<\/p>\n<p>Adem\u00e1s, el precandidato a intendente en Almirante Brown por el PRO, Carlos Regazzoni, dijo a trav\u00e9s de un comunicado: \u00abGiustozzi est\u00e1 hace seis meses jugando a las escondidas, est\u00e1 nervioso porque sabe que el PRO va a resolver los problemas de los vecinos, vamos a hacer una revoluci\u00f3n en educaci\u00f3n y en infraestructura\u00bb.<\/p>\n<p>Adem\u00e1s, se pregunt\u00f3 \u00aba qui\u00e9n le va a echar la culpa ahora Giustozzi\u00bb que renunci\u00f3 al massismo, y augur\u00f3 que \u00ablos vecinos en las urnas le har\u00e1n saber el abandono y la desidia de Burzaco, Claypole, Glew, Longchamps, M\u00e1rmol, Calzada, Solano, Ministro Rivadavia y Adrogu\u00e9\u201d.<\/p>\n<p>Sin embargo, consultados por T\u00e9lam, desde el sector de Mar\u00eda Eugenia Vidal no descartan que Giustozzi se pueda sumar, aunque reconocen que \u00abrequiere un debate interno a\u00fan\u00bb.<\/p>\n<p>Igualmente, basado no s\u00f3lo en lo que dicen sus operadores sino sus propios dichos p\u00fablicos, Giustozzi es m\u00e1s proclive a negociar alg\u00fan tipo de acuerdo con el kirchnerismo y conseguir que Bolettieri participe de las PASO municipales contra Mariano Cascallares.<\/p>\n<p>&nbsp;<\/p>\n<p>&nbsp;<\/p>\n<p>&nbsp;<\/p>\n<p>&nbsp;<\/p>\n<p>&nbsp;<\/p>\n<p>&nbsp;<\/p>\n<p>&nbsp;<\/p>\n<p>&nbsp;<\/p>\n<p>&nbsp;<\/p>\n<p>&nbsp;<\/p>\n<p>&nbsp;<\/p>\n<p>&nbsp;<\/p>\n<p>&nbsp;<\/p>\n<p>&nbsp;<\/p>\n","protected":false},"excerpt":{"rendered":"<p>El diputado nacional tiene definido que su candidato a intendente de Almirante Brown ser\u00e1 Daniel Bolettieri y no \u00e9l, mientras que desde el PRO la senadora Gabriela Michetti y el precandidato Carlos Regazzoni ya le dejaron saber que no es bienvenido a sumarse.<\/p>\n","protected":false},"author":8,"featured_media":0,"comment_status":"open","ping_status":"open","sticky":false,"template":"","format":"standard","meta":{"_jetpack_newsletter_access":"","_jetpack_dont_email_post_to_subs":false,"_jetpack_newsletter_tier_id":0,"_jetpack_memberships_contains_paywalled_content":false,"_jetpack_memberships_contains_paid_content":false,"footnotes":""},"categories":[51],"tags":[],"class_list":["post-65793","post","type-post","status-publish","format-standard","hentry","category-politica"],"jetpack_shortlink":"https:\/\/wp.me\/p2JWE0-h7b","jetpack-related-posts":[{"id":65066,"url":"http:\/\/www.24baires.com\/?p=65066","url_meta":{"origin":65793,"position":0},"title":"\u00abDe Narv\u00e1ez no tiene capacidad para ser Gobernador\u00bb","author":"GB","date":"29\/04\/2015","format":false,"excerpt":"El Intendente de Almirante Brown y referenciado en el giustozzismo, Daniel Bolettieri, cruz\u00f3 a Francisco De Narv\u00e1ez, el rival a vencer para esa tropa. Un cruce que reanima la interna provincial por la Gobernaci\u00f3n. El Intendente interino del distrito, precandidato a erigirse como el sucesor oficial, reaviv\u00f3 la interna en\u2026","rel":"","context":"En \u00abLocales\u00bb","block_context":{"text":"Locales","link":"http:\/\/www.24baires.com\/?cat=38"},"img":{"alt_text":"","src":"https:\/\/i0.wp.com\/www.24baires.com\/wp-content\/uploads\/2015\/04\/Bolettieri.jpg?resize=350%2C200","width":350,"height":200,"srcset":"https:\/\/i0.wp.com\/www.24baires.com\/wp-content\/uploads\/2015\/04\/Bolettieri.jpg?resize=350%2C200 1x, https:\/\/i0.wp.com\/www.24baires.com\/wp-content\/uploads\/2015\/04\/Bolettieri.jpg?resize=525%2C300 1.5x"},"classes":[]},{"id":67066,"url":"http:\/\/www.24baires.com\/?p=67066","url_meta":{"origin":65793,"position":1},"title":"\u00abRandazzo demostr\u00f3 desde la gesti\u00f3n tener todas las aptitudes para ser presidente\u00bb","author":"GB","date":"04\/06\/2015","format":false,"excerpt":"El intendente de Almirante Brown y el ministro del Interior y Transporte recorrieron las obras que se llevan a cabo en la estaci\u00f3n Burzaco de la l\u00ednea Roca, donde el jefe comunal reivindic\u00f3 su pertenencia al Frente para la Victoria. Durante la recorrida, Bolettieri defini\u00f3 a la presencia de Randazzo\u2026","rel":"","context":"En \u00abPol\u00edtica\u00bb","block_context":{"text":"Pol\u00edtica","link":"http:\/\/www.24baires.com\/?cat=51"},"img":{"alt_text":"","src":"https:\/\/i0.wp.com\/www.24baires.com\/wp-content\/uploads\/2015\/06\/randazzo-alt-brown.jpg?resize=350%2C200","width":350,"height":200,"srcset":"https:\/\/i0.wp.com\/www.24baires.com\/wp-content\/uploads\/2015\/06\/randazzo-alt-brown.jpg?resize=350%2C200 1x, https:\/\/i0.wp.com\/www.24baires.com\/wp-content\/uploads\/2015\/06\/randazzo-alt-brown.jpg?resize=525%2C300 1.5x"},"classes":[]},{"id":53513,"url":"http:\/\/www.24baires.com\/?p=53513","url_meta":{"origin":65793,"position":2},"title":"Almirante Brown: Aprobaron la renuncia de Giustozzi como Intendente","author":"Grupo Sierra","date":"11\/09\/2014","format":false,"excerpt":"En una sesi\u00f3n llevada a cabo este mediod\u00eda y con la presencia del diputado nacional por el Frente Renovador, el Concejo dio tratamiento a la renuncia presentada por el ahora exfuncionario. Durante la sesi\u00f3n en la que fue sorpresiva la visita de Giustozzi, la edil del Frente Renovador Norma Warrel\u2026","rel":"","context":"En \u00abLocales\u00bb","block_context":{"text":"Locales","link":"http:\/\/www.24baires.com\/?cat=38"},"img":{"alt_text":"Giustozzi","src":"https:\/\/i0.wp.com\/www.24baires.com\/wp-content\/uploads\/2013\/08\/Giustozzi-300x168.jpg?resize=350%2C200","width":350,"height":200},"classes":[]},{"id":53657,"url":"http:\/\/www.24baires.com\/?p=53657","url_meta":{"origin":65793,"position":3},"title":"Giustozzi renunci\u00f3 formalmente a la intendencia de Almirante Brown","author":"AF","date":"15\/09\/2014","format":false,"excerpt":"Tras varias idas y vueltas el Concejo Deliberante finalmente aprob\u00f3 el pedido de renuncia de Dar\u00edo Giustozzi a la intendencia de Almirante Brown, cargo del que pidi\u00f3 alejarse tras asumir como Diputado Nacional por el Frente Renovador. En una sesi\u00f3n especial el ex jefe comunal brind\u00f3 un extenso discurso frente\u2026","rel":"","context":"En \u00abLocales\u00bb","block_context":{"text":"Locales","link":"http:\/\/www.24baires.com\/?cat=38"},"img":{"alt_text":"Giustozzi2","src":"https:\/\/i0.wp.com\/www.24baires.com\/wp-content\/uploads\/2013\/07\/Giustozzi2.jpg?resize=350%2C200","width":350,"height":200,"srcset":"https:\/\/i0.wp.com\/www.24baires.com\/wp-content\/uploads\/2013\/07\/Giustozzi2.jpg?resize=350%2C200 1x, https:\/\/i0.wp.com\/www.24baires.com\/wp-content\/uploads\/2013\/07\/Giustozzi2.jpg?resize=525%2C300 1.5x"},"classes":[]},{"id":46231,"url":"http:\/\/www.24baires.com\/?p=46231","url_meta":{"origin":65793,"position":4},"title":"Cuestionan a Giustozzi por desv\u00edo de fondos","author":"AF","date":"18\/05\/2014","format":false,"excerpt":"El presidente del Bloque FPV del Concejo Deliberante de Almirante Brown, Mariano Cascallares, destac\u00f3 que el diputado Dar\u00edo Giustozzi, que ahora pretende ser candidato a gobernador, \u201cmanipul\u00f3 recursos del Fondo Educativo y sub ejecut\u00f3 partidas municipales destinadas a obras para los vecinos\u201d. \u201cGiustozzi ahora dice que la Provincia necesita cambios\u2026","rel":"","context":"En \u00abPol\u00edtica\u00bb","block_context":{"text":"Pol\u00edtica","link":"http:\/\/www.24baires.com\/?cat=51"},"img":{"alt_text":"Giustozzi2","src":"https:\/\/i0.wp.com\/www.24baires.com\/wp-content\/uploads\/2013\/07\/Giustozzi2.jpg?resize=350%2C200","width":350,"height":200,"srcset":"https:\/\/i0.wp.com\/www.24baires.com\/wp-content\/uploads\/2013\/07\/Giustozzi2.jpg?resize=350%2C200 1x, https:\/\/i0.wp.com\/www.24baires.com\/wp-content\/uploads\/2013\/07\/Giustozzi2.jpg?resize=525%2C300 1.5x"},"classes":[]},{"id":51242,"url":"http:\/\/www.24baires.com\/?p=51242","url_meta":{"origin":65793,"position":5},"title":"Una denuncia complica a Giustozzi por llevarse $37 millones","author":"Grupo Sierra","date":"05\/08\/2014","format":false,"excerpt":"Se trata de fondos que envi\u00f3 el Gobierno para la refacci\u00f3n de escuelas y jardines de infantes en el municipio. Tambi\u00e9n acusan al actual intendente Bolettieri. El Consejo Escolar de Almirante Brown y el Sindicato \u00danico de Trabajadores de la Educaci\u00f3n (Suteba) denunciaron al diputado del Frente Renovador Dar\u00edo Giustozzi\u2026","rel":"","context":"En \u00abJUDICIALES\u00bb","block_context":{"text":"JUDICIALES","link":"http:\/\/www.24baires.com\/?cat=68"},"img":{"alt_text":"Giustozzi2","src":"https:\/\/i0.wp.com\/www.24baires.com\/wp-content\/uploads\/2013\/07\/Giustozzi2.jpg?resize=350%2C200","width":350,"height":200,"srcset":"https:\/\/i0.wp.com\/www.24baires.com\/wp-content\/uploads\/2013\/07\/Giustozzi2.jpg?resize=350%2C200 1x, https:\/\/i0.wp.com\/www.24baires.com\/wp-content\/uploads\/2013\/07\/Giustozzi2.jpg?resize=525%2C300 1.5x"},"classes":[]}],"jetpack_sharing_enabled":true,"jetpack_likes_enabled":true,"jetpack_featured_media_url":"","_links":{"self":[{"href":"http:\/\/www.24baires.com\/index.php?rest_route=\/wp\/v2\/posts\/65793","targetHints":{"allow":["GET"]}}],"collection":[{"href":"http:\/\/www.24baires.com\/index.php?rest_route=\/wp\/v2\/posts"}],"about":[{"href":"http:\/\/www.24baires.com\/index.php?rest_route=\/wp\/v2\/types\/post"}],"author":[{"embeddable":true,"href":"http:\/\/www.24baires.com\/index.php?rest_route=\/wp\/v2\/users\/8"}],"replies":[{"embeddable":true,"href":"http:\/\/www.24baires.com\/index.php?rest_route=%2Fwp%2Fv2%2Fcomments&post=65793"}],"version-history":[{"count":1,"href":"http:\/\/www.24baires.com\/index.php?rest_route=\/wp\/v2\/posts\/65793\/revisions"}],"predecessor-version":[{"id":65794,"href":"http:\/\/www.24baires.com\/index.php?rest_route=\/wp\/v2\/posts\/65793\/revisions\/65794"}],"wp:attachment":[{"href":"http:\/\/www.24baires.com\/index.php?rest_route=%2Fwp%2Fv2%2Fmedia&parent=65793"}],"wp:term":[{"taxonomy":"category","embeddable":true,"href":"http:\/\/www.24baires.com\/index.php?rest_route=%2Fwp%2Fv2%2Fcategories&post=65793"},{"taxonomy":"post_tag","embeddable":true,"href":"http:\/\/www.24baires.com\/index.php?rest_route=%2Fwp%2Fv2%2Ftags&post=65793"}],"curies":[{"name":"wp","href":"https:\/\/api.w.org\/{rel}","templated":true}]}}