{"id":65785,"date":"2015-05-12T17:15:31","date_gmt":"2015-05-12T20:15:31","guid":{"rendered":"http:\/\/www.24baires.com\/?p=65785"},"modified":"2015-05-12T17:15:32","modified_gmt":"2015-05-12T20:15:32","slug":"anuncian-paro-de-transporte-para-la-primera-semana-de-junio-y-buscan-que-sea-general","status":"publish","type":"post","link":"http:\/\/www.24baires.com\/?p=65785","title":{"rendered":"Anuncian paro de transporte para la primera semana de junio y buscan que sea general"},"content":{"rendered":"<p><img data-recalc-dims=\"1\" loading=\"lazy\" decoding=\"async\" class=\"aligncenter size-full wp-image-65786\" src=\"https:\/\/i0.wp.com\/www.24baires.com\/wp-content\/uploads\/2015\/05\/transporte-ctta.jpg?resize=560%2C371\" alt=\"transporte ctta\" width=\"560\" height=\"371\" srcset=\"https:\/\/i0.wp.com\/www.24baires.com\/wp-content\/uploads\/2015\/05\/transporte-ctta.jpg?w=560 560w, https:\/\/i0.wp.com\/www.24baires.com\/wp-content\/uploads\/2015\/05\/transporte-ctta.jpg?resize=300%2C199 300w\" sizes=\"auto, (max-width: 560px) 100vw, 560px\" \/>Ser\u00e1 la primera semana de junio y a\u00fan resta confirmar el d\u00eda exacto. Afectar\u00e1 a todas las ramas del transporte nucleados en la CATT y buscar\u00e1n, como se preve\u00eda, coordinarlo con las centrales obreras.<!--more--><\/p>\n<p>Los dirigentes de camioneros, maquinistas ferroviarios, dragado y balizamiento y colectiveros, entre otros, confirmaron tras la reuni\u00f3n en la sede de la CATT que llevar\u00e1n a cabo un paro de 24 horas la primera semana de junio. El plazo de tres semanas es una invitaci\u00f3n al Gobierno Nacional para destrabar las paritarias.<\/p>\n<p>La discusi\u00f3n gir\u00f3 en torno a si propondr\u00edan un paro nacional o no, y si ser\u00edan medidas escalonadas -por rubrosy ramas- o unificada. Finalmente, seg\u00fan advirti\u00f3 el titular del organiso y del sindicato de Dragado y Balizamiento, Juan Carlos Schmid, prim\u00f3 la idea de un paro conjunto para la primera semana de junio.<\/p>\n<p>Adem\u00e1s, convocar\u00e1n reuniones con las CGT y CTA para intentar que todos los trabajadores se sumen al reclamo. Habr\u00e1 que ver si adem\u00e1s de las probables sumatorias del moyanismo y las centrales opositoras, logran sumar a diferentes gremios de la CTA y CGT oficialistas molestos con los techos y dilaciones en las paritarias.<\/p>\n<p>Los principales reclamos de los sindicalistas pasan por el retraso en las discusiones salariales a partir de los topes aplicados -seg\u00fan ellos- por el Gobierno Nacional a los aumentos. Adem\u00e1s, cuestionan los anuncios \u00abfalsos\u00bb sobre Ganancias.<\/p>\n<p>&nbsp;<\/p>\n<p>&nbsp;<\/p>\n<p>&nbsp;<\/p>\n<p>&nbsp;<\/p>\n<p>&nbsp;<\/p>\n<p>&nbsp;<\/p>\n<p>&nbsp;<\/p>\n<p>&nbsp;<\/p>\n<p>&nbsp;<\/p>\n<p>&nbsp;<\/p>\n<p>&nbsp;<\/p>\n<p>&nbsp;<\/p>\n<p>&nbsp;<\/p>\n","protected":false},"excerpt":{"rendered":"<p>Ser\u00e1 la primera semana de junio y a\u00fan resta confirmar el d\u00eda exacto. Afectar\u00e1 a todas las ramas del transporte nucleados en la CATT y buscar\u00e1n, como se preve\u00eda, coordinarlo con las centrales obreras.<\/p>\n","protected":false},"author":8,"featured_media":0,"comment_status":"open","ping_status":"open","sticky":false,"template":"","format":"standard","meta":{"_jetpack_newsletter_access":"","_jetpack_dont_email_post_to_subs":false,"_jetpack_newsletter_tier_id":0,"_jetpack_memberships_contains_paywalled_content":false,"_jetpack_memberships_contains_paid_content":false,"footnotes":""},"categories":[51],"tags":[],"class_list":["post-65785","post","type-post","status-publish","format-standard","hentry","category-politica"],"jetpack_shortlink":"https:\/\/wp.me\/p2JWE0-h73","jetpack-related-posts":[{"id":65940,"url":"http:\/\/www.24baires.com\/?p=65940","url_meta":{"origin":65785,"position":0},"title":"Moyano se suma al anunciado paro de transporte","author":"GB","date":"14\/05\/2015","format":false,"excerpt":"La medida de fuerza de 24 horas se llevar\u00e1 a cabo la primera semana de junio. Los sindicatos pusieron un plazo de tres semanas como invitaci\u00f3n al Gobierno nacional para destrabar las paritarias. La CGT Azopardo que conduce Hugo Moyano se sum\u00f3 este jueves por la tarde al paro nacional\u2026","rel":"","context":"En \u00abPol\u00edtica\u00bb","block_context":{"text":"Pol\u00edtica","link":"http:\/\/www.24baires.com\/?cat=51"},"img":{"alt_text":"moyano massa","src":"https:\/\/i0.wp.com\/www.24baires.com\/wp-content\/uploads\/2013\/08\/moyano-massa.jpg?resize=350%2C200","width":350,"height":200,"srcset":"https:\/\/i0.wp.com\/www.24baires.com\/wp-content\/uploads\/2013\/08\/moyano-massa.jpg?resize=350%2C200 1x, https:\/\/i0.wp.com\/www.24baires.com\/wp-content\/uploads\/2013\/08\/moyano-massa.jpg?resize=525%2C300 1.5x"},"classes":[]},{"id":121284,"url":"http:\/\/www.24baires.com\/?p=121284","url_meta":{"origin":65785,"position":1},"title":"Anunciaron paro Nacional en el transporte el 6 de mayo","author":"GB","date":"02\/05\/2024","format":false,"excerpt":"La CATT convoc\u00f3 a una medida que se extender\u00e1 entre las 8 y las 11 de la ma\u00f1ana. Es en rechazo a la posible vuelta del impuesto a las Ganancias y a la Ley Bases. En medio de la aprobaci\u00f3n de la \u201cLey Bases\u201d en la C\u00e1mara de Diputados, los\u2026","rel":"","context":"En \u00abSindicales\u00bb","block_context":{"text":"Sindicales","link":"http:\/\/www.24baires.com\/?cat=326"},"img":{"alt_text":"","src":"https:\/\/i0.wp.com\/www.24baires.com\/wp-content\/uploads\/2017\/11\/aeropuerto.jpg?resize=350%2C200","width":350,"height":200,"srcset":"https:\/\/i0.wp.com\/www.24baires.com\/wp-content\/uploads\/2017\/11\/aeropuerto.jpg?resize=350%2C200 1x, https:\/\/i0.wp.com\/www.24baires.com\/wp-content\/uploads\/2017\/11\/aeropuerto.jpg?resize=525%2C300 1.5x, https:\/\/i0.wp.com\/www.24baires.com\/wp-content\/uploads\/2017\/11\/aeropuerto.jpg?resize=700%2C400 2x"},"classes":[]},{"id":66107,"url":"http:\/\/www.24baires.com\/?p=66107","url_meta":{"origin":65785,"position":2},"title":"El nuevo paro nacional del transporte ser\u00e1 el 9 de junio","author":"GB","date":"18\/05\/2015","format":false,"excerpt":"Lo adelant\u00f3 este lunes el secretario general del gremio de Dragado y Balizamiento, Juan Carlos Schmid. Se espera que se sumen a la medida de fuerza la CTA opositora, el resto de los gremios nucleados en la CGT de Moyano y agrupaciones de izquierda. El secretario general de la Confederaci\u00f3n\u2026","rel":"","context":"En \u00abSociedad\u00bb","block_context":{"text":"Sociedad","link":"http:\/\/www.24baires.com\/?cat=1"},"img":{"alt_text":"","src":"","width":0,"height":0},"classes":[]},{"id":61973,"url":"http:\/\/www.24baires.com\/?p=61973","url_meta":{"origin":65785,"position":3},"title":"Gremios de transporte anunciaron paro general para el 31 de marzo","author":"GB","date":"19\/02\/2015","format":false,"excerpt":"Veinticino gremios del transporte terrestre, a\u00e9reo y mar\u00edtimo, nucleados en la CATT, aprobaron un paro nacional de 24 horas para el 31 de marzo, en repudio a la falta de respuesta del Gobierno a sus demandas por el m\u00ednimo no imponible de Ganancias y por aumentos en salarios y jubilaciones.\u2026","rel":"","context":"En \u00abPol\u00edtica\u00bb","block_context":{"text":"Pol\u00edtica","link":"http:\/\/www.24baires.com\/?cat=51"},"img":{"alt_text":"colectivo tandil","src":"https:\/\/i0.wp.com\/www.24baires.com\/wp-content\/uploads\/2012\/12\/colectivo-tandil.jpg?resize=350%2C200","width":350,"height":200,"srcset":"https:\/\/i0.wp.com\/www.24baires.com\/wp-content\/uploads\/2012\/12\/colectivo-tandil.jpg?resize=350%2C200 1x, https:\/\/i0.wp.com\/www.24baires.com\/wp-content\/uploads\/2012\/12\/colectivo-tandil.jpg?resize=525%2C300 1.5x"},"classes":[]},{"id":102578,"url":"http:\/\/www.24baires.com\/?p=102578","url_meta":{"origin":65785,"position":4},"title":"El Gobierno convoc\u00f3 a la CGT","author":"AF","date":"06\/06\/2018","format":false,"excerpt":"En la v\u00edspera de la reuni\u00f3n de Consejo Directivo de la CGT en la que se espera la definici\u00f3n de la fecha de un paro general, el Gobierno convoc\u00f3 para ma\u00f1ana a las 11 a los triunviros de la central obrera a la Casa Rosada. El titular de la CATT\u2026","rel":"","context":"En \u00abSociedad\u00bb","block_context":{"text":"Sociedad","link":"http:\/\/www.24baires.com\/?cat=1"},"img":{"alt_text":"","src":"https:\/\/i0.wp.com\/www.24baires.com\/wp-content\/uploads\/2018\/04\/cgt.jpg?resize=350%2C200","width":350,"height":200,"srcset":"https:\/\/i0.wp.com\/www.24baires.com\/wp-content\/uploads\/2018\/04\/cgt.jpg?resize=350%2C200 1x, https:\/\/i0.wp.com\/www.24baires.com\/wp-content\/uploads\/2018\/04\/cgt.jpg?resize=525%2C300 1.5x"},"classes":[]},{"id":84895,"url":"http:\/\/www.24baires.com\/?p=84895","url_meta":{"origin":65785,"position":5},"title":"\u00abEl tiempo de pelear por lo que le est\u00e1n quitando a los trabajadores no est\u00e1 muy lejano\u00bb","author":"GB","date":"12\/07\/2016","format":false,"excerpt":"La CATT se reunir\u00e1 este mi\u00e9rcoles para definir un plan de lucha para hacer frente a los tarifazos dispuestos por el gobierno de Mauricio Macri. El titular de la CGT Azopardo, Hugo Moyano, advirti\u00f3 este martes que \"cuando salgamos a pelear por las reivindicaciones que les est\u00e1n quitando a los\u2026","rel":"","context":"En \u00abPol\u00edtica\u00bb","block_context":{"text":"Pol\u00edtica","link":"http:\/\/www.24baires.com\/?cat=51"},"img":{"alt_text":"Moyano","src":"https:\/\/i0.wp.com\/www.24baires.com\/wp-content\/uploads\/2013\/09\/Moyano.jpg?resize=350%2C200","width":350,"height":200},"classes":[]}],"jetpack_sharing_enabled":true,"jetpack_likes_enabled":true,"jetpack_featured_media_url":"","_links":{"self":[{"href":"http:\/\/www.24baires.com\/index.php?rest_route=\/wp\/v2\/posts\/65785","targetHints":{"allow":["GET"]}}],"collection":[{"href":"http:\/\/www.24baires.com\/index.php?rest_route=\/wp\/v2\/posts"}],"about":[{"href":"http:\/\/www.24baires.com\/index.php?rest_route=\/wp\/v2\/types\/post"}],"author":[{"embeddable":true,"href":"http:\/\/www.24baires.com\/index.php?rest_route=\/wp\/v2\/users\/8"}],"replies":[{"embeddable":true,"href":"http:\/\/www.24baires.com\/index.php?rest_route=%2Fwp%2Fv2%2Fcomments&post=65785"}],"version-history":[{"count":1,"href":"http:\/\/www.24baires.com\/index.php?rest_route=\/wp\/v2\/posts\/65785\/revisions"}],"predecessor-version":[{"id":65787,"href":"http:\/\/www.24baires.com\/index.php?rest_route=\/wp\/v2\/posts\/65785\/revisions\/65787"}],"wp:attachment":[{"href":"http:\/\/www.24baires.com\/index.php?rest_route=%2Fwp%2Fv2%2Fmedia&parent=65785"}],"wp:term":[{"taxonomy":"category","embeddable":true,"href":"http:\/\/www.24baires.com\/index.php?rest_route=%2Fwp%2Fv2%2Fcategories&post=65785"},{"taxonomy":"post_tag","embeddable":true,"href":"http:\/\/www.24baires.com\/index.php?rest_route=%2Fwp%2Fv2%2Ftags&post=65785"}],"curies":[{"name":"wp","href":"https:\/\/api.w.org\/{rel}","templated":true}]}}