{"id":65782,"date":"2015-05-12T16:30:44","date_gmt":"2015-05-12T19:30:44","guid":{"rendered":"http:\/\/www.24baires.com\/?p=65782"},"modified":"2015-05-12T16:30:44","modified_gmt":"2015-05-12T19:30:44","slug":"urribarri-se-bajo-de-la-carrera-presidencial","status":"publish","type":"post","link":"http:\/\/www.24baires.com\/?p=65782","title":{"rendered":"Urribarri se baj\u00f3 de la carrera presidencial"},"content":{"rendered":"<p><img data-recalc-dims=\"1\" loading=\"lazy\" decoding=\"async\" class=\"aligncenter size-full wp-image-50846\" src=\"https:\/\/i0.wp.com\/www.24baires.com\/wp-content\/uploads\/2014\/07\/urribarri.jpg?resize=560%2C315\" alt=\"urribarri\" width=\"560\" height=\"315\" srcset=\"https:\/\/i0.wp.com\/www.24baires.com\/wp-content\/uploads\/2014\/07\/urribarri.jpg?w=560 560w, https:\/\/i0.wp.com\/www.24baires.com\/wp-content\/uploads\/2014\/07\/urribarri.jpg?resize=300%2C168 300w\" sizes=\"auto, (max-width: 560px) 100vw, 560px\" \/>El gobernador de Entre R\u00edos declin\u00f3 su precandidatura presidencial por el Frente para la Victoria y afirm\u00f3 que seguir\u00e1 \u00abtrabajando desde el lugar en el que sea necesario\u201d para que el kirchnerismo triunfe en las pr\u00f3ximas elecciones nacionales.<!--more--><\/p>\n<p>A trav\u00e9s de una carta abierta difundida a los medios de comunicaci\u00f3n, Urribarri comunic\u00f3 su decisi\u00f3n de declinar a su precandidatura presidencial, destac\u00f3 la conducci\u00f3n pol\u00edtica de la presidenta Cristina Fern\u00e1ndez de Kirchner y ratific\u00f3 \u00absu compromiso para aportar al triunfo electoral\u00bb del oficialismo.<\/p>\n<p>&nbsp;<\/p>\n<p>&nbsp;<\/p>\n<p>&nbsp;<\/p>\n<p>&nbsp;<\/p>\n<p>&nbsp;<\/p>\n<p>&nbsp;<\/p>\n<p>&nbsp;<\/p>\n<p>&nbsp;<\/p>\n<p>&nbsp;<\/p>\n<p>&nbsp;<\/p>\n<p>&nbsp;<\/p>\n<p>&nbsp;<\/p>\n","protected":false},"excerpt":{"rendered":"<p>El gobernador de Entre R\u00edos declin\u00f3 su precandidatura presidencial por el Frente para la Victoria y afirm\u00f3 que seguir\u00e1 \u00abtrabajando desde el lugar en el que sea necesario\u201d para que el kirchnerismo triunfe en las pr\u00f3ximas elecciones nacionales.<\/p>\n","protected":false},"author":8,"featured_media":0,"comment_status":"open","ping_status":"open","sticky":false,"template":"","format":"standard","meta":{"_jetpack_newsletter_access":"","_jetpack_dont_email_post_to_subs":false,"_jetpack_newsletter_tier_id":0,"_jetpack_memberships_contains_paywalled_content":false,"_jetpack_memberships_contains_paid_content":false,"footnotes":""},"categories":[51],"tags":[],"class_list":["post-65782","post","type-post","status-publish","format-standard","hentry","category-politica"],"jetpack_shortlink":"https:\/\/wp.me\/p2JWE0-h70","jetpack-related-posts":[{"id":65891,"url":"http:\/\/www.24baires.com\/?p=65891","url_meta":{"origin":65782,"position":0},"title":"Rossi declin\u00f3 su precandidatura a Presidente","author":"GB","date":"14\/05\/2015","format":false,"excerpt":"El ministro de Defensa respondi\u00f3 al reclamo de la presidenta Cristina Kirchner y desisti\u00f3 de sus aspiraciones presidenciales. De a poco comienza a configurarse el escenario con el que el kirchnerismo llegar\u00e1 a las PASO. El puntapi\u00e9 inicial lo dio el gobernador de Entre R\u00edos, Sergio Urribarri, y lo siguieron\u2026","rel":"","context":"En \u00abElecciones 2015\u00bb","block_context":{"text":"Elecciones 2015","link":"http:\/\/www.24baires.com\/?cat=74"},"img":{"alt_text":"","src":"https:\/\/i0.wp.com\/www.24baires.com\/wp-content\/uploads\/2015\/05\/rossi-candidato.jpg?resize=350%2C200","width":350,"height":200,"srcset":"https:\/\/i0.wp.com\/www.24baires.com\/wp-content\/uploads\/2015\/05\/rossi-candidato.jpg?resize=350%2C200 1x, https:\/\/i0.wp.com\/www.24baires.com\/wp-content\/uploads\/2015\/05\/rossi-candidato.jpg?resize=525%2C300 1.5x"},"classes":[]},{"id":63549,"url":"http:\/\/www.24baires.com\/?p=63549","url_meta":{"origin":65782,"position":1},"title":"Urribarri pide p\u00fablicamente que Axel Kicillof sea su vice y lo llena de elogios","author":"GB","date":"25\/03\/2015","format":false,"excerpt":"El gobernador de Entre R\u00edos, que sostiene su precandidatura presidencial, hizo un llamado al Ministro de Econom\u00eda para ser la f\u00f3rmula que sea \"s\u00edntesis perfecta de estos 12 a\u00f1os de lucha, gesti\u00f3n y resultados concretos\". Tambi\u00e9n alab\u00f3 a De Vido. Uno de los precandidatos presidenciales del FPV afirm\u00f3 que quiere\u2026","rel":"","context":"En \u00abPol\u00edtica\u00bb","block_context":{"text":"Pol\u00edtica","link":"http:\/\/www.24baires.com\/?cat=51"},"img":{"alt_text":"","src":"https:\/\/i0.wp.com\/www.24baires.com\/wp-content\/uploads\/2015\/03\/urribarri-y-kicillof.jpg?resize=350%2C200","width":350,"height":200,"srcset":"https:\/\/i0.wp.com\/www.24baires.com\/wp-content\/uploads\/2015\/03\/urribarri-y-kicillof.jpg?resize=350%2C200 1x, https:\/\/i0.wp.com\/www.24baires.com\/wp-content\/uploads\/2015\/03\/urribarri-y-kicillof.jpg?resize=525%2C300 1.5x"},"classes":[]},{"id":55643,"url":"http:\/\/www.24baires.com\/?p=55643","url_meta":{"origin":65782,"position":2},"title":"\u00abLa oposici\u00f3n es un frente derogador encabezado por Massa y Sanz\u00bb","author":"AF","date":"19\/10\/2014","format":false,"excerpt":"El gobernador de Entre R\u00edos, Sergio Urribarri, asegur\u00f3 sentir \u201cpena\u201d por la iniciativa de los partidos opositores que plantearon que, en caso de ganar las elecciones de 2015, derogar\u00e1n las leyes aprobadas por el Congreso desde 2003, al mismo tiempo que los calific\u00f3 como \u201cun frente derogador\u201d encabezado por Sergio\u2026","rel":"","context":"En \u00abPol\u00edtica\u00bb","block_context":{"text":"Pol\u00edtica","link":"http:\/\/www.24baires.com\/?cat=51"},"img":{"alt_text":"urribarri","src":"https:\/\/i0.wp.com\/www.24baires.com\/wp-content\/uploads\/2014\/07\/urribarri.jpg?resize=350%2C200","width":350,"height":200,"srcset":"https:\/\/i0.wp.com\/www.24baires.com\/wp-content\/uploads\/2014\/07\/urribarri.jpg?resize=350%2C200 1x, https:\/\/i0.wp.com\/www.24baires.com\/wp-content\/uploads\/2014\/07\/urribarri.jpg?resize=525%2C300 1.5x"},"classes":[]},{"id":58265,"url":"http:\/\/www.24baires.com\/?p=58265","url_meta":{"origin":65782,"position":3},"title":"Una encuesta pone al Frente para la Victoria como ganador en 2015","author":"GB","date":"07\/12\/2014","format":false,"excerpt":"El estudio hecho por la consultora Rouvier y Asociados, coloca al Frente para la Victoria primero con una intenci\u00f3n de voto del 32,6%. Cristina, con m\u00e1s del 50% de imagen positiva. Una encuesta realizada por la consultora Rouvier y Asociados, coloca al Frente para la Victoria como la fuerza pol\u00edtica\u2026","rel":"","context":"En \u00abElecciones 2015\u00bb","block_context":{"text":"Elecciones 2015","link":"http:\/\/www.24baires.com\/?cat=74"},"img":{"alt_text":"cristina churruca","src":"https:\/\/i0.wp.com\/www.24baires.com\/wp-content\/uploads\/2013\/06\/cristina-churruca.jpg?resize=350%2C200","width":350,"height":200,"srcset":"https:\/\/i0.wp.com\/www.24baires.com\/wp-content\/uploads\/2013\/06\/cristina-churruca.jpg?resize=350%2C200 1x, https:\/\/i0.wp.com\/www.24baires.com\/wp-content\/uploads\/2013\/06\/cristina-churruca.jpg?resize=525%2C300 1.5x"},"classes":[]},{"id":108334,"url":"http:\/\/www.24baires.com\/?p=108334","url_meta":{"origin":65782,"position":4},"title":"Lavagna: \u00abNi Cristina ni cambiemos\u00bb","author":"AF","date":"22\/05\/2019","format":false,"excerpt":"\"Recibimos a los radicales que no se sientan representados por el PRO\", sostuvo por C5N el candidato presidencial por Consenso 19, quien remarc\u00f3 que el kirchnerismo \"no puede recibir nada de nosotros\". El ex ministro de Econom\u00eda Roberto Lavagna ratific\u00f3 este mi\u00e9rcoles por la tarde su precandidatura presidencial por Consenso\u2026","rel":"","context":"En \u00abPol\u00edtica\u00bb","block_context":{"text":"Pol\u00edtica","link":"http:\/\/www.24baires.com\/?cat=51"},"img":{"alt_text":"","src":"https:\/\/i0.wp.com\/www.24baires.com\/wp-content\/uploads\/2013\/12\/lavagna-solo.jpg?resize=350%2C200","width":350,"height":200,"srcset":"https:\/\/i0.wp.com\/www.24baires.com\/wp-content\/uploads\/2013\/12\/lavagna-solo.jpg?resize=350%2C200 1x, https:\/\/i0.wp.com\/www.24baires.com\/wp-content\/uploads\/2013\/12\/lavagna-solo.jpg?resize=525%2C300 1.5x"},"classes":[]},{"id":67737,"url":"http:\/\/www.24baires.com\/?p=67737","url_meta":{"origin":65782,"position":5},"title":"Randazzo declin\u00f3 su candidatura presidencial y no acept\u00f3 postularse a Gobernador","author":"AF","date":"18\/06\/2015","format":false,"excerpt":"El jefe de prensa del Ministerio del Interior y Transporte, Juan Manuel Bel\u00e9n, asegur\u00f3 que el funcionario \"cumpli\u00f3 con su palabra. Siempre dijo: candidato a presidente o nada\". El ministro del Interior y Transporte, Florencio Randazzo, acompa\u00f1ar\u00e1 a la presidenta Cristina Fern\u00e1ndez de Kirchner \"hasta diciembre, como corresponde\", luego de\u2026","rel":"","context":"En \u00abElecciones 2015\u00bb","block_context":{"text":"Elecciones 2015","link":"http:\/\/www.24baires.com\/?cat=74"},"img":{"alt_text":"randazzo trenes\u00e7","src":"https:\/\/i0.wp.com\/www.24baires.com\/wp-content\/uploads\/2013\/11\/randazzo-trenes%C3%A7.jpg?resize=350%2C200","width":350,"height":200,"srcset":"https:\/\/i0.wp.com\/www.24baires.com\/wp-content\/uploads\/2013\/11\/randazzo-trenes%C3%A7.jpg?resize=350%2C200 1x, https:\/\/i0.wp.com\/www.24baires.com\/wp-content\/uploads\/2013\/11\/randazzo-trenes%C3%A7.jpg?resize=525%2C300 1.5x"},"classes":[]}],"jetpack_sharing_enabled":true,"jetpack_likes_enabled":true,"jetpack_featured_media_url":"","_links":{"self":[{"href":"http:\/\/www.24baires.com\/index.php?rest_route=\/wp\/v2\/posts\/65782","targetHints":{"allow":["GET"]}}],"collection":[{"href":"http:\/\/www.24baires.com\/index.php?rest_route=\/wp\/v2\/posts"}],"about":[{"href":"http:\/\/www.24baires.com\/index.php?rest_route=\/wp\/v2\/types\/post"}],"author":[{"embeddable":true,"href":"http:\/\/www.24baires.com\/index.php?rest_route=\/wp\/v2\/users\/8"}],"replies":[{"embeddable":true,"href":"http:\/\/www.24baires.com\/index.php?rest_route=%2Fwp%2Fv2%2Fcomments&post=65782"}],"version-history":[{"count":1,"href":"http:\/\/www.24baires.com\/index.php?rest_route=\/wp\/v2\/posts\/65782\/revisions"}],"predecessor-version":[{"id":65783,"href":"http:\/\/www.24baires.com\/index.php?rest_route=\/wp\/v2\/posts\/65782\/revisions\/65783"}],"wp:attachment":[{"href":"http:\/\/www.24baires.com\/index.php?rest_route=%2Fwp%2Fv2%2Fmedia&parent=65782"}],"wp:term":[{"taxonomy":"category","embeddable":true,"href":"http:\/\/www.24baires.com\/index.php?rest_route=%2Fwp%2Fv2%2Fcategories&post=65782"},{"taxonomy":"post_tag","embeddable":true,"href":"http:\/\/www.24baires.com\/index.php?rest_route=%2Fwp%2Fv2%2Ftags&post=65782"}],"curies":[{"name":"wp","href":"https:\/\/api.w.org\/{rel}","templated":true}]}}